{"id":12175,"date":"2021-02-08T11:31:53","date_gmt":"2021-02-08T11:31:53","guid":{"rendered":"https:\/\/www.trendencias.com\/belleza\/mercadona-nos-propone-piel-radiante-su-ultimo-lanzamiento-tratamiento-intensivo-potenciador-vitamina-c-para-noche"},"modified":"2021-02-08T11:31:53","modified_gmt":"2021-02-08T11:31:53","slug":"mercadona-nos-propone-una-piel-mas-radiante-con-su-ultimo-lanzamiento-un-tratamiento-intensivo-potenciador-de-la-vitamina-c-para-la-noche","status":"publish","type":"post","link":"http:\/\/hoycordobaweb.com\/index.php\/2021\/02\/08\/mercadona-nos-propone-una-piel-mas-radiante-con-su-ultimo-lanzamiento-un-tratamiento-intensivo-potenciador-de-la-vitamina-c-para-la-noche\/","title":{"rendered":"Mercadona nos propone una piel m\u00e1s radiante con su \u00faltimo lanzamiento: un tratamiento intensivo potenciador de la Vitamina C para la noche"},"content":{"rendered":"<p>Hay que reconocer que <a href=\"https:\/\/www.trendencias.com\/belleza\/nuevo-exito-a-vista-mercadona-lanza-nueva-mascarilla-facial-arcilla-verde-que-venden-3-000-unidades-al-dia\">Mercadona<\/a> lo est\u00e1 haciendo realmente bien en su secci\u00f3n de perfumer\u00eda con los lanzamientos que est\u00e1 sumando \u00faltimamente. Y es que la cadena de supermercados est\u00e1 creando un buen cat\u00e1logo de productos y cosm\u00e9ticos de cuidado de la piel incluyendo ingredientes que son pura tendencia como <a href=\"https:\/\/www.trendencias.com\/belleza\/nuevo-serum-retinol-mercadona-cuesta-6-euros-esta-llamado-a-convertirse-su-nuevo-cosmetico-estrella\">el retinol <\/a>o, ahora, la <strong>Vitamina C<\/strong>.<\/p>\n<p><!-- BREAK 1 --><\/p>\n<p>De hecho, concretamente, el lanzamiento que nos llega ahora y creado por los <strong>laboratorios <\/strong><a href=\"https:\/\/www.rnbcosmeticos.com\/\">RNB<\/a>, que son los encargados de elaborar todos estos productos, es un <strong>Potenciador Vitamina C 20%<\/strong>, un tratamiento intensivo capaz de combatir el estr\u00e9s oxidativo y evitar el envejecimiento prematuro de nuestra piel.<\/p>\n<p><!-- BREAK 2 --> <\/p>\n<div class=\"article-asset article-asset-normal article-asset-center\">\n<div class=\"desvio-container\">\n<div class=\"desvio\">\n<div class=\"desvio-figure js-desvio-figure\"> <a href=\"https:\/\/www.trendencias.com\/belleza\/nuevo-serum-retinol-mercadona-cuesta-6-euros-esta-llamado-a-convertirse-su-nuevo-cosmetico-estrella\"> <img alt=\"El nuevo s\u00e9rum de retinol de Mercadona cuesta menos de 6 euros y est\u00e1 llamado a convertirse su nuevo cosm\u00e9tico estrella \" src=\"http:\/\/hoycordobaweb.com\/wp-content\/uploads\/2021\/02\/mercadona-nos-propone-una-piel-mas-radiante-con-su-ultimo-lanzamiento-un-tratamiento-intensivo-potenciador-de-la-vitamina-c-para-la-noche.jpg\"> <\/a> <\/div><\/div><\/div>\n<\/div>\n<div class=\"article-asset-image article-asset-normal article-asset-center\">\n<div class=\"asset-content\"> <img class=\"sf-lazy centro_sinmarco\" data-sf-srcset=\"http:\/\/hoycordobaweb.com\/wp-content\/uploads\/2021\/02\/mercadona-nos-propone-una-piel-mas-radiante-con-su-ultimo-lanzamiento-un-tratamiento-intensivo-potenciador-de-la-vitamina-c-para-la-noche-1.jpg 450w, http:\/\/hoycordobaweb.com\/wp-content\/uploads\/2021\/02\/mercadona-nos-propone-una-piel-mas-radiante-con-su-ultimo-lanzamiento-un-tratamiento-intensivo-potenciador-de-la-vitamina-c-para-la-noche-7.jpg 681w,http:\/\/hoycordobaweb.com\/wp-content\/uploads\/2021\/02\/mercadona-nos-propone-una-piel-mas-radiante-con-su-ultimo-lanzamiento-un-tratamiento-intensivo-potenciador-de-la-vitamina-c-para-la-noche-8.jpg 1024w, http:\/\/hoycordobaweb.com\/wp-content\/uploads\/2021\/02\/mercadona-nos-propone-una-piel-mas-radiante-con-su-ultimo-lanzamiento-un-tratamiento-intensivo-potenciador-de-la-vitamina-c-para-la-noche-9.jpg 1366w,\" data-sf-src=\"http:\/\/hoycordobaweb.com\/wp-content\/uploads\/2021\/02\/mercadona-nos-propone-una-piel-mas-radiante-con-su-ultimo-lanzamiento-un-tratamiento-intensivo-potenciador-de-la-vitamina-c-para-la-noche-1.jpg\" alt=\"Potenciador Vitamina C Mercadona 5\"> <noscript><img alt=\"Potenciador Vitamina C Mercadona 5\" class=\"centro_sinmarco\" src=\"http:\/\/hoycordobaweb.com\/wp-content\/uploads\/2021\/02\/mercadona-nos-propone-una-piel-mas-radiante-con-su-ultimo-lanzamiento-un-tratamiento-intensivo-potenciador-de-la-vitamina-c-para-la-noche-1.jpg\"><\/noscript> <\/div>\n<\/div>\n<p>Como ya sabemos, <a href=\"https:\/\/www.trendencias.com\/belleza\/17-productos-vitamina-c-que-te-ayudaran-a-devolver-luminosidad-a-tu-rostro-mejorar-manchas\">la vitamina C <\/a>es un poderoso antioxidante que ayuda a detener el da\u00f1o causado por los radicales libres. Pero tambi\u00e9n es cierto que no todas las pieles la toleran y plantea problemas de penetraci\u00f3n, adem\u00e1s de que su estabilidad pod\u00eda verse comprometida por la exposici\u00f3n al aire, el calor y la luz.<\/p>\n<p><!-- BREAK 3 --><\/p>\n<p>Pues bien, para hacer frente a todo ello, desde &nbsp;los laboratorios de RNB han desarrollado una formulaci\u00f3n que cuenta con nuevas formas de esta vitamina, as\u00ed como <strong>una innovadora tecnolog\u00eda de encapsulaci\u00f3n,<\/strong> de manera que pueda ser usada por todo tipo de pieles (excepto las sensibles, como es habitual) para conseguir una<strong> piel m\u00e1s radiante<\/strong> gracias a su combinaci\u00f3n de de tres derivados estables:<strong> \u00e1cido asc\u00f3rbico, ascorbil gluc\u00f3sido y etil.<\/strong><\/p>\n<p><!-- BREAK 4 --><\/p>\n<div class=\"article-asset article-asset-normal article-asset-center\">\n<div class=\"desvio-container\">\n<div class=\"desvio\">\n<div class=\"desvio-figure js-desvio-figure\"> <a href=\"https:\/\/www.trendencias.com\/belleza\/ampollas-anti-rojeces-mercadona-se-convierten-nuevo-top-ventas-ideales-para-tratar-piel-sensible-tiempos-mascarillas\"> <img alt=\"Las ampollas anti-rojeces de Mercadona se convierten en el nuevo top ventas y son ideales para tratar la piel sensible en tiempos de mascarillas\" src=\"http:\/\/hoycordobaweb.com\/wp-content\/uploads\/2021\/02\/mercadona-nos-propone-una-piel-mas-radiante-con-su-ultimo-lanzamiento-un-tratamiento-intensivo-potenciador-de-la-vitamina-c-para-la-noche-2.jpg\"> <\/a> <\/div><\/div><\/div>\n<\/div>\n<div class=\"article-asset-image article-asset-normal article-asset-center\">\n<div class=\"asset-content\"> <img class=\"sf-lazy centro_sinmarco\" data-sf-srcset=\"http:\/\/hoycordobaweb.com\/wp-content\/uploads\/2021\/02\/mercadona-nos-propone-una-piel-mas-radiante-con-su-ultimo-lanzamiento-un-tratamiento-intensivo-potenciador-de-la-vitamina-c-para-la-noche-3.jpg 450w, http:\/\/hoycordobaweb.com\/wp-content\/uploads\/2021\/02\/mercadona-nos-propone-una-piel-mas-radiante-con-su-ultimo-lanzamiento-un-tratamiento-intensivo-potenciador-de-la-vitamina-c-para-la-noche-10.jpg 681w,http:\/\/hoycordobaweb.com\/wp-content\/uploads\/2021\/02\/mercadona-nos-propone-una-piel-mas-radiante-con-su-ultimo-lanzamiento-un-tratamiento-intensivo-potenciador-de-la-vitamina-c-para-la-noche-11.jpg 1024w, http:\/\/hoycordobaweb.com\/wp-content\/uploads\/2021\/02\/mercadona-nos-propone-una-piel-mas-radiante-con-su-ultimo-lanzamiento-un-tratamiento-intensivo-potenciador-de-la-vitamina-c-para-la-noche-12.jpg 1366w,\" data-sf-src=\"http:\/\/hoycordobaweb.com\/wp-content\/uploads\/2021\/02\/mercadona-nos-propone-una-piel-mas-radiante-con-su-ultimo-lanzamiento-un-tratamiento-intensivo-potenciador-de-la-vitamina-c-para-la-noche-3.jpg\" alt=\"Potenciador Vitamina C Mercadona 1\"> <noscript><img alt=\"Potenciador Vitamina C Mercadona 1\" class=\"centro_sinmarco\" src=\"http:\/\/hoycordobaweb.com\/wp-content\/uploads\/2021\/02\/mercadona-nos-propone-una-piel-mas-radiante-con-su-ultimo-lanzamiento-un-tratamiento-intensivo-potenciador-de-la-vitamina-c-para-la-noche-3.jpg\"><\/noscript> <\/div>\n<\/div>\n<p>Concretamente, seg\u00fan nos informan desde los laboratorios, el<strong> \u00e1cido asc\u00f3rbico<\/strong> es el encargado de conseguir un efecto flash inmediato de<br \/>luminosidad; mientras que <strong>el ascorbil gluc\u00f3sido<\/strong> tiene propiedades antiedad; y el <strong>etil <\/strong>despigmentantes y antiedad. Los tres juntos, estimulan la s\u00edntesis de col\u00e1geno en las capas m\u00e1s profundas de la piel, lo que se traduce en poner freno a las consecuencias de estos radicales libres.<\/p>\n<p><!-- BREAK 5 --><\/p>\n<p>Pero es que adem\u00e1s, contiene<strong> extracto de regaliz, \u00e1cido fer\u00falico as\u00ed como &nbsp;ergotine\u00edna, <\/strong>que tienen propiedades <strong>antioxidantes y calmantes.<\/strong> Muy interesante.<\/p>\n<p><!-- BREAK 6 --><\/p>\n<p>En cuanto a la <strong>aplicaci\u00f3n<\/strong>, ya en la caja podemos ver una luna, lo que supone que <strong>se recomienda hacerlo por las noches<\/strong> ya que tiene como objetivo de aprovechar el momento del sue\u00f1o para la reparaci\u00f3n, detoxificaci\u00f3n y producci\u00f3n de energ\u00eda de la dermis.<\/p>\n<p><!-- BREAK 7 --><\/p>\n<div class=\"article-asset article-asset-normal article-asset-center\">\n<div class=\"desvio-container\">\n<div class=\"desvio\">\n<div class=\"desvio-figure js-desvio-figure\"> <a href=\"https:\/\/www.trendencias.com\/belleza\/hemos-probado-nuevas-ampollas-proteoglicanos-mercadona-resultados-bastante-inesperados-para-pieles-secas\"> <img alt=\"Hemos probado las nuevas ampollas con proteoglicanos de Mercadona con resultados bastante inesperados para las pieles secas \" src=\"http:\/\/hoycordobaweb.com\/wp-content\/uploads\/2021\/02\/mercadona-nos-propone-una-piel-mas-radiante-con-su-ultimo-lanzamiento-un-tratamiento-intensivo-potenciador-de-la-vitamina-c-para-la-noche-4.jpg\"> <\/a> <\/div><\/div><\/div>\n<\/div>\n<div class=\"article-asset-image article-asset-normal article-asset-center\">\n<div class=\"asset-content\"> <img class=\"sf-lazy centro_sinmarco\" data-sf-srcset=\"http:\/\/hoycordobaweb.com\/wp-content\/uploads\/2021\/02\/mercadona-nos-propone-una-piel-mas-radiante-con-su-ultimo-lanzamiento-un-tratamiento-intensivo-potenciador-de-la-vitamina-c-para-la-noche-5.jpg 450w, http:\/\/hoycordobaweb.com\/wp-content\/uploads\/2021\/02\/mercadona-nos-propone-una-piel-mas-radiante-con-su-ultimo-lanzamiento-un-tratamiento-intensivo-potenciador-de-la-vitamina-c-para-la-noche-13.jpg 681w,http:\/\/hoycordobaweb.com\/wp-content\/uploads\/2021\/02\/mercadona-nos-propone-una-piel-mas-radiante-con-su-ultimo-lanzamiento-un-tratamiento-intensivo-potenciador-de-la-vitamina-c-para-la-noche-14.jpg 1024w, http:\/\/hoycordobaweb.com\/wp-content\/uploads\/2021\/02\/mercadona-nos-propone-una-piel-mas-radiante-con-su-ultimo-lanzamiento-un-tratamiento-intensivo-potenciador-de-la-vitamina-c-para-la-noche-15.jpg 1366w,\" data-sf-src=\"http:\/\/hoycordobaweb.com\/wp-content\/uploads\/2021\/02\/mercadona-nos-propone-una-piel-mas-radiante-con-su-ultimo-lanzamiento-un-tratamiento-intensivo-potenciador-de-la-vitamina-c-para-la-noche-5.jpg\" alt=\"Potenciador Vitamina C Mercadona 4\"> <noscript><img alt=\"Potenciador Vitamina C Mercadona 4\" class=\"centro_sinmarco\" src=\"http:\/\/hoycordobaweb.com\/wp-content\/uploads\/2021\/02\/mercadona-nos-propone-una-piel-mas-radiante-con-su-ultimo-lanzamiento-un-tratamiento-intensivo-potenciador-de-la-vitamina-c-para-la-noche-5.jpg\"><\/noscript> <\/div>\n<\/div>\n<p>Por lo que se refiere a la presentaci\u00f3n, viene en<strong> cajas con cinco peque\u00f1os viales con dosificador de gotero,<\/strong> para facilitar la aplicaci\u00f3n y conservaci\u00f3n del producto. Adem\u00e1s, como no pod\u00eda ser de otra manera, el precio es s\u00faper ajustado ya que <strong>solo cuesta 6 euros en Mercadona.<\/strong><\/p>\n<p><!-- BREAK 8 --><\/p>\n<p>Nos parece un producto muy interesante para<a href=\"https:\/\/www.trendencias.com\/belleza\/tonico-serum-crema-te-contamos-como-hacer-rutina-perfecta-belleza\"> incorporar a la rutina <\/a>de noche, sobre todo para todas las que tenemos la piel apagada y buscamos siempre ese chute <em>glow<\/em>. Vamos, que yo misma no descarto para nada acercarme a mi s\u00faper m\u00e1s cercano y probarlo ya que <a href=\"https:\/\/www.trendencias.com\/belleza\/hemos-probado-nuevas-ampollas-proteoglicanos-mercadona-resultados-bastante-inesperados-para-pieles-secas\">los \u00faltimos productos que he probado, realmente me han sorprendido.<\/a><\/p>\n<p><!-- BREAK 9 --><\/p>\n<p>Fotos | Mercadona<\/p>\n","protected":false},"excerpt":{"rendered":"<p>Hay que reconocer que Mercadona lo est\u00e1 haciendo realmente bien en su secci\u00f3n de perfumer\u00eda con los lanzamientos que est\u00e1 sumando \u00faltimamente. Y es que la cadena de supermercados est\u00e1 creando un buen cat\u00e1logo de productos y cosm\u00e9ticos de cuidado de la piel incluyendo ingredientes que son pura tendencia como el retinol o, ahora, la [&hellip;]<\/p>\n","protected":false},"author":1,"featured_media":12176,"comment_status":"closed","ping_status":"closed","sticky":false,"template":"","format":"standard","meta":[],"categories":[1],"tags":[],"_links":{"self":[{"href":"http:\/\/hoycordobaweb.com\/index.php\/wp-json\/wp\/v2\/posts\/12175"}],"collection":[{"href":"http:\/\/hoycordobaweb.com\/index.php\/wp-json\/wp\/v2\/posts"}],"about":[{"href":"http:\/\/hoycordobaweb.com\/index.php\/wp-json\/wp\/v2\/types\/post"}],"author":[{"embeddable":true,"href":"http:\/\/hoycordobaweb.com\/index.php\/wp-json\/wp\/v2\/users\/1"}],"replies":[{"embeddable":true,"href":"http:\/\/hoycordobaweb.com\/index.php\/wp-json\/wp\/v2\/comments?post=12175"}],"version-history":[{"count":0,"href":"http:\/\/hoycordobaweb.com\/index.php\/wp-json\/wp\/v2\/posts\/12175\/revisions"}],"wp:featuredmedia":[{"embeddable":true,"href":"http:\/\/hoycordobaweb.com\/index.php\/wp-json\/wp\/v2\/media\/12176"}],"wp:attachment":[{"href":"http:\/\/hoycordobaweb.com\/index.php\/wp-json\/wp\/v2\/media?parent=12175"}],"wp:term":[{"taxonomy":"category","embeddable":true,"href":"http:\/\/hoycordobaweb.com\/index.php\/wp-json\/wp\/v2\/categories?post=12175"},{"taxonomy":"post_tag","embeddable":true,"href":"http:\/\/hoycordobaweb.com\/index.php\/wp-json\/wp\/v2\/tags?post=12175"}],"curies":[{"name":"wp","href":"https:\/\/api.w.org\/{rel}","templated":true}]}}