{"id":12173,"date":"2021-02-08T12:01:53","date_gmt":"2021-02-08T12:01:53","guid":{"rendered":"https:\/\/www.trendencias.com\/marcas\/zara-celebra-san-valentin-coleccion-color-rojo-capaz-levantar-muchas-pasiones"},"modified":"2021-02-08T12:01:53","modified_gmt":"2021-02-08T12:01:53","slug":"zara-celebra-san-valentin-con-una-coleccion-de-color-rojo-capaz-de-levantar-muchas-pasiones","status":"publish","type":"post","link":"http:\/\/hoycordobaweb.com\/index.php\/2021\/02\/08\/zara-celebra-san-valentin-con-una-coleccion-de-color-rojo-capaz-de-levantar-muchas-pasiones\/","title":{"rendered":"Zara celebra San Valent\u00edn con una colecci\u00f3n de color rojo capaz de levantar muchas pasiones"},"content":{"rendered":"<p><em>Love is in the air<\/em> y <strong>Zara<\/strong> lo sabe. Con <a href=\"https:\/\/www.trendencias.com\/shopping\/29-regalos-san-valentin-para-hombre-que-triunfar-independientemente-presupuesto-muchos-estan-rebajas\">San Valent\u00edn a la vuelta de la esquina<\/a>, la firma espa\u00f1ola acaba de <a href=\"https:\/\/www.trendencias.com\/belleza\/34-manicuras-corazones-que-hemos-fichado-este-mes-para-inspirar-nuestras-unas-san-valentin\">lanzar una colecci\u00f3n c\u00e1psula<\/a> que <strong>va enamorar a m\u00e1s de una<\/strong> -incluso a las m\u00e1s esc\u00e9pticas-. <a href=\"https:\/\/www.trendencias.com\/marcas\/coleccion-san-valentin-mr-wonderful-viene-cargada-regalos-originales-adaptados-al-momento-actual\">Con el color rojo como protagonista<\/a> y el sat\u00e9n como acompa\u00f1ante, estas nuevas propuestas <strong>se visten con un toque sexy<\/strong> capaz de hacer subir la temperatura&#8230; de manera literal.&nbsp;<\/p>\n<p><!-- BREAK 1 --><\/p>\n<div class=\"article-asset article-asset-normal article-asset-center\">\n<div class=\"desvio-container\">\n<div class=\"desvio\">\n<div class=\"desvio-figure js-desvio-figure\"> <a href=\"https:\/\/www.trendencias.com\/marcas\/zara-quiere-que-dias-primavera-se-vistan-color-rosa\"> <img alt=\"Zara quiere que los d\u00edas de primavera se vistan de color rosa\" src=\"http:\/\/hoycordobaweb.com\/wp-content\/uploads\/2021\/02\/zara-celebra-san-valentin-con-una-coleccion-de-color-rojo-capaz-de-levantar-muchas-pasiones.jpg\"> <\/a> <\/div>\n<div class=\"desvio-summary\">\n<div class=\"desvio-taxonomy js-desvio-taxonomy\"> <a href=\"https:\/\/www.trendencias.com\/marcas\/zara-quiere-que-dias-primavera-se-vistan-color-rosa\" class=\"desvio-taxonomy-anchor\">En Trendencias<\/a> <\/div>\n<p> <a href=\"https:\/\/www.trendencias.com\/marcas\/zara-quiere-que-dias-primavera-se-vistan-color-rosa\" class=\"desvio-title js-desvio-title\">Zara quiere que los d\u00edas de primavera se vistan de color rosa<\/a> <\/div><\/div><\/div>\n<\/div>\n<h2>Levantando pasiones con nuestro estilismo<\/h2>\n<p>A modo de minivestido con la espalda descubierta, de un <em>cropped<\/em> top a tiras (muy parecido a una propuesta que ya lanz\u00f3 en su d\u00eda Alexander Wang) o de pantalones anchos de tiro bajo, nuestro armario podr\u00eda vestirse con propuestas donde el <em>total look<\/em> rojo es el centro de atenci\u00f3n.&nbsp;<\/p>\n<p><!-- BREAK 2 --> <\/p>\n<div class=\"article-asset-image article-asset-normal article-asset-center\">\n<div class=\"asset-content\"> <img class=\"sf-lazy centro_sinmarco\" data-sf-srcset=\"http:\/\/hoycordobaweb.com\/wp-content\/uploads\/2021\/02\/zara-celebra-san-valentin-con-una-coleccion-de-color-rojo-capaz-de-levantar-muchas-pasiones-1.jpg 450w, http:\/\/hoycordobaweb.com\/wp-content\/uploads\/2021\/02\/zara-celebra-san-valentin-con-una-coleccion-de-color-rojo-capaz-de-levantar-muchas-pasiones-8.jpg 681w,http:\/\/hoycordobaweb.com\/wp-content\/uploads\/2021\/02\/zara-celebra-san-valentin-con-una-coleccion-de-color-rojo-capaz-de-levantar-muchas-pasiones-9.jpg 1024w, http:\/\/hoycordobaweb.com\/wp-content\/uploads\/2021\/02\/zara-celebra-san-valentin-con-una-coleccion-de-color-rojo-capaz-de-levantar-muchas-pasiones-10.jpg 1366w,\" data-sf-src=\"http:\/\/hoycordobaweb.com\/wp-content\/uploads\/2021\/02\/zara-celebra-san-valentin-con-una-coleccion-de-color-rojo-capaz-de-levantar-muchas-pasiones-1.jpg\" alt=\"San Valentin 2021 Zara 05\"> <noscript><img alt=\"San Valentin 2021 Zara 05\" class=\"centro_sinmarco\" src=\"http:\/\/hoycordobaweb.com\/wp-content\/uploads\/2021\/02\/zara-celebra-san-valentin-con-una-coleccion-de-color-rojo-capaz-de-levantar-muchas-pasiones-1.jpg\"><\/noscript> <\/div>\n<\/div>\n<div class=\"article-asset-image article-asset-normal article-asset-center\">\n<div class=\"asset-content\"> <img class=\"sf-lazy centro_sinmarco\" data-sf-srcset=\"http:\/\/hoycordobaweb.com\/wp-content\/uploads\/2021\/02\/zara-celebra-san-valentin-con-una-coleccion-de-color-rojo-capaz-de-levantar-muchas-pasiones-2.jpg 450w, http:\/\/hoycordobaweb.com\/wp-content\/uploads\/2021\/02\/zara-celebra-san-valentin-con-una-coleccion-de-color-rojo-capaz-de-levantar-muchas-pasiones-11.jpg 681w,http:\/\/hoycordobaweb.com\/wp-content\/uploads\/2021\/02\/zara-celebra-san-valentin-con-una-coleccion-de-color-rojo-capaz-de-levantar-muchas-pasiones-12.jpg 1024w, http:\/\/hoycordobaweb.com\/wp-content\/uploads\/2021\/02\/zara-celebra-san-valentin-con-una-coleccion-de-color-rojo-capaz-de-levantar-muchas-pasiones-13.jpg 1366w,\" data-sf-src=\"http:\/\/hoycordobaweb.com\/wp-content\/uploads\/2021\/02\/zara-celebra-san-valentin-con-una-coleccion-de-color-rojo-capaz-de-levantar-muchas-pasiones-2.jpg\" alt=\"San Valentin 2021 Zara 06\"> <noscript><img alt=\"San Valentin 2021 Zara 06\" class=\"centro_sinmarco\" src=\"http:\/\/hoycordobaweb.com\/wp-content\/uploads\/2021\/02\/zara-celebra-san-valentin-con-una-coleccion-de-color-rojo-capaz-de-levantar-muchas-pasiones-2.jpg\"><\/noscript> <\/div>\n<\/div>\n<p>Adem\u00e1s, otros dise\u00f1os cl\u00e1sicos pero rompedores como un abrigo largo de l\u00edneas rectas gana fuerza al presentarse en este color tan llamativo.&nbsp;<\/p>\n<p><!-- BREAK 3 --><\/p>\n<div class=\"article-asset-image article-asset-normal article-asset-center\">\n<div class=\"asset-content\"> <img class=\"sf-lazy centro_sinmarco\" data-sf-srcset=\"http:\/\/hoycordobaweb.com\/wp-content\/uploads\/2021\/02\/zara-celebra-san-valentin-con-una-coleccion-de-color-rojo-capaz-de-levantar-muchas-pasiones-3.jpg 450w, http:\/\/hoycordobaweb.com\/wp-content\/uploads\/2021\/02\/zara-celebra-san-valentin-con-una-coleccion-de-color-rojo-capaz-de-levantar-muchas-pasiones-14.jpg 681w,http:\/\/hoycordobaweb.com\/wp-content\/uploads\/2021\/02\/zara-celebra-san-valentin-con-una-coleccion-de-color-rojo-capaz-de-levantar-muchas-pasiones-15.jpg 1024w, http:\/\/hoycordobaweb.com\/wp-content\/uploads\/2021\/02\/zara-celebra-san-valentin-con-una-coleccion-de-color-rojo-capaz-de-levantar-muchas-pasiones-16.jpg 1366w,\" data-sf-src=\"http:\/\/hoycordobaweb.com\/wp-content\/uploads\/2021\/02\/zara-celebra-san-valentin-con-una-coleccion-de-color-rojo-capaz-de-levantar-muchas-pasiones-3.jpg\" alt=\"San Valentin 2021 Zara 04\"> <noscript><img alt=\"San Valentin 2021 Zara 04\" class=\"centro_sinmarco\" src=\"http:\/\/hoycordobaweb.com\/wp-content\/uploads\/2021\/02\/zara-celebra-san-valentin-con-una-coleccion-de-color-rojo-capaz-de-levantar-muchas-pasiones-3.jpg\"><\/noscript> <\/div>\n<\/div>\n<h2>El color rojo invadir\u00e1 la lencer\u00eda m\u00e1s picante del momento<\/h2>\n<p>Aprovechando su l\u00ednea de lencer\u00eda, Zara no ha querido desaprovechar la ocasi\u00f3n de dise\u00f1ar conjuntos de ropa interior y pijamas capaces de noquear al personal. Ya sea para una cita especial o para un d\u00eda a d\u00eda sexy y rompedor, estas propuestas no dejar\u00e1n a nadie indiferente.<\/p>\n<p><!-- BREAK 4 --><\/p>\n<div class=\"article-asset-image article-asset-normal article-asset-center\">\n<div class=\"asset-content\"> <img class=\"sf-lazy centro_sinmarco\" data-sf-srcset=\"http:\/\/hoycordobaweb.com\/wp-content\/uploads\/2021\/02\/zara-celebra-san-valentin-con-una-coleccion-de-color-rojo-capaz-de-levantar-muchas-pasiones-4.jpg 450w, http:\/\/hoycordobaweb.com\/wp-content\/uploads\/2021\/02\/zara-celebra-san-valentin-con-una-coleccion-de-color-rojo-capaz-de-levantar-muchas-pasiones-17.jpg 681w,http:\/\/hoycordobaweb.com\/wp-content\/uploads\/2021\/02\/zara-celebra-san-valentin-con-una-coleccion-de-color-rojo-capaz-de-levantar-muchas-pasiones-18.jpg 1024w, http:\/\/hoycordobaweb.com\/wp-content\/uploads\/2021\/02\/zara-celebra-san-valentin-con-una-coleccion-de-color-rojo-capaz-de-levantar-muchas-pasiones-19.jpg 1366w,\" data-sf-src=\"http:\/\/hoycordobaweb.com\/wp-content\/uploads\/2021\/02\/zara-celebra-san-valentin-con-una-coleccion-de-color-rojo-capaz-de-levantar-muchas-pasiones-4.jpg\" alt=\"San Valentin 2021 Zara 07\"> <noscript><img alt=\"San Valentin 2021 Zara 07\" class=\"centro_sinmarco\" src=\"http:\/\/hoycordobaweb.com\/wp-content\/uploads\/2021\/02\/zara-celebra-san-valentin-con-una-coleccion-de-color-rojo-capaz-de-levantar-muchas-pasiones-4.jpg\"><\/noscript> <\/div>\n<\/div>\n<p>Como no pod\u00eda ser de otro modo, el encaje reina en esta nueva colecci\u00f3n c\u00e1psula perfecta para enamorar.<\/p>\n<p><!-- BREAK 5 --><\/p>\n<div class=\"article-asset-image article-asset-normal article-asset-center\">\n<div class=\"asset-content\"> <img class=\"sf-lazy centro_sinmarco\" data-sf-srcset=\"http:\/\/hoycordobaweb.com\/wp-content\/uploads\/2021\/02\/zara-celebra-san-valentin-con-una-coleccion-de-color-rojo-capaz-de-levantar-muchas-pasiones-5.jpg 450w, http:\/\/hoycordobaweb.com\/wp-content\/uploads\/2021\/02\/zara-celebra-san-valentin-con-una-coleccion-de-color-rojo-capaz-de-levantar-muchas-pasiones-20.jpg 681w,http:\/\/hoycordobaweb.com\/wp-content\/uploads\/2021\/02\/zara-celebra-san-valentin-con-una-coleccion-de-color-rojo-capaz-de-levantar-muchas-pasiones-21.jpg 1024w, http:\/\/hoycordobaweb.com\/wp-content\/uploads\/2021\/02\/zara-celebra-san-valentin-con-una-coleccion-de-color-rojo-capaz-de-levantar-muchas-pasiones-22.jpg 1366w,\" data-sf-src=\"http:\/\/hoycordobaweb.com\/wp-content\/uploads\/2021\/02\/zara-celebra-san-valentin-con-una-coleccion-de-color-rojo-capaz-de-levantar-muchas-pasiones-5.jpg\" alt=\"San Valentin 2021 Zara 02\"> <noscript><img alt=\"San Valentin 2021 Zara 02\" class=\"centro_sinmarco\" src=\"http:\/\/hoycordobaweb.com\/wp-content\/uploads\/2021\/02\/zara-celebra-san-valentin-con-una-coleccion-de-color-rojo-capaz-de-levantar-muchas-pasiones-5.jpg\"><\/noscript> <\/div>\n<\/div>\n<div class=\"article-asset-image article-asset-normal article-asset-center\">\n<div class=\"asset-content\"> <img class=\"sf-lazy centro_sinmarco\" data-sf-srcset=\"http:\/\/hoycordobaweb.com\/wp-content\/uploads\/2021\/02\/zara-celebra-san-valentin-con-una-coleccion-de-color-rojo-capaz-de-levantar-muchas-pasiones-6.jpg 450w, http:\/\/hoycordobaweb.com\/wp-content\/uploads\/2021\/02\/zara-celebra-san-valentin-con-una-coleccion-de-color-rojo-capaz-de-levantar-muchas-pasiones-23.jpg 681w,http:\/\/hoycordobaweb.com\/wp-content\/uploads\/2021\/02\/zara-celebra-san-valentin-con-una-coleccion-de-color-rojo-capaz-de-levantar-muchas-pasiones-24.jpg 1024w, http:\/\/hoycordobaweb.com\/wp-content\/uploads\/2021\/02\/zara-celebra-san-valentin-con-una-coleccion-de-color-rojo-capaz-de-levantar-muchas-pasiones-25.jpg 1366w,\" data-sf-src=\"http:\/\/hoycordobaweb.com\/wp-content\/uploads\/2021\/02\/zara-celebra-san-valentin-con-una-coleccion-de-color-rojo-capaz-de-levantar-muchas-pasiones-6.jpg\" alt=\"San Valentin 2021 Zara 03\"> <noscript><img alt=\"San Valentin 2021 Zara 03\" class=\"centro_sinmarco\" src=\"http:\/\/hoycordobaweb.com\/wp-content\/uploads\/2021\/02\/zara-celebra-san-valentin-con-una-coleccion-de-color-rojo-capaz-de-levantar-muchas-pasiones-6.jpg\"><\/noscript> <\/div>\n<\/div>\n<p>Fotos | Zara<\/p>\n","protected":false},"excerpt":{"rendered":"<p>Love is in the air y Zara lo sabe. Con San Valent\u00edn a la vuelta de la esquina, la firma espa\u00f1ola acaba de lanzar una colecci\u00f3n c\u00e1psula que va enamorar a m\u00e1s de una -incluso a las m\u00e1s esc\u00e9pticas-. Con el color rojo como protagonista y el sat\u00e9n como acompa\u00f1ante, estas nuevas propuestas se visten [&hellip;]<\/p>\n","protected":false},"author":1,"featured_media":12174,"comment_status":"closed","ping_status":"closed","sticky":false,"template":"","format":"standard","meta":[],"categories":[1],"tags":[],"_links":{"self":[{"href":"http:\/\/hoycordobaweb.com\/index.php\/wp-json\/wp\/v2\/posts\/12173"}],"collection":[{"href":"http:\/\/hoycordobaweb.com\/index.php\/wp-json\/wp\/v2\/posts"}],"about":[{"href":"http:\/\/hoycordobaweb.com\/index.php\/wp-json\/wp\/v2\/types\/post"}],"author":[{"embeddable":true,"href":"http:\/\/hoycordobaweb.com\/index.php\/wp-json\/wp\/v2\/users\/1"}],"replies":[{"embeddable":true,"href":"http:\/\/hoycordobaweb.com\/index.php\/wp-json\/wp\/v2\/comments?post=12173"}],"version-history":[{"count":0,"href":"http:\/\/hoycordobaweb.com\/index.php\/wp-json\/wp\/v2\/posts\/12173\/revisions"}],"wp:featuredmedia":[{"embeddable":true,"href":"http:\/\/hoycordobaweb.com\/index.php\/wp-json\/wp\/v2\/media\/12174"}],"wp:attachment":[{"href":"http:\/\/hoycordobaweb.com\/index.php\/wp-json\/wp\/v2\/media?parent=12173"}],"wp:term":[{"taxonomy":"category","embeddable":true,"href":"http:\/\/hoycordobaweb.com\/index.php\/wp-json\/wp\/v2\/categories?post=12173"},{"taxonomy":"post_tag","embeddable":true,"href":"http:\/\/hoycordobaweb.com\/index.php\/wp-json\/wp\/v2\/tags?post=12173"}],"curies":[{"name":"wp","href":"https:\/\/api.w.org\/{rel}","templated":true}]}}