{"id":12145,"date":"2021-02-08T12:18:10","date_gmt":"2021-02-08T12:18:10","guid":{"rendered":"https:\/\/www.perfil.com\/noticias\/economia\/repro-ii-las-claves-que-establecio-el-gobierno-en-el-programa-de-recuperacion-productiva.phtml"},"modified":"2021-02-08T12:18:10","modified_gmt":"2021-02-08T12:18:10","slug":"repro-ii-las-claves-que-establecio-el-gobierno-en-el-programa-de-recuperacion-productiva","status":"publish","type":"post","link":"http:\/\/hoycordobaweb.com\/index.php\/2021\/02\/08\/repro-ii-las-claves-que-establecio-el-gobierno-en-el-programa-de-recuperacion-productiva\/","title":{"rendered":"Repro II: las claves que estableci\u00f3 el Gobierno en el Programa de Recuperaci\u00f3n Productiva"},"content":{"rendered":"<p><img src=\"http:\/\/hoycordobaweb.com\/wp-content\/uploads\/2021\/02\/repro-ii-las-claves-que-establecio-el-gobierno-en-el-programa-de-recuperacion-productiva.jpg\"><\/p>\n<div><img src=\"http:\/\/hoycordobaweb.com\/wp-content\/uploads\/2021\/02\/repro-ii-las-claves-que-establecio-el-gobierno-en-el-programa-de-recuperacion-productiva-2.jpg\" class=\"ff-og-image-inserted\"><\/div>\n<aside class=\"relatedPost\">\n<h3>M\u00e1s noticias de economia<\/h3>\n<\/aside>\n<p>El Gobierno estableci\u00f3 <strong>nuevos montos<\/strong> de <a target=\"_blank\" href=\"https:\/\/www.perfil.com\/noticias\/economia\/las-empresas-ya-pueden-inscribirse-al-programa-repro-ii-para-pago-de-salarios-de-enero-2021.phtml\" rel=\"noopener noreferrer\">Programa de Recuperaci\u00f3n Productiva <\/a><strong><a target=\"_blank\" href=\"https:\/\/www.perfil.com\/noticias\/economia\/las-empresas-ya-pueden-inscribirse-al-programa-repro-ii-para-pago-de-salarios-de-enero-2021.phtml\" rel=\"noopener noreferrer\">(Repro) II<\/a>,<\/strong> que van de $ 9.000 a $ 18.000, seg\u00fan sea el trabajador beneficiario de una empresa de sector no cr\u00edtico, cr\u00edtico o de salud.<\/p>\n<p>Se defini\u00f3 a trav\u00e9s de la <strong>Resoluci\u00f3n 57\/2021,<\/strong> del <a target=\"_blank\" href=\"https:\/\/www.perfil.com\/noticias\/economia\/las-empresas-ya-pueden-inscribirse-al-programa-repro-ii-para-pago-de-salarios-de-enero-2021.phtml\" rel=\"noopener noreferrer\">Ministerio de Trabajo<\/a>, publicada este lunes 8 de febrero en el <strong>Bolet\u00edn Oficial.<\/strong><\/p>\n<p>La norma precisa que:<\/p>\n<ul>\n<li>para los trabajadores\/as&nbsp; de sectores no cr\u00edticos, la suma a percibir mensualmente por el Repro II ser\u00e1 de $ 9.000;<\/li>\n<li>para los trabajadores\/as de sectores cr\u00edticos, de $ 12.000;<\/li>\n<li>y para los trabajadores\/as los del sector salud, de $ 18.000.<\/li>\n<\/ul>\n<p>Adem\u00e1s, se se\u00f1ala que, \u201cen el caso que la remuneraci\u00f3n neta percibida por el trabajador o la trabajadora sea inferior a dicho valor, <strong>el subsidio ser\u00e1 igual a la remuneraci\u00f3n neta<\/strong>, que se determinar\u00e1 aplicando el 83% a la remuneraci\u00f3n total declarada ante la AFIP\u201d.<\/p>\n<p class=\"destacadoNota\"><a target=\"_blank\" href=\"https:\/\/www.perfil.com\/noticias\/economia\/las-empresas-ya-pueden-inscribirse-al-programa-repro-ii-para-pago-de-salarios-de-enero-2021.phtml\" rel=\"noopener noreferrer\">Las empresas pueden inscribirse al Programa Repro II para pago de salarios de enero 2021<\/a><\/p>\n<h2><strong>Qu\u00e9 es el Repro II<\/strong><\/h2>\n<p>El 13 de noviembre \u00faltimo, el Gobierno relanz\u00f3 el <strong>Programa de Recuperaci\u00f3n Productiva<\/strong> en su segunda versi\u00f3n, denominada Repro II, que tiene como objetivo sostener el empleo.<\/p>\n<p>Est\u00e1 a cargo del Ministerio de Trabajo y paga a los trabajadores y las trabajadoras de las empresas <strong>adheridas una suma a cuenta<\/strong> de sus correspondientes remuneraciones de hasta $ 9.000 mensuales.<\/p>\n","protected":false},"excerpt":{"rendered":"<p>M\u00e1s noticias de economia El Gobierno estableci\u00f3 nuevos montos de Programa de Recuperaci\u00f3n Productiva (Repro) II, que van de $ 9.000 a $ 18.000, seg\u00fan sea el trabajador beneficiario de una empresa de sector no cr\u00edtico, cr\u00edtico o de salud. Se defini\u00f3 a trav\u00e9s de la Resoluci\u00f3n 57\/2021, del Ministerio de Trabajo, publicada este lunes [&hellip;]<\/p>\n","protected":false},"author":1,"featured_media":12146,"comment_status":"closed","ping_status":"closed","sticky":false,"template":"","format":"standard","meta":[],"categories":[1],"tags":[],"_links":{"self":[{"href":"http:\/\/hoycordobaweb.com\/index.php\/wp-json\/wp\/v2\/posts\/12145"}],"collection":[{"href":"http:\/\/hoycordobaweb.com\/index.php\/wp-json\/wp\/v2\/posts"}],"about":[{"href":"http:\/\/hoycordobaweb.com\/index.php\/wp-json\/wp\/v2\/types\/post"}],"author":[{"embeddable":true,"href":"http:\/\/hoycordobaweb.com\/index.php\/wp-json\/wp\/v2\/users\/1"}],"replies":[{"embeddable":true,"href":"http:\/\/hoycordobaweb.com\/index.php\/wp-json\/wp\/v2\/comments?post=12145"}],"version-history":[{"count":0,"href":"http:\/\/hoycordobaweb.com\/index.php\/wp-json\/wp\/v2\/posts\/12145\/revisions"}],"wp:featuredmedia":[{"embeddable":true,"href":"http:\/\/hoycordobaweb.com\/index.php\/wp-json\/wp\/v2\/media\/12146"}],"wp:attachment":[{"href":"http:\/\/hoycordobaweb.com\/index.php\/wp-json\/wp\/v2\/media?parent=12145"}],"wp:term":[{"taxonomy":"category","embeddable":true,"href":"http:\/\/hoycordobaweb.com\/index.php\/wp-json\/wp\/v2\/categories?post=12145"},{"taxonomy":"post_tag","embeddable":true,"href":"http:\/\/hoycordobaweb.com\/index.php\/wp-json\/wp\/v2\/tags?post=12145"}],"curies":[{"name":"wp","href":"https:\/\/api.w.org\/{rel}","templated":true}]}}