{"id":12091,"date":"2021-02-07T11:32:00","date_gmt":"2021-02-07T11:32:00","guid":{"rendered":"http:\/\/hoycordobaweb.com\/index.php\/2021\/02\/07\/el-presidente-advirtio-que-podria-subir-las-retenciones-o-poner-cupos-por-el-alza-de-precios\/"},"modified":"2021-02-07T11:32:00","modified_gmt":"2021-02-07T11:32:00","slug":"el-presidente-advirtio-que-podria-subir-las-retenciones-o-poner-cupos-por-el-alza-de-precios","status":"publish","type":"post","link":"http:\/\/hoycordobaweb.com\/index.php\/2021\/02\/07\/el-presidente-advirtio-que-podria-subir-las-retenciones-o-poner-cupos-por-el-alza-de-precios\/","title":{"rendered":"El Presidente advirti\u00f3 que podr\u00eda \u00absubir las retenciones o poner cupos\u00bb por el alza de precios"},"content":{"rendered":"<p><img src=\"http:\/\/hoycordobaweb.com\/wp-content\/uploads\/2021\/02\/el-presidente-advirtio-que-podria-subir-las-retenciones-o-poner-cupos-por-el-alza-de-precios.jpg\"><\/p>\n<div class=\"image\" id=\"image\" readability=\"8\"> <img src=\"http:\/\/hoycordobaweb.com\/wp-content\/uploads\/2021\/02\/el-presidente-advirtio-que-podria-subir-las-retenciones-o-poner-cupos-por-el-alza-de-precios-2.jpg\" alt=\"&quot;Si no lo entienden, me obligan a resolver el problema y no pueden hacerse los desentendidos&quot;.\" title=\"&quot;Si no lo entienden, me obligan a resolver el problema y no pueden hacerse los desentendidos&quot;.\"><\/p>\n<p>\u00abSi no lo entienden, me obligan a resolver el problema y no pueden hacerse los desentendidos\u00bb.<\/p>\n<\/div>\n<p>El presidente Alberto Fern\u00e1ndez advirti\u00f3 que el Gobierno podr\u00eda \u00absubir las retenciones o poner cupos\u00bb si los exportadores de alimentos trasladan a sus productos \u00ablos precios internacionales\u00bb, y afirm\u00f3 que esto no significa que su administraci\u00f3n est\u00e9 \u00abcontra el campo\u00bb, sino \u00aba favor de la mesa de los argentinos\u00bb.<\/p>\n<p>En una entrevista con P\u00e1gina\/12, publicada ese domingo, el mandatario ejemplific\u00f3 con el caso de la carne al se\u00f1alar que antes \u00abChina era un pa\u00eds que solo importaba carne envasada y hab\u00eda un n\u00famero limitado de frigor\u00edficos que ten\u00edan capacidad de exportar\u00bb y \u00abahora decidi\u00f3 importar carne con hueso, medias reses\u00bb.<\/p>\n<p>En ese marco, Fern\u00e1ndez a\u00f1adi\u00f3: \u00abEl productor de carne tiene la posibilidad de vend\u00e9rsela al carnicero o vend\u00e9rsela a China a un precio enorme. Yo necesito que ellos exporten porque necesito d\u00f3lares que entren. Pero lo que no pueden es trasladar a los argentinos los precios internacionales porque no producen en precios internacionales. Ellos no producen en d\u00f3lares\u00bb.<\/p>\n<p>Ante este escenario, dej\u00f3 en claro que \u00abel Estado s\u00f3lo tiene dos canales para resolver el problema, dos herramientas que preferir\u00eda no usar: subir las retenciones o poner cupos, decir esto no se exporta. Y no hay mucho m\u00e1s tiempo para que decidan\u00bb.<\/p>\n<blockquote readability=\"7\">\n<p>Estoy feliz de que podamos exportar, pero no puedo entender c\u00f3mo puede ser que los argentinos convirtamos una oportunidad en un problema\u00bb<span class=\"comilla\">\u201d<\/span><\/p>\n<\/blockquote>\n<p>\u00abYo les pido que comprendan de lo que estoy hablando y que la gente me entienda. Cuando estoy hablando de estas cosas no estoy contra el campo, estoy a favor de la mesa de los argentinos\u00bb, remarc\u00f3 el Presidente en la entrevista, tras lo cual pidi\u00f3 al sector del agro \u00abentender que son parte de la Argentina\u00bb.<\/p>\n<p>En ese sentido, Fern\u00e1ndez agreg\u00f3: \u00abYo le he dicho al ministro de Agricultura que todo tiene un punto l\u00edmite. Les estoy diciendo p\u00fablicamente que no puedo dejar que esto siga pasando, porque el riesgo es que con la pandemia todos estos productos van a seguir creciendo en su precio y no estamos dispuestos a tolerarlo\u00bb.<\/p>\n<p>En contraposici\u00f3n con el sector de la carne, el mandatario afirm\u00f3 que \u00ablos aceiteros lo entendieron y organizaron un fideicomiso, resolvieron un mecanismo de compensaci\u00f3n entre ellos\u00bb.<\/p>\n<p>Por lo tanto, advirti\u00f3: \u00abSi no lo entienden, me obligan a resolver el problema y no pueden hacerse los desentendidos\u00bb.<\/p>\n<p>\u00abA m\u00ed me votaron para ejercer el poder cuando tengo que ejercerlo. No se puede especular en este contexto, no tienen derecho a lastimar la tranquilidad de la gente\u00bb, asever\u00f3 el jefe de Estado.<\/p>\n<p>Consultado sobre si las peque\u00f1as devaluaciones mensuales que est\u00e1 sufriendo el peso no tienen que ver con la suba de precios de los alimentos, respondi\u00f3: \u00abSe lo pregunt\u00e9 a (el ministro de Econom\u00eda) Mart\u00edn Guzm\u00e1n y \u00e9l dice que no, que es una forma de mantener el tipo de cambio equilibrado que ha funcionado bien\u00bb.<\/p>\n<p>Y ante la pregunta de si cre\u00eda que la inflaci\u00f3n es responsabilidad de la especulaci\u00f3n, se\u00f1al\u00f3: \u00abS\u00ed. Y ya lo saben. Estoy feliz de que podamos exportar, pero no puedo entender c\u00f3mo puede ser que los argentinos convirtamos una oportunidad en un problema\u00bb.<\/p>\n<p>\u00abNadie quiere que las clases no empiecen\u00bb, afirm\u00f3 el Presidente<\/p>\n<p>Fern\u00e1ndez afirm\u00f3 que \u201cnadie quiere que las clases no empiecen\u201d en forma presencial, pero remarc\u00f3 que \u201cel Estado tiene que garantizar las condiciones seguras\u201d para el regreso a las aulas en el contexto de la pandemia de coronavirus.<\/p>\n<p>El mandatario observ\u00f3, en una entrevista con P\u00e1gina\/12, que \u201cse ha planteado un escenario en el que parece que la Ciudad quiere y el resto no\u201d que los alumnos vuelvan a las escuelas.<\/p>\n<p>Asimismo, calific\u00f3 como \u201cuna tragedia que un chico se retrase en su educaci\u00f3n\u201d, y se\u00f1al\u00f3 que \u201cya tenemos que pensar que en un a\u00f1o se van a tener que completar los contenidos de dos\u201d tras un 2020 signado por la educaci\u00f3n virtual por la pandemia.<\/p>\n<p>El jefe de Estado tambi\u00e9n opin\u00f3 que \u201clos docentes mayores de 60 a\u00f1os deben ser vacunados\u00bb, as\u00ed como \u00abtodos los docentes de menos de 60 a\u00f1os con alguna enfermedad prevalente\u00bb, y que aquellos trabajadores de la educaci\u00f3n \u00abque est\u00e1n en riesgo y no son vacunados tienen que ser reemplazados por suplentes\u201d.<\/p>\n<p>\u201cNo veo oposici\u00f3n de los docentes a este planteo, veo que se ha planteado medi\u00e1ticamente un debate en el que quieren mostrar un dilema falso\u201d, advirti\u00f3 Fern\u00e1ndez en la entrevista publicada hoy.<\/p>\n<p>Finalmente y consultado sobre la reaparici\u00f3n p\u00fablica del expresidente Mauricio Macri solicitando al Gobierno nacional el regreso de las clases presenciales, el primer mandatario ironiz\u00f3: \u201cSer\u00e1 que a \u00e9l la pandemia lo puso m\u00e1s bueno\u201d.<\/p>\n<p>Adem\u00e1s, remarc\u00f3 que \u201ca la luz de lo que ha sido su historia de presidente, fue un gobierno que en materia educativa no hizo otra cosa que retrasar la educaci\u00f3n y retacearle recursos\u201d. <\/p>\n","protected":false},"excerpt":{"rendered":"<p>\u00abSi no lo entienden, me obligan a resolver el problema y no pueden hacerse los desentendidos\u00bb. El presidente Alberto Fern\u00e1ndez advirti\u00f3 que el Gobierno podr\u00eda \u00absubir las retenciones o poner cupos\u00bb si los exportadores de alimentos trasladan a sus productos \u00ablos precios internacionales\u00bb, y afirm\u00f3 que esto no significa que su administraci\u00f3n est\u00e9 \u00abcontra el [&hellip;]<\/p>\n","protected":false},"author":1,"featured_media":12092,"comment_status":"open","ping_status":"closed","sticky":false,"template":"","format":"standard","meta":[],"categories":[19],"tags":[],"_links":{"self":[{"href":"http:\/\/hoycordobaweb.com\/index.php\/wp-json\/wp\/v2\/posts\/12091"}],"collection":[{"href":"http:\/\/hoycordobaweb.com\/index.php\/wp-json\/wp\/v2\/posts"}],"about":[{"href":"http:\/\/hoycordobaweb.com\/index.php\/wp-json\/wp\/v2\/types\/post"}],"author":[{"embeddable":true,"href":"http:\/\/hoycordobaweb.com\/index.php\/wp-json\/wp\/v2\/users\/1"}],"replies":[{"embeddable":true,"href":"http:\/\/hoycordobaweb.com\/index.php\/wp-json\/wp\/v2\/comments?post=12091"}],"version-history":[{"count":0,"href":"http:\/\/hoycordobaweb.com\/index.php\/wp-json\/wp\/v2\/posts\/12091\/revisions"}],"wp:featuredmedia":[{"embeddable":true,"href":"http:\/\/hoycordobaweb.com\/index.php\/wp-json\/wp\/v2\/media\/12092"}],"wp:attachment":[{"href":"http:\/\/hoycordobaweb.com\/index.php\/wp-json\/wp\/v2\/media?parent=12091"}],"wp:term":[{"taxonomy":"category","embeddable":true,"href":"http:\/\/hoycordobaweb.com\/index.php\/wp-json\/wp\/v2\/categories?post=12091"},{"taxonomy":"post_tag","embeddable":true,"href":"http:\/\/hoycordobaweb.com\/index.php\/wp-json\/wp\/v2\/tags?post=12091"}],"curies":[{"name":"wp","href":"https:\/\/api.w.org\/{rel}","templated":true}]}}