{"id":120762,"date":"2025-10-28T18:30:22","date_gmt":"2025-10-28T18:30:22","guid":{"rendered":"https:\/\/www.mujerhoy.com\/moda\/no-te-pierdas\/faldas-elegantes-zara-looks-oficina-fondo-armario-20251028114946-nt.html"},"modified":"2025-10-28T18:30:22","modified_gmt":"2025-10-28T18:30:22","slug":"consigue-los-looks-de-oficina-mas-elegantes-con-las-faldas-de-zara-que-necesitas-en-tu-fondo-de-armario","status":"publish","type":"post","link":"http:\/\/hoycordobaweb.com\/index.php\/2025\/10\/28\/consigue-los-looks-de-oficina-mas-elegantes-con-las-faldas-de-zara-que-necesitas-en-tu-fondo-de-armario\/","title":{"rendered":"Consigue los looks de oficina m\u00e1s elegantes con las faldas de Zara que necesitas en tu fondo de armario"},"content":{"rendered":"<p><!-- AUTHOR --><\/p>\n<div class=\"voc-author-timesocial \">\n<!-- AUTHOR --><\/p>\n<div class=\"voc-author-timesocial__signature \">\n<!-- IMAGE AUTHOR -->\n<picture class=\"voc-image-signature\">\n<img class=\"voc-image-signature__img\" src=\"http:\/\/hoycordobaweb.com\/wp-content\/uploads\/2025\/10\/consigue-los-looks-de-oficina-mas-elegantes-con-las-faldas-de-zara-que-necesitas-en-tu-fondo-de-armario.jpg\" alt=\"Elena Romero Vargas\">\n<\/picture>\n<!-- INFO AUTHOR --> <\/div><\/div>\n<p><!-- COMPONENTS --><\/p>\n<p class=\"voc-paragraph\">A la hora de pensar en <strong>looks de oficina f\u00e1ciles <\/strong> y aptos para estas ocasiones, tendemos a caer en la f\u00f3rmula comod\u00edn con <a href=\"https:\/\/www.mujerhoy.com\/moda\/no-te-pierdas\/pantalones-raya-diplomatica-basico-look-oficina-otono-zara-hym-20240922135858-nt.html\" data-voc-vtm-id=\"in-text-traffic\" title=\"pantalones de raya diplom\u00e1tica\" data-mrf-link=\"www.mujerhoy.com\">pantalones de raya diplom\u00e1tica<\/a>, camisa blanca y blazer. Y, aunque es cierto que es una propuesta m\u00e1s que acertada y que nunca falla, la realidad es que el officecore admite muchas otras prendas con posibilidades de estilismos igual de elegantes pero con un punto de personalidad que siempre sienta bien.<\/p>\n<p class=\"voc-paragraph\">Entre estas prendas perfectas para llevar a la oficina merecen una menci\u00f3n especial <strong>las faldas<\/strong>, un fondo de armario sofisticado y femenino que permite salir de los pantalones m\u00e1s cl\u00e1sicos y darle un toque especial a estos looks. Adem\u00e1s, hacerte con un buen fondo de armario de <a href=\"https:\/\/www.mujerhoy.com\/moda\/no-te-pierdas\/faldas-midi-oficina-usar-bailarinas-despues-botas-20250910134445-nt.html\" data-voc-vtm-id=\"in-text-traffic\" title=\"faldas para ir a la oficina\" data-mrf-link=\"www.mujerhoy.com\">faldas para ir a la oficina<\/a> no solo te ayudar\u00e1 a crear estilismos sencillos cuando no sepas qu\u00e9 ponerte, tambi\u00e9n son prendas a las que les puedes dar much\u00edsimo uso fuera de este contexto.<\/p>\n<div class=\"v-c-cmp v-c-cmp--t1 \">\n<div class=\"v-cmp-rld v-cmp-rld--2 \">\n<div class=\"v-cnt-m v-cnt-m--m\">\n<div class=\"v-cnt-m__c\">\n<div class=\"v-cnt-m__w v-cnt-m__w--1\">\n<p class=\"v-cnt-m__t\">\nTAMBI\u00c9N TE INTERESA\n<\/p>\n<\/div>\n<\/div>\n<\/div>\n<div class=\"v-g v-g--2-c v-g--bdr-min-xs\">\n<div class=\"v-g__c \">\n<article class=\"v-a v-a--cmp-rld v-a--cmp-rld-2 v-a--p-l\">\n<div class=\"v-a-img-c\">\n<figure class=\"v-a-fig\">\n<a href=\"https:\/\/www.mujerhoy.com\/moda\/no-te-pierdas\/faldas-hasta-rodilla-otono-20250927152927-nt.html#vtm_modulosEngag=mod-rel:moda:noticia:1:cmp:2-not\" class=\"v-a-link\" title=\"De las m\u00e1s sencillas a las m\u00e1s especiales: las faldas hasta la rodilla son las reinas del oto\u00f1o\"><br \/>\n<img loading=\"lazy\" class=\"v-a-img\" src=\"http:\/\/hoycordobaweb.com\/wp-content\/uploads\/2025\/10\/consigue-los-looks-de-oficina-mas-elegantes-con-las-faldas-de-zara-que-necesitas-en-tu-fondo-de-armario-1.jpg\" alt=\"De las m\u00e1s sencillas a las m\u00e1s especiales: las faldas hasta la rodilla son las reinas del oto\u00f1o\"><br \/>\n<\/a><br \/>\n<\/figure>\n<\/div>\n<\/article>\n<\/div>\n<div class=\"v-g__c \">\n<article class=\"v-a v-a--cmp-rld v-a--cmp-rld-2 v-a--p-l\">\n<div class=\"v-a-img-c\">\n<figure class=\"v-a-fig\">\n<a href=\"https:\/\/www.mujerhoy.com\/moda\/tendencias\/faldas-estampadas-tendencia-otono-como-combinar-trucos-estilos-street-style-20251006121048-nt.html#vtm_modulosEngag=mod-rel:moda:noticia:2:cmp:2-not\" class=\"v-a-link\" title=\"C\u00f3mo combinar tus faldas estampadas este oto\u00f1o seg\u00fan las mejor vestidas del street style\"><br \/>\n<img loading=\"lazy\" class=\"v-a-img\" src=\"http:\/\/hoycordobaweb.com\/wp-content\/uploads\/2025\/10\/consigue-los-looks-de-oficina-mas-elegantes-con-las-faldas-de-zara-que-necesitas-en-tu-fondo-de-armario-2.jpg\" alt=\"C\u00f3mo combinar tus faldas estampadas este oto\u00f1o seg\u00fan las mejor vestidas del street style\"><br \/>\n<\/a><br \/>\n<\/figure>\n<\/div>\n<\/article>\n<\/div>\n<\/div>\n<\/div>\n<\/div>\n<p class=\"voc-paragraph\">Y si hablamos de faldas bonitas, pr\u00e1cticas y elegantes, tenemos que hablar de las propuestas de <strong>Zara <\/strong>para esta nueva temporada. Hay opciones para todos los gustos que no pueden ir m\u00e1s acorde a la est\u00e9tica de esta \u00e9poca del a\u00f1o. Y, lo mejor, gracias a que todas ellas tienen un toque especial <strong>con la capacidad de elevar el look por s\u00ed solas<\/strong>, basta con que las combines con <a href=\"https:\/\/www.mujerhoy.com\/moda\/no-te-pierdas\/basicos-armario-capsula-imprescindibles-20251018120152-nt.html\" data-voc-vtm-id=\"in-text-traffic\" title=\"b\u00e1sicos de calidad\" data-mrf-link=\"www.mujerhoy.com\">b\u00e1sicos de calidad<\/a> para lograr estilismos de lo m\u00e1s inspiradores en tu d\u00eda a d\u00eda.<\/p>\n<p><h3 class=\"v-cmp-suh\">\nLas faldas m\u00e1s especiales de Zara para ir a la oficina<br \/>\n<\/h3>\n<\/p>\n<div class=\"v-c-cmp \">\n<div class=\"v-cmp-m v-cmp-m--t1\">\n<article class=\"v-a v-a--cmp-m v-c-cmp--m-p\">\n<div class=\"v-a-img-c v-a-img-c--fw-xs\">\n<div class=\"v-a-fig\">\n<div class=\"v-a-link\">\n<img loading=\"lazy\" src=\"http:\/\/hoycordobaweb.com\/wp-content\/uploads\/2025\/10\/consigue-los-looks-de-oficina-mas-elegantes-con-las-faldas-de-zara-que-necesitas-en-tu-fondo-de-armario-3.jpg\" class=\"v-a-img\" width=\"650\" height=\"975\" alt=\"Falda midi punto (25,95\u20ac)\" data-voc-vtm-id=\"in-text-traffic\">\n<\/div><figcaption class=\"v-fc\">\n<span class=\"v-fc__t\"><br \/>\nFalda midi punto (25,95\u20ac)<br \/>\n<\/span><br \/>\n<span class=\"v-fc__p\"><br \/>\nZara<br \/>\n<\/span><br \/>\n<\/figcaption><\/div>\n<\/div>\n<\/article>\n<\/div>\n<\/div>\n<p class=\"voc-paragraph\">Un b\u00e1sico indispensable en cualquier armario de oto\u00f1o-invierno son, sin duda, las <strong>faldas de punto<\/strong>, que adem\u00e1s no pueden encajar mejor en un look de oficina. Esta de corte midi en color arena es perfecta para crear looks de todos los estilos, tanto opciones m\u00e1s elevadas con blazer oversize y botas de tac\u00f3n alto como propuestas m\u00e1s c\u00f3modas con un jersey en tonos tierra y bailarinas.<\/p>\n<div class=\"v-c-cmp \">\n<div class=\"v-cmp-m v-cmp-m--t1\">\n<article class=\"v-a v-a--cmp-m v-c-cmp--m-p\">\n<div class=\"v-a-img-c v-a-img-c--fw-xs\">\n<div class=\"v-a-fig\">\n<div class=\"v-a-link\">\n<img loading=\"lazy\" src=\"http:\/\/hoycordobaweb.com\/wp-content\/uploads\/2025\/10\/consigue-los-looks-de-oficina-mas-elegantes-con-las-faldas-de-zara-que-necesitas-en-tu-fondo-de-armario-4.jpg\" class=\"v-a-img\" width=\"650\" height=\"975\" alt=\"Falda midi capa cintur\u00f3n efecto piel (29,95\u20ac)\" data-voc-vtm-id=\"in-text-traffic\">\n<\/div><figcaption class=\"v-fc\">\n<span class=\"v-fc__t\"><br \/>\nFalda midi capa cintur\u00f3n efecto piel (29,95\u20ac)<br \/>\n<\/span><br \/>\n<span class=\"v-fc__p\"><br \/>\nZara<br \/>\n<\/span><br \/>\n<\/figcaption><\/div>\n<\/div>\n<\/article>\n<\/div>\n<\/div>\n<p class=\"voc-paragraph\">Las tendencias tambi\u00e9n tienen cabida en los looks de oficina, especialmente si son tan f\u00e1ciles de encajar como ocurre con las <strong>faldas de cuero<\/strong>. Esta en especial nos encanta por su vuelo y su corte femenino (el cintur\u00f3n que trae incorporado ayuda a definir mejor la silueta), especialmente si la llevas con un jersey de cuello alto ajustado al cuerpo y zapatos de tac\u00f3n bajito para que sea vea mucho m\u00e1s elegante.<\/p>\n<div class=\"v-c-cmp \">\n<div class=\"v-cmp-m v-cmp-m--t1\">\n<article class=\"v-a v-a--cmp-m v-c-cmp--m-p\">\n<div class=\"v-a-img-c v-a-img-c--fw-xs\">\n<div class=\"v-a-fig\">\n<div class=\"v-a-link\">\n<img loading=\"lazy\" src=\"http:\/\/hoycordobaweb.com\/wp-content\/uploads\/2025\/10\/consigue-los-looks-de-oficina-mas-elegantes-con-las-faldas-de-zara-que-necesitas-en-tu-fondo-de-armario-5.jpg\" class=\"v-a-img\" width=\"650\" height=\"975\" alt=\"Falda asim\u00e9trica ZW Collection (49,95\u20ac)\" data-voc-vtm-id=\"in-text-traffic\">\n<\/div><figcaption class=\"v-fc\">\n<span class=\"v-fc__t\"><br \/>\nFalda asim\u00e9trica ZW Collection (49,95\u20ac)<br \/>\n<\/span><br \/>\n<span class=\"v-fc__p\"><br \/>\nZara<br \/>\n<\/span><br \/>\n<\/figcaption><\/div>\n<\/div>\n<\/article>\n<\/div>\n<\/div>\n<p class=\"voc-paragraph\">Haz de tu falda la prenda protagonista de tus estilismos para ir a la oficina con propuestas como este <strong>dise\u00f1o asim\u00e9trico en color burdeos<\/strong>. A pesar de su originalidad, es una prenda de lo m\u00e1s elegante a la que puedes darle un toque a\u00fan m\u00e1s chic si la llevas con un c\u00e1rdigan sencillo en color gris y zapatos tendencia como los mocasines, otro b\u00e1sico del officecore.<\/p>\n<div class=\"v-c-cmp \">\n<div class=\"v-cmp-m v-cmp-m--t1\">\n<article class=\"v-a v-a--cmp-m v-c-cmp--m-p\">\n<div class=\"v-a-img-c v-a-img-c--fw-xs\">\n<div class=\"v-a-fig\">\n<div class=\"v-a-link\">\n<img loading=\"lazy\" src=\"http:\/\/hoycordobaweb.com\/wp-content\/uploads\/2025\/10\/consigue-los-looks-de-oficina-mas-elegantes-con-las-faldas-de-zara-que-necesitas-en-tu-fondo-de-armario-6.jpg\" class=\"v-a-img\" width=\"650\" height=\"975\" alt=\"Falda midi asim\u00e9trica cuadros (29,95\u20ac)\" data-voc-vtm-id=\"in-text-traffic\">\n<\/div><figcaption class=\"v-fc\">\n<span class=\"v-fc__t\"><br \/>\nFalda midi asim\u00e9trica cuadros (29,95\u20ac)<br \/>\n<\/span><br \/>\n<span class=\"v-fc__p\"><br \/>\nZara<br \/>\n<\/span><br \/>\n<\/figcaption><\/div>\n<\/div>\n<\/article>\n<\/div>\n<\/div>\n<p class=\"voc-paragraph\">El corte asim\u00e9trico es tambi\u00e9n el principal fuerte de esta falda que, adem\u00e1s, tiene <strong>estampado de cuadros<\/strong>, otra de las tendencias favoritas de las m\u00e1s estilosas para esta temporada. Sus tonos oto\u00f1ales permite combinarla con una paleta de tierras y verdes muy acorde a la estaci\u00f3n, aunque para continuar con f\u00f3rmulas tendencia, nuestro consejo es que la lleves con <a href=\"https:\/\/www.mujerhoy.com\/moda\/tendencias\/chaquetas-hombreras-tendencia-invierno-estiliza-figura-elegante-chic-20250129131613-nt.html\" data-voc-vtm-id=\"in-text-traffic\" title=\"blazer con hombreras\" data-mrf-link=\"www.mujerhoy.com\">blazer con hombreras<\/a> en estos colores y que completes el look con un cintur\u00f3n que cree un juego de vol\u00famenes muy interesante y unas botas altas en color marr\u00f3n.<\/p>\n<div class=\"v-c-cmp \">\n<div class=\"v-cmp-m v-cmp-m--t1\">\n<article class=\"v-a v-a--cmp-m v-c-cmp--m-p\">\n<div class=\"v-a-img-c v-a-img-c--fw-xs\">\n<div class=\"v-a-fig\">\n<div class=\"v-a-link\">\n<img loading=\"lazy\" src=\"http:\/\/hoycordobaweb.com\/wp-content\/uploads\/2025\/10\/consigue-los-looks-de-oficina-mas-elegantes-con-las-faldas-de-zara-que-necesitas-en-tu-fondo-de-armario-7.jpg\" class=\"v-a-img\" width=\"650\" height=\"975\" alt=\"Falda midi satinada encaje (25,95\u20ac)\" data-voc-vtm-id=\"in-text-traffic\">\n<\/div><figcaption class=\"v-fc\">\n<span class=\"v-fc__t\"><br \/>\nFalda midi satinada encaje (25,95\u20ac)<br \/>\n<\/span><br \/>\n<span class=\"v-fc__p\"><br \/>\nZara<br \/>\n<\/span><br \/>\n<\/figcaption><\/div>\n<\/div>\n<\/article>\n<\/div>\n<\/div>\n<p class=\"voc-paragraph\">Las faldas satinadas se han convertido en otra de esas prendas con un lugar privilegiado en los looks de oficina, pero si quieres darle una vuelta a este concepto, lo mejor es que optes por una con <strong>encaje <\/strong>que no puede estar m\u00e1s de moda. El\u00e9vala un poco m\u00e1s combin\u00e1ndola con jers\u00e9is especiales en el mismo color o con camisas de corte masculino en tonos que contrasten, por ejemplo, el amarillo mantequilla o el azul beb\u00e9.<\/p>\n<div class=\"v-c-cmp \">\n<div class=\"v-cmp-m v-cmp-m--t1\">\n<article class=\"v-a v-a--cmp-m v-c-cmp--m-p\">\n<div class=\"v-a-img-c v-a-img-c--fw-xs\">\n<div class=\"v-a-fig\">\n<div class=\"v-a-link\">\n<img loading=\"lazy\" src=\"http:\/\/hoycordobaweb.com\/wp-content\/uploads\/2025\/10\/consigue-los-looks-de-oficina-mas-elegantes-con-las-faldas-de-zara-que-necesitas-en-tu-fondo-de-armario-8.jpg\" class=\"v-a-img\" width=\"650\" height=\"975\" alt=\"Falda midi piegues cintur\u00f3n (39,95\u20ac)\" data-voc-vtm-id=\"in-text-traffic\">\n<\/div><figcaption class=\"v-fc\">\n<span class=\"v-fc__t\"><br \/>\nFalda midi piegues cintur\u00f3n (39,95\u20ac)<br \/>\n<\/span><br \/>\n<span class=\"v-fc__p\"><br \/>\nZara<br \/>\n<\/span><br \/>\n<\/figcaption><\/div>\n<\/div>\n<\/article>\n<\/div>\n<\/div>\n<p class=\"voc-paragraph\">Por muchas opciones diferentes que haya, hay quienes son fieles a los cl\u00e1sicos, por eso esta <strong>falda gris con pliegues <\/strong>y cintur\u00f3n negro se va a convertir en tu mejor aliada cuando busques seguir la m\u00e1xima del menos es m\u00e1s. Con camisa blanca y abrigo negro, con botas altas o mocasines, o con jersey de alg\u00fan color tendencia que contraste&#8230; esta falda es la mejor prueba de que un b\u00e1sico sencillo es un lienzo en blanco al que se le puede sacar much\u00edsimo partido.<\/p>\n<div class=\"v-c-cmp v-c-cmp--t1 \">\n<div class=\"v-cmp-rld v-cmp-rld--2 \">\n<div class=\"v-cnt-m v-cnt-m--m\">\n<div class=\"v-cnt-m__c\">\n<div class=\"v-cnt-m__w v-cnt-m__w--1\">\n<p class=\"v-cnt-m__t\">\nNO TE PIERDAS\n<\/p>\n<\/div>\n<\/div>\n<\/div>\n<div class=\"v-g v-g--2-c v-g--bdr-min-xs\">\n<div class=\"v-g__c \">\n<article class=\"v-a v-a--cmp-rld v-a--cmp-rld-2 v-a--p-l\">\n<div class=\"v-a-img-c\">\n<figure class=\"v-a-fig\">\n<a href=\"https:\/\/www.mujerhoy.com\/moda\/no-te-pierdas\/faldas-elegantes-favorecedoras-verano-20250818151925-nt.html#vtm_modulosEngag=mod-rel:moda:noticia:1:cmp:2-not\" class=\"v-a-link\" title=\"Estas faldas son muy elegantes: favorecedoras y combinan con todo\"><br \/>\n<img loading=\"lazy\" class=\"v-a-img\" src=\"http:\/\/hoycordobaweb.com\/wp-content\/uploads\/2025\/10\/consigue-los-looks-de-oficina-mas-elegantes-con-las-faldas-de-zara-que-necesitas-en-tu-fondo-de-armario-9.jpg\" alt=\"Estas faldas son muy elegantes: favorecedoras y combinan con todo\"><br \/>\n<\/a><br \/>\n<\/figure>\n<\/div>\n<\/article>\n<\/div>\n<div class=\"v-g__c \">\n<article class=\"v-a v-a--cmp-rld v-a--cmp-rld-2 v-a--p-l\">\n<div class=\"v-a-img-c\">\n<figure class=\"v-a-fig\">\n<a href=\"https:\/\/www.mujerhoy.com\/moda\/no-te-pierdas\/faldas-vuelo-llevar-otono-oficina-cena-amigas-20250914173634-nt.html#vtm_modulosEngag=mod-rel:moda:noticia:2:cmp:2-not\" class=\"v-a-link\" title=\"Faldas de vuelo para llevar este oto\u00f1o de la oficina a una cena con amigas\"><br \/>\n<img loading=\"lazy\" class=\"v-a-img\" src=\"http:\/\/hoycordobaweb.com\/wp-content\/uploads\/2025\/10\/consigue-los-looks-de-oficina-mas-elegantes-con-las-faldas-de-zara-que-necesitas-en-tu-fondo-de-armario-10.jpg\" alt=\"Faldas de vuelo para llevar este oto\u00f1o de la oficina a una cena con amigas\"><br \/>\n<\/a><br \/>\n<\/figure>\n<\/div>\n<\/article>\n<\/div>\n<\/div>\n<\/div>\n<\/div>\n<div class=\"media_block\"><\/div>\n","protected":false},"excerpt":{"rendered":"<p>A la hora de pensar en looks de oficina f\u00e1ciles y aptos para estas ocasiones, tendemos a caer en la f\u00f3rmula comod\u00edn con pantalones de raya diplom\u00e1tica, camisa blanca y blazer. Y, aunque es cierto que es una propuesta m\u00e1s que acertada y que nunca falla, la realidad es que el officecore admite muchas otras [&hellip;]<\/p>\n","protected":false},"author":1,"featured_media":120763,"comment_status":"closed","ping_status":"closed","sticky":false,"template":"","format":"standard","meta":[],"categories":[],"tags":[],"_links":{"self":[{"href":"http:\/\/hoycordobaweb.com\/index.php\/wp-json\/wp\/v2\/posts\/120762"}],"collection":[{"href":"http:\/\/hoycordobaweb.com\/index.php\/wp-json\/wp\/v2\/posts"}],"about":[{"href":"http:\/\/hoycordobaweb.com\/index.php\/wp-json\/wp\/v2\/types\/post"}],"author":[{"embeddable":true,"href":"http:\/\/hoycordobaweb.com\/index.php\/wp-json\/wp\/v2\/users\/1"}],"replies":[{"embeddable":true,"href":"http:\/\/hoycordobaweb.com\/index.php\/wp-json\/wp\/v2\/comments?post=120762"}],"version-history":[{"count":0,"href":"http:\/\/hoycordobaweb.com\/index.php\/wp-json\/wp\/v2\/posts\/120762\/revisions"}],"wp:featuredmedia":[{"embeddable":true,"href":"http:\/\/hoycordobaweb.com\/index.php\/wp-json\/wp\/v2\/media\/120763"}],"wp:attachment":[{"href":"http:\/\/hoycordobaweb.com\/index.php\/wp-json\/wp\/v2\/media?parent=120762"}],"wp:term":[{"taxonomy":"category","embeddable":true,"href":"http:\/\/hoycordobaweb.com\/index.php\/wp-json\/wp\/v2\/categories?post=120762"},{"taxonomy":"post_tag","embeddable":true,"href":"http:\/\/hoycordobaweb.com\/index.php\/wp-json\/wp\/v2\/tags?post=120762"}],"curies":[{"name":"wp","href":"https:\/\/api.w.org\/{rel}","templated":true}]}}