{"id":120655,"date":"2025-10-28T02:15:52","date_gmt":"2025-10-28T02:15:52","guid":{"rendered":"https:\/\/www.ole.com.ar\/futbol-internacional\/maracana-rio-janeiro-venta_0_N4iSHkiUEH.html"},"modified":"2025-10-28T02:15:52","modified_gmt":"2025-10-28T02:15:52","slug":"el-gobierno-de-rio-de-janeiro-busca-vender-el-estadio-maracana","status":"publish","type":"post","link":"http:\/\/hoycordobaweb.com\/index.php\/2025\/10\/28\/el-gobierno-de-rio-de-janeiro-busca-vender-el-estadio-maracana\/","title":{"rendered":"El Gobierno de R\u00edo de Janeiro busca vender el Estadio Maracan\u00e1"},"content":{"rendered":"<p><img src=\"http:\/\/hoycordobaweb.com\/wp-content\/uploads\/2025\/10\/el-gobierno-de-rio-de-janeiro-busca-vender-el-estadio-maracana.jpg\"><\/p>\n<p><time class=\"createDate\" datetime=\"2025-10-27T23:15:52-03:00\">27\/10\/2025 23:15hs.<\/time><\/p>\n<div id=\"storyBody\">\n<div class=\"custom-text \" readability=\"31.807228915663\">\n<p><strong>La victoria de Uruguay sobre Brasil en el Mundial 1950, la final de la Copa del Mundo 2014 o el duelo por la medalla de oro en los Juegos Ol\u00edmpicos 2016<\/strong> son s\u00f3lo algunos de los recordados partidos que se disputaron en el <strong><a href=\"https:\/\/www.ole.com.ar\/tema\/estadio-maracana.html\" title=\"Estadio Maracan\u00e1\" alt=\"Estadio Maracan\u00e1\" class=\"slug\">Estadio Maracan\u00e1<\/a><\/strong>. Sin embargo, en la m\u00edtica cancha, ya sean m\u00e1s o menos importantes, se disputaron miles de encuentros, <strong><a href=\"https:\/\/www.ole.com.ar\/futbol-internacional\/libertadores\/flamengo-vs-racing-partido-copa-libertadores-semifinal-ida-minuto-minuto_0_RH0mPyE5Op.html\" target=\"_self\" title=\"como el reciente cruce por Copa Libertadores entre Racing y Flamengo\" alt=\"como el reciente cruce por Copa Libertadores entre Racing y Flamengo\" rel=\"noopener noreferrer\">como el reciente cruce por Copa Libertadores entre Racing y Flamengo<\/a><\/strong>. <\/p>\n<\/div>\n<div class=\"custom-text \" readability=\"39\">\n<p><strong>El Maracan\u00e1 no es nada m\u00e1s parte de la historia del f\u00fatbol brasile\u00f1o, sino que se trata de un s\u00edmbolo deportivo de todo el planeta<\/strong>. Por eso, cada vez que se desea realizar un cambi, un intenso debate se desata. Esta vez, <strong>una posible venta por el Estado de R\u00edo de Janeiro (su due\u00f1o) arranc\u00f3 una fuerte discusi\u00f3n en Brasil<\/strong>.<\/p>\n<\/div>\n<p><h2><strong>Un debate econ\u00f3mico <\/strong><\/h2>\n<\/p>\n<div class=\"custom-text \" readability=\"39.851540616246\">\n<p>Inaugurado el 16 de junio de 1950, para el Mundial que incluy\u00f3 el m\u00edtico <strong><a href=\"https:\/\/www.ole.com.ar\/goles-retr\/maracanazo-uruguay-brasil_0_S1csKFqXX.html\" target=\"_self\" title=\"Maracanazo\" alt=\"Maracanazo\" rel=\"noopener noreferrer\">Maracanazo<\/a><\/strong>, el estadio siempre fue propiedad estatal: <strong>su construcci\u00f3n, reformas y constante mantenimiento eran pagadas por la Administraci\u00f3n P\u00fablica<\/strong>. En todo momento, estos gastos implicaban una fuerte inversi\u00f3n. <strong>No obstante, en el \u00faltimo tiempo, la situaci\u00f3n se descontrol\u00f3<\/strong>.<\/p>\n<\/div>\n<div class=\"custom-text \" readability=\"40\">\n<p><strong>\u00abEl Gobierno invierte una fortuna en el mantenimiento del Maracan\u00e1, unos 160.000 euros por partido\u00bb<\/strong>, explay\u00f3 <strong>Rodrigo Amorim<\/strong>, presidente de la Comisi\u00f3n de Constituci\u00f3n y Justicia de la Asamblea Legislativa de R\u00edo de Janeiro, <strong>mientras defend\u00eda el proyecto de ley del Gobernador Cl\u00e1udio Castro (Partido Liberal) que busca desprenderse de 30 propiedades estatales para reducir el gasto fiscal<\/strong>. A su vez, el pol\u00edtico marc\u00f3 que la infraestructura pod\u00eda liquidarse con una ganancia de 320 millones de euros.<\/p>\n<\/div>\n<div class=\"custom-text \" readability=\"38\">\n<p>Adem\u00e1s, Amorim se\u00f1al\u00f3 que la iniciativa no buscaba generar ingresos principalmente, sino evitar costos derivados del abandono y reactivar esas locaciones con un uso m\u00e1s productivo. Este debate econ\u00f3mico se da en un contexto en que el Estado de R\u00edo de Janeiro mantiene una deuda con el Gobierno Federal de 1.890 millones de euros y debe saldar sus cuentas en 2026, conforme al programa federal de reestructuraci\u00f3n.<\/p>\n<\/div>\n<div class=\"sc-e7b891c4-0 ifHnQL image-embed\"><img alt=\"Claudio Castro (izquierda) y Jair Bolsonaro (derecha), miembros del PL. \" loading=\"lazy\" width=\"720\" height=\"100\" decoding=\"async\" data-nimg=\"1\" src=\"http:\/\/hoycordobaweb.com\/wp-content\/uploads\/2025\/10\/el-gobierno-de-rio-de-janeiro-busca-vender-el-estadio-maracana-2.jpg\"><span class=\"epigraphe\">Claudio Castro (izquierda) y Jair Bolsonaro (derecha), miembros del PL.<br \/>\n<\/span><\/div>\n<p><h2><strong>La venta, un conflicto legal <\/strong><\/h2>\n<\/p>\n<div class=\"custom-text \" readability=\"37.09756097561\">\n<p>Sin embargo, m\u00e1s all\u00e1 de que se aprobara la ley propuesta por el PL, el Maracan\u00e1 enfrentar\u00eda conflictos para su venta. <strong>De momento, el estadio forma parte de una concesi\u00f3n para su uso hasta 2044<\/strong>. El contrato es con el consorcio <strong>Fla-Flu<\/strong> (<strong><a href=\"https:\/\/www.ole.com.ar\/tema\/flamengo.html\" title=\"Flamengo\" alt=\"Flamengo\" class=\"slug\">Flamengo<\/a><\/strong> y <strong><a href=\"https:\/\/www.ole.com.ar\/tema\/fluminense.html\" title=\"Fluminense\" alt=\"Fluminense\" class=\"slug\">Fluminense<\/a><\/strong>, que juegan de local all\u00ed) y el grupo econ\u00f3mico ya se\u00f1al\u00f3 que el contrato se cumplir\u00e1 hasta el final.<\/p>\n<\/div>\n<div class=\"custom-text \" readability=\"40\">\n<p>Pero, frente a impedimentos de este estilo, <strong>Cl\u00e1udio Castro envi\u00f3 el Proyecto de Ley Complementario 40\/2025<\/strong>; el cual indica que el Gobierno podr\u00e1 vender inmuebles p\u00fablicos, incluso aquellos actualmente concedidos al sector privado, a trav\u00e9s de un proceso de licitaci\u00f3n. <strong>\u00bfSer\u00e1 posible una privatizaci\u00f3n total de la ic\u00f3nica cancha?<\/strong> Por lo menos, la discusi\u00f3n est\u00e1 abierta en Brasil.<\/p>\n<\/div>\n<div class=\"sc-e7b891c4-0 ifHnQL image-embed\"><img alt=\"\u00bfSer\u00e1 posible una privatizaci\u00f3n total del Maracan\u00e1? \" loading=\"lazy\" width=\"720\" height=\"100\" decoding=\"async\" data-nimg=\"1\" src=\"http:\/\/hoycordobaweb.com\/wp-content\/uploads\/2025\/10\/el-gobierno-de-rio-de-janeiro-busca-vender-el-estadio-maracana-3.jpg\"><span class=\"epigraphe\">\u00bfSer\u00e1 posible una privatizaci\u00f3n total del Maracan\u00e1? <\/span><\/div>\n<div class=\"sc-a7166897-0 eoLsBE\" readability=\"6.5\">\n<section readability=\"3\"><picture><img alt=\"Ins\u00f3lito: asumi\u00f3 hace menos de dos meses como t\u00e9cnico en la Primera Nacional y ya fue despedido \" loading=\"lazy\" width=\"290\" height=\"290\" decoding=\"async\" data-nimg=\"1\" src=\"http:\/\/hoycordobaweb.com\/wp-content\/uploads\/2025\/10\/el-gobierno-de-rio-de-janeiro-busca-vender-el-estadio-maracana-4.jpg\"><\/picture>\n<p><span>Mir\u00e1 tambi\u00e9n<\/span><\/p>\n<hr>\n<h3>Ins\u00f3lito: asumi\u00f3 hace menos de dos meses como t\u00e9cnico en la Primera Nacional y ya fue despedido <\/h3>\n<\/p>\n<\/section>\n<\/div>\n<div class=\"sc-a7166897-0 eoLsBE\" readability=\"6\">\n<section readability=\"2\"><picture><img alt=\"Entr\u00f3 a AFA el pedido de Aldosivi para que le quiten los puntos a Godoy Cruz\" loading=\"lazy\" width=\"290\" height=\"290\" decoding=\"async\" data-nimg=\"1\" src=\"http:\/\/hoycordobaweb.com\/wp-content\/uploads\/2025\/10\/el-gobierno-de-rio-de-janeiro-busca-vender-el-estadio-maracana-5.jpg\"><\/picture>\n<p><span>Mir\u00e1 tambi\u00e9n<\/span><\/p>\n<hr>\n<h3>Entr\u00f3 a AFA el pedido de Aldosivi para que le quiten los puntos a Godoy Cruz<\/h3>\n<\/p>\n<\/section>\n<\/div>\n<div class=\"sc-a7166897-0 eoLsBE\" readability=\"6.5\">\n<section readability=\"3\"><picture><img alt=\"Argentina le gan\u00f3 dos veces a Brasil para ser campeona del Panamericano Absoluto de p\u00e1del\" loading=\"lazy\" width=\"290\" height=\"290\" decoding=\"async\" data-nimg=\"1\" src=\"http:\/\/hoycordobaweb.com\/wp-content\/uploads\/2025\/10\/el-gobierno-de-rio-de-janeiro-busca-vender-el-estadio-maracana-6.jpg\"><\/picture>\n<p><span>Mir\u00e1 tambi\u00e9n<\/span><\/p>\n<hr>\n<h3>Argentina le gan\u00f3 dos veces a Brasil para ser campeona del Panamericano Absoluto de p\u00e1del<\/h3>\n<\/p>\n<\/section>\n<\/div>\n<\/div>\n","protected":false},"excerpt":{"rendered":"<p>27\/10\/2025 23:15hs. La victoria de Uruguay sobre Brasil en el Mundial 1950, la final de la Copa del Mundo 2014 o el duelo por la medalla de oro en los Juegos Ol\u00edmpicos 2016 son s\u00f3lo algunos de los recordados partidos que se disputaron en el Estadio Maracan\u00e1. Sin embargo, en la m\u00edtica cancha, ya sean [&hellip;]<\/p>\n","protected":false},"author":1,"featured_media":120656,"comment_status":"open","ping_status":"closed","sticky":false,"template":"","format":"standard","meta":[],"categories":[16],"tags":[],"_links":{"self":[{"href":"http:\/\/hoycordobaweb.com\/index.php\/wp-json\/wp\/v2\/posts\/120655"}],"collection":[{"href":"http:\/\/hoycordobaweb.com\/index.php\/wp-json\/wp\/v2\/posts"}],"about":[{"href":"http:\/\/hoycordobaweb.com\/index.php\/wp-json\/wp\/v2\/types\/post"}],"author":[{"embeddable":true,"href":"http:\/\/hoycordobaweb.com\/index.php\/wp-json\/wp\/v2\/users\/1"}],"replies":[{"embeddable":true,"href":"http:\/\/hoycordobaweb.com\/index.php\/wp-json\/wp\/v2\/comments?post=120655"}],"version-history":[{"count":0,"href":"http:\/\/hoycordobaweb.com\/index.php\/wp-json\/wp\/v2\/posts\/120655\/revisions"}],"wp:featuredmedia":[{"embeddable":true,"href":"http:\/\/hoycordobaweb.com\/index.php\/wp-json\/wp\/v2\/media\/120656"}],"wp:attachment":[{"href":"http:\/\/hoycordobaweb.com\/index.php\/wp-json\/wp\/v2\/media?parent=120655"}],"wp:term":[{"taxonomy":"category","embeddable":true,"href":"http:\/\/hoycordobaweb.com\/index.php\/wp-json\/wp\/v2\/categories?post=120655"},{"taxonomy":"post_tag","embeddable":true,"href":"http:\/\/hoycordobaweb.com\/index.php\/wp-json\/wp\/v2\/tags?post=120655"}],"curies":[{"name":"wp","href":"https:\/\/api.w.org\/{rel}","templated":true}]}}