{"id":120643,"date":"2025-10-28T11:47:48","date_gmt":"2025-10-28T11:47:48","guid":{"rendered":"https:\/\/www.ole.com.ar\/futbol-internacional\/libertadores\/flamengo-racing-visito-cilindro-avellaneda-libertadores_0_vFcC95cRck.html"},"modified":"2025-10-28T11:47:48","modified_gmt":"2025-10-28T11:47:48","slug":"atento-racing-como-le-fue-a-flamengo-cada-vez-que-visito-el-cilindro","status":"publish","type":"post","link":"http:\/\/hoycordobaweb.com\/index.php\/2025\/10\/28\/atento-racing-como-le-fue-a-flamengo-cada-vez-que-visito-el-cilindro\/","title":{"rendered":"Atento Racing: c\u00f3mo le fue a Flamengo cada vez que visit\u00f3 el Cilindro"},"content":{"rendered":"<p><img src=\"http:\/\/hoycordobaweb.com\/wp-content\/uploads\/2025\/10\/atento-racing-como-le-fue-a-flamengo-cada-vez-que-visito-el-cilindro.jpg\"><\/p>\n<p><time class=\"createDate\" datetime=\"2025-10-28T08:47:48-03:00\">28\/10\/2025 08:47hs.<\/time><\/p>\n<div id=\"storyBody\">\n<div class=\"custom-text \" readability=\"35.013850415512\">\n<p><a href=\"https:\/\/www.ole.com.ar\/tema\/racing.html\" title=\"Racing\" alt=\"Racing\" class=\"slug\">Racing <\/a>y <a href=\"https:\/\/www.ole.com.ar\/tema\/flamengo.html\" title=\"Flamengo\" alt=\"Flamengo\" class=\"slug\">Flamengo <\/a>se ver\u00e1n las caras este mi\u00e9rcoles,a partir de las 21.30, por la semifinal de vuelta de la <a href=\"https:\/\/www.ole.com.ar\/tema\/copa-libertadores.html\" title=\"Copa Libertadores\" alt=\"Copa Libertadores\" class=\"slug\">Copa Libertadores<\/a>, luego del triunfo 1-0 del Mengao en el partido de ida. En este contexto, y a horas de la gran revancha donde el equipo de <strong><a href=\"https:\/\/www.ole.com.ar\/tema\/gustavo-costas.html\" title=\"Gustavo Costas\" alt=\"Gustavo Costas\" class=\"slug\">Gustavo Costas<\/a><\/strong> buscar\u00e1 dar vuelta la serie, <strong>Ol\u00e9 repasa<\/strong> <strong>el historial del Mengao en el Cilindro de Avellaneda<\/strong>.<\/p>\n<\/div>\n<div class=\"custom-text \" readability=\"37\">\n<p>La primera vez que el equipo de R\u00edo de Janeiro visit\u00f3 el estadio Presidente Per\u00f3n fue en la semifinales de la<strong> Supercopa Sudamericana de 1992<\/strong>. Despu\u00e9s de un empate 3-3 en el Maracan\u00e1, <strong>Racing <\/strong>se hizo fuerte con el apoyo de su gente y <strong>se impuso por 1-0 gracias al tanto de Alfredo Graciani. <\/strong>La victoria le permiti\u00f3 acceder a la final del certamen, donde cay\u00f3 frente al Cruzeiro.<\/p>\n<\/div>\n<div class=\"custom-text \" readability=\"40.451030927835\">\n<p>El segundo mata-mata tuvo lugar en la<strong> Libertadores 2020<\/strong>, por los octavos de final. El Fla llegaba c\u00f3mo l\u00edder del grupo A, mientras que la Acad\u00e9 como escolta del F. Por ese motivo, el primer compromiso de la llave tuvo lugar en Avellanada, donde igualaron <strong>1-1,<\/strong> con los gritos de <strong><a href=\"https:\/\/www.ole.com.ar\/tema\/hector-fertoli.html\" title=\"H\u00e9ctor F\u00e9rtoli\" alt=\"H\u00e9ctor F\u00e9rtoli\" class=\"slug\">H\u00e9ctor F\u00e9rtoli<\/a><\/strong> para los argentinos, y de Gabriel Barbosa, m\u00e1s conocido c\u00f3mo <strong><a href=\"https:\/\/www.ole.com.ar\/tema\/gabigol.html\" title=\"Gabigol\" alt=\"Gabigol\" class=\"slug\">Gabigol<\/a><\/strong>, para los cariocas.<\/p>\n<\/div>\n<div class=\"sc-e7b891c4-0 ifHnQL image-embed\"><img alt=\"F\u00e9rtoli festeja su tanto ante el Fla.\nREUTERS\/Juan Ignacio Roncoroni\" loading=\"lazy\" width=\"720\" height=\"100\" decoding=\"async\" data-nimg=\"1\" src=\"http:\/\/hoycordobaweb.com\/wp-content\/uploads\/2025\/10\/atento-racing-como-le-fue-a-flamengo-cada-vez-que-visito-el-cilindro-2.jpg\"><span class=\"epigraphe\">F\u00e9rtoli festeja su tanto ante el Fla.<br \/>\nREUTERS\/Juan Ignacio Roncoroni<\/span><\/div>\n<div class=\"custom-text \" readability=\"33.340659340659\">\n<p>El \u00faltimo fue por la tercera fecha del grupo A de la <strong>Libertadores 2023<\/strong>. En aquella oportunidad, el <strong>Flamengo<\/strong>, con <a href=\"https:\/\/www.ole.com.ar\/tema\/jorge-sampaoli.html\" title=\"Jorge sampaoli\" alt=\"Jorge sampaoli\" class=\"slug\">Jorge Sampaoli<\/a> como entrenador, abri\u00f3 el marcador con el tanto de <strong>Gabigol <\/strong>y los dirigidos por <a href=\"https:\/\/www.ole.com.ar\/tema\/fernando-gago.html\" title=\"Fernando Gago\" alt=\"Fernando Gago\" class=\"slug\">Fernando Gago<\/a> igualaron el partido tras el gol de <strong>Nicol\u00e1s Oroz<\/strong>.<\/p>\n<\/div>\n<div class=\"custom-text \" readability=\"35\">\n<p>\u00bfEl balance? Dos empates y una ca\u00edda para el Mengao en el Cilindro. \u00bfPodr\u00e1 Racing imponerse nuevamente, dar vuelta la serie e ilusionarse con levantar la segunda Copa el 29 de noviembre en el estadio Monumental de Lima?<\/p>\n<\/div>\n<p><h2><strong>Todos los partidos del Fla en el Cilindro<\/strong><\/h2>\n<\/p>\n<div class=\"custom-text \">\n<ul>\n<li>Vuelta de las semifinales de la Supercopa Sudamericana 1992: Racing 1 &#8211; Flamengo 0<\/li>\n<li>Ida de los octavos de final de la Copa Libertadores 2020: Racing 1 &#8211; Flamengo 1<\/li>\n<li>Fase de grupos de la Copa Libertadores 2023: Racing 1 &#8211; Flamengo 1<\/li>\n<\/ul>\n<\/div>\n<p><h2><strong>\u00bfC\u00f3mo es la agenda del Mengao antes del duelo ante Racing?<\/strong><\/h2>\n<\/p>\n<div class=\"custom-text \" readability=\"39\">\n<p>Despu\u00e9s de volver a R\u00edo tras la ca\u00edda 1-0 ante Fortaleza por el Brasileirao, Flamengo aprovech\u00f3 el domingo para darle a los jugadores un d\u00eda libre y que puedan estar con sus familias, vital para la recuperaci\u00f3n emocional<strong>. El lunes <\/strong>volvi\u00f3 a los entrenamientos en el Ninho do Urubu, y vol\u00f3 rumbo a <strong> Buenos Aires, donde este martes comenzar\u00e1 a ultimar detalles en el centro de entrenamiento de Defensa y Justicia<\/strong>.<\/p>\n<\/div>\n<div class=\"sc-e7b891c4-0 ifHnQL image-embed\"><img alt=\"El Fla con la mente en el duelo frente a Racing.\nFoto: @Flamengo\" loading=\"lazy\" width=\"720\" height=\"100\" decoding=\"async\" data-nimg=\"1\" src=\"http:\/\/hoycordobaweb.com\/wp-content\/uploads\/2025\/10\/atento-racing-como-le-fue-a-flamengo-cada-vez-que-visito-el-cilindro-3.jpg\"><span class=\"epigraphe\">El Fla con la mente en el duelo frente a Racing.<br \/>\nFoto: @Flamengo<\/span><\/div>\n<div class=\"sc-a7166897-0 eoLsBE\" readability=\"6\">\n<section readability=\"2\"><picture><img alt=\"Volc\u00f3 un micro con hinchas de Flamengo: tres heridos graves\" loading=\"lazy\" width=\"290\" height=\"290\" decoding=\"async\" data-nimg=\"1\" src=\"http:\/\/hoycordobaweb.com\/wp-content\/uploads\/2025\/10\/atento-racing-como-le-fue-a-flamengo-cada-vez-que-visito-el-cilindro-4.jpg\"><\/picture>\n<p><span>Mir\u00e1 tambi\u00e9n<\/span><\/p>\n<hr>\n<h3>Volc\u00f3 un micro con hinchas de Flamengo: tres heridos graves<\/h3>\n<\/p>\n<\/section>\n<\/div>\n<div class=\"sc-a7166897-0 eoLsBE\" readability=\"6\">\n<section readability=\"2\"><picture><img alt=\"El lugar especial donde Flamengo se entrenar\u00e1 en Buenos Aires\" loading=\"lazy\" width=\"290\" height=\"290\" decoding=\"async\" data-nimg=\"1\" src=\"http:\/\/hoycordobaweb.com\/wp-content\/uploads\/2025\/10\/atento-racing-como-le-fue-a-flamengo-cada-vez-que-visito-el-cilindro-5.jpg\"><\/picture>\n<p><span>Mir\u00e1 tambi\u00e9n<\/span><\/p>\n<hr>\n<h3>El lugar especial donde Flamengo se entrenar\u00e1 en Buenos Aires<\/h3>\n<\/p>\n<\/section>\n<\/div>\n<div class=\"sc-a7166897-0 eoLsBE\" readability=\"6\">\n<section readability=\"2\"><picture><img alt=\"El Gobierno de R\u00edo de Janeiro busca vender el Estadio Maracan\u00e1 \" loading=\"lazy\" width=\"290\" height=\"290\" decoding=\"async\" data-nimg=\"1\" src=\"http:\/\/hoycordobaweb.com\/wp-content\/uploads\/2025\/10\/atento-racing-como-le-fue-a-flamengo-cada-vez-que-visito-el-cilindro-6.jpg\"><\/picture>\n<p><span>Mir\u00e1 tambi\u00e9n<\/span><\/p>\n<hr>\n<h3>El Gobierno de R\u00edo de Janeiro busca vender el Estadio Maracan\u00e1 <\/h3>\n<\/p>\n<\/section>\n<\/div>\n<\/div>\n","protected":false},"excerpt":{"rendered":"<p>28\/10\/2025 08:47hs. Racing y Flamengo se ver\u00e1n las caras este mi\u00e9rcoles,a partir de las 21.30, por la semifinal de vuelta de la Copa Libertadores, luego del triunfo 1-0 del Mengao en el partido de ida. En este contexto, y a horas de la gran revancha donde el equipo de Gustavo Costas buscar\u00e1 dar vuelta la [&hellip;]<\/p>\n","protected":false},"author":1,"featured_media":120644,"comment_status":"open","ping_status":"closed","sticky":false,"template":"","format":"standard","meta":[],"categories":[16],"tags":[],"_links":{"self":[{"href":"http:\/\/hoycordobaweb.com\/index.php\/wp-json\/wp\/v2\/posts\/120643"}],"collection":[{"href":"http:\/\/hoycordobaweb.com\/index.php\/wp-json\/wp\/v2\/posts"}],"about":[{"href":"http:\/\/hoycordobaweb.com\/index.php\/wp-json\/wp\/v2\/types\/post"}],"author":[{"embeddable":true,"href":"http:\/\/hoycordobaweb.com\/index.php\/wp-json\/wp\/v2\/users\/1"}],"replies":[{"embeddable":true,"href":"http:\/\/hoycordobaweb.com\/index.php\/wp-json\/wp\/v2\/comments?post=120643"}],"version-history":[{"count":0,"href":"http:\/\/hoycordobaweb.com\/index.php\/wp-json\/wp\/v2\/posts\/120643\/revisions"}],"wp:featuredmedia":[{"embeddable":true,"href":"http:\/\/hoycordobaweb.com\/index.php\/wp-json\/wp\/v2\/media\/120644"}],"wp:attachment":[{"href":"http:\/\/hoycordobaweb.com\/index.php\/wp-json\/wp\/v2\/media?parent=120643"}],"wp:term":[{"taxonomy":"category","embeddable":true,"href":"http:\/\/hoycordobaweb.com\/index.php\/wp-json\/wp\/v2\/categories?post=120643"},{"taxonomy":"post_tag","embeddable":true,"href":"http:\/\/hoycordobaweb.com\/index.php\/wp-json\/wp\/v2\/tags?post=120643"}],"curies":[{"name":"wp","href":"https:\/\/api.w.org\/{rel}","templated":true}]}}