{"id":120640,"date":"2025-10-27T14:42:08","date_gmt":"2025-10-27T14:42:08","guid":{"rendered":"https:\/\/manoamanocba.com.ar\/?p=7342"},"modified":"2025-10-27T14:42:08","modified_gmt":"2025-10-27T14:42:08","slug":"maverick-celebra-sus-20-anos-de-rock","status":"publish","type":"post","link":"http:\/\/hoycordobaweb.com\/index.php\/2025\/10\/27\/maverick-celebra-sus-20-anos-de-rock\/","title":{"rendered":"Maverick celebra sus 20 a\u00f1os de rock\u00a0"},"content":{"rendered":"<div><img src=\"http:\/\/hoycordobaweb.com\/wp-content\/uploads\/2025\/10\/maverick-celebra-sus-20-anos-de-rock.jpg\" class=\"ff-og-image-inserted\"><\/div>\n<p dir=\"ltr\">Maverick cumple 20 a\u00f1os con la m\u00fasica y lo festeja con un show imperdible, junto a invitados especiales, historias y todo el poder del rock cordob\u00e9s en el Teatro la Llave.<\/p>\n<p dir=\"ltr\">Este s\u00e1bado 1 de noviembre&nbsp; a las 21, en el Teatro La Llave (Av. Gauss 5730, C\u00f3rdoba) la banda cordobesa Maverick celebra sus 20 a\u00f1os en la m\u00fasica con un espect\u00e1culo especial que recorrer\u00e1 su historia, sus canciones y los momentos m\u00e1s significativos de su trayectoria. El show promete una noche cargada de emoci\u00f3n, rock y reencuentros.<\/p>\n<p dir=\"ltr\">Desde su formaci\u00f3n en 2005, con la energ\u00eda de los covers que los hicieron vibrar en sus primeros a\u00f1os, Maverick ha sabido mantener viva la esencia del rock y pop de los 80\u2019s, incorporando con el tiempo composiciones propias que reflejan su madurez art\u00edstica. Hoy, la banda integrada por Sergio D\u00edaz (voz y bajo), Mart\u00edn Artaza (voz y bater\u00eda), Miguel Moyano (voz y guitarra) y Roberto Galo (voz y guitarra) vuelve a los escenarios con una propuesta que combina m\u00fasica, im\u00e1genes y an\u00e9cdotas en una puesta integral.<\/p>\n<h3 dir=\"ltr\">Un viaje por dos d\u00e9cadas<\/h3>\n<p dir=\"ltr\">El espect\u00e1culo repasar\u00e1 todas las etapas del grupo, con la participaci\u00f3n de los m\u00fasicos que formaron parte de Maverick a lo largo de estos a\u00f1os. Tres agrupaciones interpretar\u00e1n distintos momentos del repertorio, sumando relatos y proyecciones visuales que contar\u00e1n la historia de la banda.<\/p>\n<p dir=\"ltr\">Entre los invitados especiales se destacan&nbsp;Diego Bravo (teclados),&nbsp;Michi Quiroga (saxo),&nbsp;Mariela Carrera (voz)&nbsp;y el&nbsp;Coro Femenino HUMARA, adem\u00e1s de los exintegrantes&nbsp;Luis Tello,&nbsp;Adri\u00e1n Bianchi,&nbsp;Mario Nicotra,&nbsp;Leo D\u00edaz&nbsp;y&nbsp;Alejandro Streluk, quienes volver\u00e1n a compartir escenario en esta celebraci\u00f3n.<\/p>\n<p dir=\"ltr\">El repertorio incluir\u00e1 cl\u00e1sicos como&nbsp;\u201cFe\u201d&nbsp;(George Michael),&nbsp;\u201cTratame suavemente\u201d&nbsp;(Soda Stereo),&nbsp;\u201cAprendizaje\u201d&nbsp;(Charly Garc\u00eda) y&nbsp;\u201cLa vida es una moneda\u201d&nbsp;(Fito P\u00e1ez), junto a composiciones propias de Maverick como&nbsp;\u201cCada vez\u201d,&nbsp;\u201cTan solo\u201d,&nbsp;\u201cEstrellas en tu cielo\u201d&nbsp;y&nbsp;\u201cSabr\u00e1s de m\u00ed\u201d.<\/p>\n<p dir=\"ltr\"><em>Entrada general $19.000. Descuentos en&nbsp;efectivo por boleter\u00eda y anticipadas por transferencia: $17.000<\/em><\/p>\n<p dir=\"ltr\">El p\u00fablico podr\u00e1 disfrutar de un show de m\u00e1s de dos horas donde se combinar\u00e1n m\u00fasica en vivo, historias, im\u00e1genes in\u00e9ditas y un gran cierre con todos los m\u00fasicos y el coro en escena. Una verdadera fiesta que celebra el recorrido, la amistad y la pasi\u00f3n por la m\u00fasica.<\/p>\n","protected":false},"excerpt":{"rendered":"<p>Maverick cumple 20 a\u00f1os con la m\u00fasica y lo festeja con un show imperdible, junto a invitados especiales, historias y todo el poder del rock cordob\u00e9s en el Teatro la Llave. Este s\u00e1bado 1 de noviembre&nbsp; a las 21, en el Teatro La Llave (Av. Gauss 5730, C\u00f3rdoba) la banda cordobesa Maverick celebra sus 20 [&hellip;]<\/p>\n","protected":false},"author":1,"featured_media":120641,"comment_status":"closed","ping_status":"closed","sticky":false,"template":"","format":"standard","meta":[],"categories":[19],"tags":[],"_links":{"self":[{"href":"http:\/\/hoycordobaweb.com\/index.php\/wp-json\/wp\/v2\/posts\/120640"}],"collection":[{"href":"http:\/\/hoycordobaweb.com\/index.php\/wp-json\/wp\/v2\/posts"}],"about":[{"href":"http:\/\/hoycordobaweb.com\/index.php\/wp-json\/wp\/v2\/types\/post"}],"author":[{"embeddable":true,"href":"http:\/\/hoycordobaweb.com\/index.php\/wp-json\/wp\/v2\/users\/1"}],"replies":[{"embeddable":true,"href":"http:\/\/hoycordobaweb.com\/index.php\/wp-json\/wp\/v2\/comments?post=120640"}],"version-history":[{"count":0,"href":"http:\/\/hoycordobaweb.com\/index.php\/wp-json\/wp\/v2\/posts\/120640\/revisions"}],"wp:featuredmedia":[{"embeddable":true,"href":"http:\/\/hoycordobaweb.com\/index.php\/wp-json\/wp\/v2\/media\/120641"}],"wp:attachment":[{"href":"http:\/\/hoycordobaweb.com\/index.php\/wp-json\/wp\/v2\/media?parent=120640"}],"wp:term":[{"taxonomy":"category","embeddable":true,"href":"http:\/\/hoycordobaweb.com\/index.php\/wp-json\/wp\/v2\/categories?post=120640"},{"taxonomy":"post_tag","embeddable":true,"href":"http:\/\/hoycordobaweb.com\/index.php\/wp-json\/wp\/v2\/tags?post=120640"}],"curies":[{"name":"wp","href":"https:\/\/api.w.org\/{rel}","templated":true}]}}