{"id":120566,"date":"2025-10-27T11:31:33","date_gmt":"2025-10-27T11:31:33","guid":{"rendered":"https:\/\/www.trendencias.com\/shopping\/asi-chaqueta-reversible-zara-que-arrasa-otono-efecto-piel-pelo-color-temporada-70-euros"},"modified":"2025-10-27T11:31:33","modified_gmt":"2025-10-27T11:31:33","slug":"asi-es-la-chaqueta-reversible-de-zara-que-arrasa-en-otono-efecto-piel-y-pelo-en-el-color-de-la-temporada-por-menos-de-70-euros","status":"publish","type":"post","link":"http:\/\/hoycordobaweb.com\/index.php\/2025\/10\/27\/asi-es-la-chaqueta-reversible-de-zara-que-arrasa-en-otono-efecto-piel-y-pelo-en-el-color-de-la-temporada-por-menos-de-70-euros\/","title":{"rendered":"As\u00ed es la chaqueta reversible de Zara que arrasa en oto\u00f1o: efecto piel y pelo en el color de la temporada por menos de 70 euros"},"content":{"rendered":"<p>Este oto\u00f1o-invierno necesitamos una chaqueta efecto piel porque es tendencia y f\u00e1cil de combinar con todos los <a class=\"text-outboundlink\" href=\"https:\/\/www.trendencias.com\/shopping\/como-vestir-bien-poco-dinero-cinco-basicos-fondo-armario-que-no-te-pueden-faltar\" data-vars-post-title=\"C\u00f3mo vestir bien con poco dinero | Cinco b\u00e1sicos de fondo de armario que no te pueden faltar \" data-vars-post-url=\"https:\/\/www.trendencias.com\/shopping\/como-vestir-bien-poco-dinero-cinco-basicos-fondo-armario-que-no-te-pueden-faltar\">b\u00e1sicos del fondo de armario<\/a>. <strong>En Zara he encontrado un modelo reversible que se convierte en abrigo de pelo<\/strong>. As\u00ed que es la soluci\u00f3n m\u00e1s asequible porque por el precio de una, tenemos dos para ir luciendo con los distintos <em>looks<\/em> de la semana.&nbsp;<\/p>\n<p><!-- BREAK 1 --> <\/p>\n<div class=\"article-asset-image article-asset-normal article-asset-center\">\n<div class=\"asset-content\"> <a rel=\"noopener, noreferrer\" href=\"https:\/\/www.zara.com\/es\/es\/cazadora-reversible-doble-faz-efecto-piel-p08073327.html?v1=466368449\"> <img class=\"centro_sinmarco\" height=\"1920\" width=\"1280\" loading=\"lazy\" decoding=\"async\" sizes=\"100vw\" fetchpriority=\"high\" srcset=\"http:\/\/hoycordobaweb.com\/wp-content\/uploads\/2025\/10\/asi-es-la-chaqueta-reversible-de-zara-que-arrasa-en-otono-efecto-piel-y-pelo-en-el-color-de-la-temporada-por-menos-de-70-euros.jpg 450w, http:\/\/hoycordobaweb.com\/wp-content\/uploads\/2025\/10\/asi-es-la-chaqueta-reversible-de-zara-que-arrasa-en-otono-efecto-piel-y-pelo-en-el-color-de-la-temporada-por-menos-de-70-euros-5.jpg 681w, http:\/\/hoycordobaweb.com\/wp-content\/uploads\/2025\/10\/asi-es-la-chaqueta-reversible-de-zara-que-arrasa-en-otono-efecto-piel-y-pelo-en-el-color-de-la-temporada-por-menos-de-70-euros-6.jpg 1024w, http:\/\/hoycordobaweb.com\/wp-content\/uploads\/2025\/10\/asi-es-la-chaqueta-reversible-de-zara-que-arrasa-en-otono-efecto-piel-y-pelo-en-el-color-de-la-temporada-por-menos-de-70-euros-7.jpg 1366w\" src=\"http:\/\/hoycordobaweb.com\/wp-content\/uploads\/2025\/10\/asi-es-la-chaqueta-reversible-de-zara-que-arrasa-en-otono-efecto-piel-y-pelo-en-el-color-de-la-temporada-por-menos-de-70-euros.jpg\" alt=\"1\"> <noscript><img alt=\"1\" class=\"centro_sinmarco\" src=\"http:\/\/hoycordobaweb.com\/wp-content\/uploads\/2025\/10\/asi-es-la-chaqueta-reversible-de-zara-que-arrasa-en-otono-efecto-piel-y-pelo-en-el-color-de-la-temporada-por-menos-de-70-euros.jpg\"><\/noscript> <\/a> <\/div>\n<\/div>\n<p>El dise\u00f1o es sencillo y en color marr\u00f3n chocolate, una de las tonalidades favoritas de la temporada. <strong>Q<\/strong><strong>ueda genial tanto con el celeste como con el verde oliva y jam\u00e1s nos fallar\u00e1<\/strong>. Su corte es hasta la cadera y tiene el cuello subido, ideal para protegernos los d\u00edas m\u00e1s fr\u00edos del a\u00f1o. Cuenta con dos bolsillos muy pr\u00e1cticos para llevar desde los guantes hasta un labial.&nbsp;<\/p>\n<p><!-- BREAK 2 --><\/p>\n<div class=\"article-asset-image article-asset-normal article-asset-center\">\n<div class=\"asset-content\"> <a rel=\"noopener, noreferrer\" href=\"https:\/\/www.zara.com\/es\/es\/cazadora-reversible-doble-faz-efecto-piel-p08073327.html?v1=466368449\"> <img class=\"centro_sinmarco\" height=\"1536\" width=\"1024\" loading=\"lazy\" decoding=\"async\" sizes=\"100vw\" fetchpriority=\"high\" srcset=\"http:\/\/hoycordobaweb.com\/wp-content\/uploads\/2025\/10\/asi-es-la-chaqueta-reversible-de-zara-que-arrasa-en-otono-efecto-piel-y-pelo-en-el-color-de-la-temporada-por-menos-de-70-euros-1.jpg 450w, http:\/\/hoycordobaweb.com\/wp-content\/uploads\/2025\/10\/asi-es-la-chaqueta-reversible-de-zara-que-arrasa-en-otono-efecto-piel-y-pelo-en-el-color-de-la-temporada-por-menos-de-70-euros-8.jpg 681w, http:\/\/hoycordobaweb.com\/wp-content\/uploads\/2025\/10\/asi-es-la-chaqueta-reversible-de-zara-que-arrasa-en-otono-efecto-piel-y-pelo-en-el-color-de-la-temporada-por-menos-de-70-euros-9.jpg 1024w, http:\/\/hoycordobaweb.com\/wp-content\/uploads\/2025\/10\/asi-es-la-chaqueta-reversible-de-zara-que-arrasa-en-otono-efecto-piel-y-pelo-en-el-color-de-la-temporada-por-menos-de-70-euros-10.jpg 1366w\" src=\"http:\/\/hoycordobaweb.com\/wp-content\/uploads\/2025\/10\/asi-es-la-chaqueta-reversible-de-zara-que-arrasa-en-otono-efecto-piel-y-pelo-en-el-color-de-la-temporada-por-menos-de-70-euros-1.jpg\" alt=\"2\"> <noscript><img alt=\"2\" class=\"centro_sinmarco\" src=\"http:\/\/hoycordobaweb.com\/wp-content\/uploads\/2025\/10\/asi-es-la-chaqueta-reversible-de-zara-que-arrasa-en-otono-efecto-piel-y-pelo-en-el-color-de-la-temporada-por-menos-de-70-euros-1.jpg\"><\/noscript> <\/a> <\/div>\n<\/div>\n<p>El <strong>cierre es de botones y es efecto pelo y piel<\/strong>. Es el comod\u00edn tanto para ir al trabajo como para ir a una <a class=\"text-outboundlink\" href=\"https:\/\/www.trendencias.com\/shopping\/como-vestir-para-cena-elegante-verano-ropa-zapatos-accesorios\" data-vars-post-title=\"C\u00f3mo vestir para una cena elegante en verano | Ropa, zapatos y accesorios\" data-vars-post-url=\"https:\/\/www.trendencias.com\/shopping\/como-vestir-para-cena-elegante-verano-ropa-zapatos-accesorios\">cena elegante<\/a> sin pasar fr\u00edo. Hace match tanto con un vestido negro y unas botas altas como con un <a class=\"text-outboundlink\" href=\"https:\/\/www.trendencias.com\/shopping\/como-combinar-pantalon-negro-colores-zapatos-accesorios\" data-vars-post-title=\"C\u00f3mo combinar un pantal\u00f3n negro | Colores, zapatos y accesorios\" data-vars-post-url=\"https:\/\/www.trendencias.com\/shopping\/como-combinar-pantalon-negro-colores-zapatos-accesorios\">pantal\u00f3n negro<\/a> y una blusa semitransparente con lazada. El precio en la web oficial de Zara es <a rel=\"noopener, noreferrer\" href=\"https:\/\/www.zara.com\/es\/es\/cazadora-reversible-doble-faz-efecto-piel-p08073327.html?v1=466368449\">69,95 euros<\/a>.&nbsp;<\/p>\n<p><!-- BREAK 3 --> <\/p>\n<h2>C\u00f3mo combinar esta chaqueta&nbsp;<\/h2>\n<div class=\"article-asset-image article-asset-normal article-asset-center\">\n<div class=\"asset-content\"> <a rel=\"nofollow, sponsored, noopener, noreferrer noopener\" target=\"_blank\" class=\"js-ecommerce\" id=\"link-ecommerce-1\" href=\"https:\/\/www.webedia-afilia.com\/redirect?url=https%3A%2F%2Fwww.elcorteingles.es%2Fmoda-mujer%2FMP_0490284_PL2300002000-mono-largo-vaquero-de-mujer-con-cuello-camisero%2F%3FparentCategoryId%3D999.39090690013%26color%3DAzul%2Boscuro&amp;category=shopping&amp;site=trendencias&amp;ecomPostExpiration=perish&amp;postId=648132\" data-vars-affiliate-url=\"https:\/\/www.elcorteingles.es\/moda-mujer\/MP_0490284_PL2300002000-mono-largo-vaquero-de-mujer-con-cuello-camisero\/?parentCategoryId=999.39090690013&amp;color=Azul+oscuro\"> <img class=\"centro_sinmarco\" height=\"1200\" width=\"967\" loading=\"lazy\" decoding=\"async\" sizes=\"100vw\" fetchpriority=\"high\" srcset=\"http:\/\/hoycordobaweb.com\/wp-content\/uploads\/2025\/10\/asi-es-la-chaqueta-reversible-de-zara-que-arrasa-en-otono-efecto-piel-y-pelo-en-el-color-de-la-temporada-por-menos-de-70-euros-2.jpg 450w, http:\/\/hoycordobaweb.com\/wp-content\/uploads\/2025\/10\/asi-es-la-chaqueta-reversible-de-zara-que-arrasa-en-otono-efecto-piel-y-pelo-en-el-color-de-la-temporada-por-menos-de-70-euros-11.jpg 681w, http:\/\/hoycordobaweb.com\/wp-content\/uploads\/2025\/10\/asi-es-la-chaqueta-reversible-de-zara-que-arrasa-en-otono-efecto-piel-y-pelo-en-el-color-de-la-temporada-por-menos-de-70-euros-12.jpg 1024w, http:\/\/hoycordobaweb.com\/wp-content\/uploads\/2025\/10\/asi-es-la-chaqueta-reversible-de-zara-que-arrasa-en-otono-efecto-piel-y-pelo-en-el-color-de-la-temporada-por-menos-de-70-euros-13.jpg 1366w\" src=\"http:\/\/hoycordobaweb.com\/wp-content\/uploads\/2025\/10\/asi-es-la-chaqueta-reversible-de-zara-que-arrasa-en-otono-efecto-piel-y-pelo-en-el-color-de-la-temporada-por-menos-de-70-euros-2.jpg\" alt=\"Www 8447166627290 00 1\"> <noscript><img alt=\"Www 8447166627290 00 1\" class=\"centro_sinmarco\" src=\"http:\/\/hoycordobaweb.com\/wp-content\/uploads\/2025\/10\/asi-es-la-chaqueta-reversible-de-zara-que-arrasa-en-otono-efecto-piel-y-pelo-en-el-color-de-la-temporada-por-menos-de-70-euros-2.jpg\"><\/noscript> <\/a> <\/div>\n<\/div>\n<p>Un mono <em>denim<\/em> es una soluci\u00f3n pr\u00e1ctica y con mucho estilo que elevar\u00e1 el <em>look<\/em> en poco segundos. Aunque puede parecer sosaina, <strong>es la mejor base para estilizar un <\/strong><strong><em>outfit<\/em><\/strong>. Este modelo de Pepe Jeans en tono oscuro es ideal para levantarlo con un pa\u00f1uelo anudado a la cintura y con una chaqueta como la reversible de Zara en tono marr\u00f3n chocolate. El precio en los 8 d\u00edas de Oro de El Corte Ingl\u00e9s es <a rel=\"nofollow, sponsored, noopener, noreferrer noopener\" target=\"_blank\" class=\"js-ecommerce\" id=\"link-ecommerce-2\" href=\"https:\/\/www.webedia-afilia.com\/redirect?url=https%3A%2F%2Fwww.elcorteingles.es%2Fmoda-mujer%2FMP_0490284_PL2300002000-mono-largo-vaquero-de-mujer-con-cuello-camisero%2F%3FparentCategoryId%3D999.39090690013%26color%3DAzul%2Boscuro&amp;category=shopping&amp;site=trendencias&amp;ecomPostExpiration=perish&amp;postId=648132\" data-vars-affiliate-url=\"https:\/\/www.elcorteingles.es\/moda-mujer\/MP_0490284_PL2300002000-mono-largo-vaquero-de-mujer-con-cuello-camisero\/?parentCategoryId=999.39090690013&amp;color=Azul+oscuro\">98 euros<\/a> (antes 140 euros).&nbsp;<\/p>\n<p><!-- BREAK 4 --><!-- PIVOT START --><\/p>\n<div class=\"pivot-ecommerce-container m-pivot-ecommerce-redesign article-asset-normal article-asset-center\" readability=\"22.528\">\n<div class=\"pivot-ecommerce\">\n<div class=\"pivot-ecommerce-figure\"> <a rel=\"nofollow, sponsored, noopener, noreferrer noopener\" target=\"_blank\" href=\"https:\/\/www.webedia-afilia.com\/redirect?site=trendencias&amp;url=https%3A%2F%2Fwww.elcorteingles.es%2Fmoda-mujer%2FMP_0490284_PL2300002000-mono-largo-vaquero-de-mujer-con-cuello-camisero%2F%3FparentCategoryId%3D999.39090690013%26color%3DAzul%2Boscuro&amp;affiliate_id=&amp;ecomPostExpiration=perish&amp;postId=648132\"> <img loading=\"lazy\" src=\"http:\/\/hoycordobaweb.com\/wp-content\/uploads\/2025\/10\/asi-es-la-chaqueta-reversible-de-zara-que-arrasa-en-otono-efecto-piel-y-pelo-en-el-color-de-la-temporada-por-menos-de-70-euros-3.jpg\" alt=\"Mono vaquero Pepe Jeans\" width=\"967\" height=\"1200\"> <\/a>\n<\/div>\n<div class=\"pivot-ecommerce-summary\">\n<p class=\"pivot-ecommerce-desc\">Mono vaquero Pepe Jeans<\/p>\n<\/p><\/div><\/div>\n<p>El precio podr\u00eda variar. Obtenemos comisi\u00f3n por estos enlaces<\/p>\n<\/div>\n<p><!-- PIVOT END --><\/p>\n<p>Nota: algunos de los enlaces de este art\u00edculo son afiliados y pueden reportar un beneficio a Trendencias. En caso de no disponibilidad, las ofertas pueden variar.&nbsp;&nbsp;&nbsp;&nbsp;&nbsp;&nbsp;&nbsp;<\/p>\n<p><!-- BREAK 5 --><\/p>\n<p>Fotos |Zara, El Corte Ingl\u00e9s, <a rel=\"noopener, noreferrer\" href=\"https:\/\/www.instagram.com\/p\/DDFtv-7uTQN\/?utm_source=ig_web_copy_link&amp;igsh=MzRlODBiNWFlZA==\">@mariafrubies<\/a>&nbsp;<\/p>\n<p>En Trendencias |<a class=\"text-outboundlink\" href=\"https:\/\/www.trendencias.com\/shopping\/como-combinar-unos-pantalones-beige-colores-zapatos-accesorios\" data-vars-post-title=\"C\u00f3mo combinar unos pantalones beige | Colores, zapatos y accesorios \" data-vars-post-url=\"https:\/\/www.trendencias.com\/shopping\/como-combinar-unos-pantalones-beige-colores-zapatos-accesorios\">C\u00f3mo combinar unos pantalones beige | Colores, zapatos y accesorios<\/a><\/p>\n","protected":false},"excerpt":{"rendered":"<p>Este oto\u00f1o-invierno necesitamos una chaqueta efecto piel porque es tendencia y f\u00e1cil de combinar con todos los b\u00e1sicos del fondo de armario. En Zara he encontrado un modelo reversible que se convierte en abrigo de pelo. As\u00ed que es la soluci\u00f3n m\u00e1s asequible porque por el precio de una, tenemos dos para ir luciendo con [&hellip;]<\/p>\n","protected":false},"author":1,"featured_media":120567,"comment_status":"closed","ping_status":"closed","sticky":false,"template":"","format":"standard","meta":[],"categories":[],"tags":[],"_links":{"self":[{"href":"http:\/\/hoycordobaweb.com\/index.php\/wp-json\/wp\/v2\/posts\/120566"}],"collection":[{"href":"http:\/\/hoycordobaweb.com\/index.php\/wp-json\/wp\/v2\/posts"}],"about":[{"href":"http:\/\/hoycordobaweb.com\/index.php\/wp-json\/wp\/v2\/types\/post"}],"author":[{"embeddable":true,"href":"http:\/\/hoycordobaweb.com\/index.php\/wp-json\/wp\/v2\/users\/1"}],"replies":[{"embeddable":true,"href":"http:\/\/hoycordobaweb.com\/index.php\/wp-json\/wp\/v2\/comments?post=120566"}],"version-history":[{"count":0,"href":"http:\/\/hoycordobaweb.com\/index.php\/wp-json\/wp\/v2\/posts\/120566\/revisions"}],"wp:featuredmedia":[{"embeddable":true,"href":"http:\/\/hoycordobaweb.com\/index.php\/wp-json\/wp\/v2\/media\/120567"}],"wp:attachment":[{"href":"http:\/\/hoycordobaweb.com\/index.php\/wp-json\/wp\/v2\/media?parent=120566"}],"wp:term":[{"taxonomy":"category","embeddable":true,"href":"http:\/\/hoycordobaweb.com\/index.php\/wp-json\/wp\/v2\/categories?post=120566"},{"taxonomy":"post_tag","embeddable":true,"href":"http:\/\/hoycordobaweb.com\/index.php\/wp-json\/wp\/v2\/tags?post=120566"}],"curies":[{"name":"wp","href":"https:\/\/api.w.org\/{rel}","templated":true}]}}