{"id":120556,"date":"2025-10-27T11:53:14","date_gmt":"2025-10-27T11:53:14","guid":{"rendered":"http:\/\/hoycordobaweb.com\/index.php\/2025\/10\/27\/javier-milei-regresara-a-corrientes-en-noviembre-para-ser-orador-del-club-de-la-libertad\/"},"modified":"2025-10-27T11:53:14","modified_gmt":"2025-10-27T11:53:14","slug":"javier-milei-regresara-a-corrientes-en-noviembre-para-ser-orador-del-club-de-la-libertad","status":"publish","type":"post","link":"http:\/\/hoycordobaweb.com\/index.php\/2025\/10\/27\/javier-milei-regresara-a-corrientes-en-noviembre-para-ser-orador-del-club-de-la-libertad\/","title":{"rendered":"Javier Milei regresar\u00e1 a Corrientes en noviembre para ser orador del Club de la Libertad"},"content":{"rendered":"<div class=\"media_block\"><\/div>\n<div><img src=\"http:\/\/hoycordobaweb.com\/wp-content\/uploads\/2025\/10\/javier-milei-regresara-a-corrientes-en-noviembre-para-ser-orador-del-club-de-la-libertad.jpg\" class=\"ff-og-image-inserted\"><\/div>\n<p>El presidente de la Naci\u00f3n, <strong>Javier Milei<\/strong>, tiene programada una visita a la provincia de <strong>Corrientes<\/strong> en noviembre, donde ser\u00e1 el principal orador en el <strong>12\u00b0 Congreso de Econom\u00eda Regional<\/strong> organizado por el <strong>Club de la Libertad<\/strong>.<\/p>\n<p class=\"destacadoNota\"><a target=\"_blank\" href=\"https:\/\/www.perfil.com\/noticias\/nea\/resultados-2025-corrientes-virginia-gallardo-lla-dio-la-sorpresa-y-las-tres-bancas-se-repartieron-entre-las-principales-alianzas.phtml\" rel=\"noopener noreferrer\"><strong>Resultados 2025 Corrientes: Virginia Gallardo dio la sorpresa y las tres bancas se repartieron entre las principales alianzas<\/strong><\/a><\/p>\n<p>El evento, que habitualmente congrega a m\u00e1s de 400 participantes, se desarrollar\u00e1 durante dos jornadas intensas, el <strong>jueves 13 y viernes 14 de noviembre<\/strong>, en el Sal\u00f3n Camb\u00e1 Cu\u00e1 del Turismo Hotel Casino, en la capital provincial.<\/p>\n<p>El congreso abordar\u00e1 la tem\u00e1tica: <strong>\u00abLos desaf\u00edos del crecimiento econ\u00f3mico\u00bb<\/strong>. Contar\u00e1 con la participaci\u00f3n de m\u00e1s de <strong>40 expositores<\/strong>, incluyendo economistas, pol\u00edticos, empresarios y acad\u00e9micos, quienes presentar\u00e1n sus puntos de vista de forma presencial o a trav\u00e9s de videoconferencias.<\/p>\n<h2><strong>Detalles del Congreso<\/strong><\/h2>\n<p>Seg\u00fan informaron desde la organizaci\u00f3n, las jornadas se dividir\u00e1n en dos turnos: de 9:00 a 13:00 y de 16:00 a 21:00.<\/p>\n<p>Un punto a destacar es que el evento no se transmitir\u00e1 en forma <em>online<\/em> y <strong>solo ser\u00e1 accesible para los participantes<\/strong> que se encuentren f\u00edsicamente en el sal\u00f3n de conferencias.<\/p>\n<p class=\"destacadoNota\"><a target=\"_blank\" href=\"https:\/\/www.perfil.com\/noticias\/nea\/resultados-2025-corrientes-virginia-gallardo-lla-dio-la-sorpresa-y-las-tres-bancas-se-repartieron-entre-las-principales-alianzas.phtml\" rel=\"noopener noreferrer\"><strong>Triunfo ajustado de La Libertad Avanza en Chaco: Zdero celebr\u00f3 y Capitanich prometi\u00f3 dar pelea en el Congreso<\/strong><\/a><\/p>\n<p>La entrada al congreso tiene un costo de <strong>$50.000 pesos<\/strong>, es v\u00e1lida para el acceso a ambas jornadas e incluye certificado digital de participaci\u00f3n.<\/p>\n<div class=\"article__tags\">\n<p>En esta Nota<\/p>\n<\/p><\/div>\n","protected":false},"excerpt":{"rendered":"<p>El presidente de la Naci\u00f3n, Javier Milei, tiene programada una visita a la provincia de Corrientes en noviembre, donde ser\u00e1 el principal orador en el 12\u00b0 Congreso de Econom\u00eda Regional organizado por el Club de la Libertad. Resultados 2025 Corrientes: Virginia Gallardo dio la sorpresa y las tres bancas se repartieron entre las principales alianzas [&hellip;]<\/p>\n","protected":false},"author":1,"featured_media":120557,"comment_status":"closed","ping_status":"closed","sticky":false,"template":"","format":"standard","meta":[],"categories":[19],"tags":[2198,2199,322,2096,80],"_links":{"self":[{"href":"http:\/\/hoycordobaweb.com\/index.php\/wp-json\/wp\/v2\/posts\/120556"}],"collection":[{"href":"http:\/\/hoycordobaweb.com\/index.php\/wp-json\/wp\/v2\/posts"}],"about":[{"href":"http:\/\/hoycordobaweb.com\/index.php\/wp-json\/wp\/v2\/types\/post"}],"author":[{"embeddable":true,"href":"http:\/\/hoycordobaweb.com\/index.php\/wp-json\/wp\/v2\/users\/1"}],"replies":[{"embeddable":true,"href":"http:\/\/hoycordobaweb.com\/index.php\/wp-json\/wp\/v2\/comments?post=120556"}],"version-history":[{"count":0,"href":"http:\/\/hoycordobaweb.com\/index.php\/wp-json\/wp\/v2\/posts\/120556\/revisions"}],"wp:featuredmedia":[{"embeddable":true,"href":"http:\/\/hoycordobaweb.com\/index.php\/wp-json\/wp\/v2\/media\/120557"}],"wp:attachment":[{"href":"http:\/\/hoycordobaweb.com\/index.php\/wp-json\/wp\/v2\/media?parent=120556"}],"wp:term":[{"taxonomy":"category","embeddable":true,"href":"http:\/\/hoycordobaweb.com\/index.php\/wp-json\/wp\/v2\/categories?post=120556"},{"taxonomy":"post_tag","embeddable":true,"href":"http:\/\/hoycordobaweb.com\/index.php\/wp-json\/wp\/v2\/tags?post=120556"}],"curies":[{"name":"wp","href":"https:\/\/api.w.org\/{rel}","templated":true}]}}