{"id":120545,"date":"2025-10-27T01:55:57","date_gmt":"2025-10-27T01:55:57","guid":{"rendered":"https:\/\/ladecimaweb.com\/?p=33411"},"modified":"2025-10-27T01:55:57","modified_gmt":"2025-10-27T01:55:57","slug":"comienza-la-construccion-de-una-argentina-grande-dijo-un-mieli-exultante-tras-la-resonante-victoria","status":"publish","type":"post","link":"http:\/\/hoycordobaweb.com\/index.php\/2025\/10\/27\/comienza-la-construccion-de-una-argentina-grande-dijo-un-mieli-exultante-tras-la-resonante-victoria\/","title":{"rendered":"\u201cComienza la construcci\u00f3n de una Argentina grande\u201d, dijo un Mieli exultante tras la resonante victoria"},"content":{"rendered":"<div class=\"boldgrid-section\">\n<div class=\"container\">\n<div class=\"row\">\n<div class=\"col-md-12 col-xs-12 col-sm-12\">\n<p class=\"\"><span>El presidente Javier Milei celebr\u00f3 en el b\u00fanker de La Libertad Avanza el triunfo del oficialismo en la mayor\u00eda de las provincias y habl\u00f3 de la conformaci\u00f3n del nuevo Congreso.<strong> Dijo que ser\u00e1 &#8220;el m\u00e1s reformista de la historia&#8221; y llam\u00f3 a realizar &#8220;acuerdos b\u00e1sicos&#8221; a los nuevos legisladores.<\/strong><\/span><\/p>\n<div class=\"sc-45461e9c-0 eqiBeF container-text text-embed \">\n<p class=\"\">El Presidente celebr\u00f3 la victoria legislativa a nivel nacional y ponder\u00f3 que<strong> &#8220;dos de cada tres argentinos no quieren volver al pasado&#8221;.<\/strong><\/p>\n<\/div>\n<div class=\"sc-45461e9c-0 eqiBeF container-text text-embed \">\n<p class=\"\"><strong>&#8220;Le sacamos 14 puntos d diferencia al kirchnerismo.<\/strong> Los argentinos no quieren volver al modelo del fracaso. Populismo, nunca m\u00e1s&#8221;, afirm\u00f3.<\/p>\n<p class=\"\"><span>El Presidente destac\u00f3 que con este triunfo a partir del 10 de diciembre tendr\u00e1 en el Congreso 110 diputados y 20 senadores para conseguir la aceptaci\u00f3n de las reformas que pretende hacer en el pa\u00eds.<\/span><\/p>\n<p class=\"\"><span>&#8220;En los primeros dos a\u00f1os nos ocupamos que el pa\u00eds no caiga por el precipicio. Argentina era un campo minado y gracias a este grupo de personas talentosas hemos podido salir. <strong>Tenemos que afianzar el camino reformista en los pr\u00f3ximos dos a\u00f1os&#8221;, dijo.<\/strong><\/span><\/p>\n<div class=\"sc-45461e9c-0 eqiBeF container-text text-embed \">\n<p class=\"\">El Presidente asegur\u00f3 que a partir de esta victoria electoral su Gobierno pas\u00f3 &#8220;el punto bisagra&#8221; para continuar con las reformas estructurales.<\/p>\n<\/div>\n<div class=\"sc-45461e9c-0 eqiBeF container-text text-embed \">\n<p class=\"\">&#8220;Quiero darles las gracias a todos los que nos votaron. Al jefe de Gabinete, Guillermo Francos, y especialmente a Patricia Bullrich y a Luis Petri&#8221;, dijo Milei desde el Hotel Libertador.<\/p>\n<p class=\"\">&nbsp;<\/p>\n<\/div>\n<div class=\"ubm_banner\"><a href=\"https:\/\/cordoba.gob.ar\/hasta-el-ultimo-dia-de-octubre-la-municipalidad-ofrece-un-plan-para-ponerse-al-dia-con-las-contribuciones\/\" target=\"_blank\" rel=\"dofollow noopener noreferrer\"><img src=\"http:\/\/hoycordobaweb.com\/wp-content\/uploads\/2025\/10\/comienza-la-construccion-de-una-argentina-grande-dijo-un-mieli-exultante-tras-la-resonante-victoria.gif\" alt=\"\"><\/a><\/div>\n<\/div>\n<\/div>\n<\/div>\n<\/div>\n<\/div>\n<p>La entrada <a rel=\"nofollow\" href=\"https:\/\/ladecimaweb.com\/comienza-la-construccion-de-una-argentina-grande-dijo-un-mieli-exultante-por-la-victoria\/\">&#8220;Comienza la construcci\u00f3n de una Argentina grande&#8221;, dijo un Mieli exultante tras la resonante victoria<\/a> se public\u00f3 primero en <a rel=\"nofollow\" href=\"https:\/\/ladecimaweb.com\">LaDecima<\/a>.<\/p>\n","protected":false},"excerpt":{"rendered":"<p>El presidente Javier Milei celebr\u00f3 en el b\u00fanker de La Libertad Avanza el triunfo del oficialismo en la mayor\u00eda de las provincias y habl\u00f3 de la conformaci\u00f3n del nuevo Congreso. Dijo que ser\u00e1 &#8220;el m\u00e1s reformista de la historia&#8221; y llam\u00f3 a realizar &#8220;acuerdos b\u00e1sicos&#8221; a los nuevos legisladores. El Presidente celebr\u00f3 la victoria legislativa [&hellip;]<\/p>\n","protected":false},"author":1,"featured_media":0,"comment_status":"closed","ping_status":"closed","sticky":false,"template":"","format":"standard","meta":[],"categories":[32],"tags":[],"_links":{"self":[{"href":"http:\/\/hoycordobaweb.com\/index.php\/wp-json\/wp\/v2\/posts\/120545"}],"collection":[{"href":"http:\/\/hoycordobaweb.com\/index.php\/wp-json\/wp\/v2\/posts"}],"about":[{"href":"http:\/\/hoycordobaweb.com\/index.php\/wp-json\/wp\/v2\/types\/post"}],"author":[{"embeddable":true,"href":"http:\/\/hoycordobaweb.com\/index.php\/wp-json\/wp\/v2\/users\/1"}],"replies":[{"embeddable":true,"href":"http:\/\/hoycordobaweb.com\/index.php\/wp-json\/wp\/v2\/comments?post=120545"}],"version-history":[{"count":0,"href":"http:\/\/hoycordobaweb.com\/index.php\/wp-json\/wp\/v2\/posts\/120545\/revisions"}],"wp:attachment":[{"href":"http:\/\/hoycordobaweb.com\/index.php\/wp-json\/wp\/v2\/media?parent=120545"}],"wp:term":[{"taxonomy":"category","embeddable":true,"href":"http:\/\/hoycordobaweb.com\/index.php\/wp-json\/wp\/v2\/categories?post=120545"},{"taxonomy":"post_tag","embeddable":true,"href":"http:\/\/hoycordobaweb.com\/index.php\/wp-json\/wp\/v2\/tags?post=120545"}],"curies":[{"name":"wp","href":"https:\/\/api.w.org\/{rel}","templated":true}]}}