{"id":120467,"date":"2025-10-26T08:02:39","date_gmt":"2025-10-26T08:02:39","guid":{"rendered":"https:\/\/www.mujerhoy.com\/moda\/no-te-pierdas\/marta-carazo-secretaria-reina-letizia-demuestra-poder-chaqueta-sahariana-valdesoto-20251026130820-nt.html"},"modified":"2025-10-26T08:02:39","modified_gmt":"2025-10-26T08:02:39","slug":"marta-carazo-secretaria-de-la-reina-letizia-demuestra-el-poder-de-la-chaqueta-sahariana-en-su-visita-al-pueblo-ejemplar-de-asturias","status":"publish","type":"post","link":"http:\/\/hoycordobaweb.com\/index.php\/2025\/10\/26\/marta-carazo-secretaria-de-la-reina-letizia-demuestra-el-poder-de-la-chaqueta-sahariana-en-su-visita-al-pueblo-ejemplar-de-asturias\/","title":{"rendered":"Marta Carazo, secretaria de la reina Letizia, demuestra el poder de la chaqueta sahariana en su visita al Pueblo Ejemplar de Asturias"},"content":{"rendered":"<p><!-- AUTHOR --><\/p>\n<div class=\"voc-author-timesocial \">\n<!-- AUTHOR --><\/p>\n<div class=\"voc-author-timesocial__signature \">\n<!-- IMAGE AUTHOR -->\n<picture class=\"voc-image-signature\">\n<img class=\"voc-image-signature__img\" src=\"http:\/\/hoycordobaweb.com\/wp-content\/uploads\/2025\/10\/marta-carazo-secretaria-de-la-reina-letizia-demuestra-el-poder-de-la-chaqueta-sahariana-en-su-visita-al-pueblo-ejemplar-de-asturias.jpg\" alt=\"Carla Dom\u00ednguez\">\n<\/picture>\n<!-- INFO AUTHOR --> <\/div><\/div>\n<p><!-- COMPONENTS --><\/p>\n<p class=\"voc-paragraph\">Valdesoto ha sido elegido como <strong>Pueblo Ejemplar de Asturias 2025<\/strong>. Hasta all\u00ed se han trasladado los reyes de Espa\u00f1a junto a sus hijas, <a href=\"https:\/\/www.mujerhoy.com\/moda\/no-te-pierdas\/leccion-estilo-infanta-sofia-chaqueta-corta-gris-pueblo-ejemplar-valdesoto-20251025114813-nt.html\" data-voc-vtm-id=\"in-text-traffic\" title=\"la infanta Sof\u00eda\" data-mrf-link=\"www.mujerhoy.com\">la infanta Sof\u00eda<\/a> y <a href=\"https:\/\/www.mujerhoy.com\/moda\/no-te-pierdas\/princesa-leonor-tendencias-total-look-denim-chaqueta-ante-visita-pueblo-ejemplar-valdesoto-20251025121619-nt.html\" data-voc-vtm-id=\"in-text-traffic\" title=\"la princesa Leonor\" data-mrf-link=\"www.mujerhoy.com\">la princesa Leonor<\/a>. Los cuatro han ido saludando a todos los asistentes y descubriendo tambi\u00e9n algunas costumbres locales.<\/p>\n<p class=\"voc-paragraph\">Durante la visita, la familia real espa\u00f1ola no ha estado sola y, como ya ocurre en otros actos les han acompa\u00f1ado <strong>la directora de Comunicaci\u00f3n de la Casa del Rey Rosa Lerchundi<\/strong> y <a href=\"https:\/\/www.mujerhoy.com\/moda\/no-te-pierdas\/marta-carazo-secretaria-letizia-look-dia-hispanidad-estampado-animal-protocolo-20251013133138-nt.html\" data-voc-vtm-id=\"in-text-traffic\" title=\"Marta Carazo, secretaria de la reina Letizia\" data-mrf-link=\"www.mujerhoy.com\">Marta Carazo, secretaria de la reina Letizia<\/a> desde el pasado mes de septiembre.<\/p>\n<div class=\"v-c-cmp v-c-cmp--t1 \">\n<div class=\"v-cmp-rld v-cmp-rld--2 \">\n<div class=\"v-cnt-m v-cnt-m--m\">\n<div class=\"v-cnt-m__c\">\n<div class=\"v-cnt-m__w v-cnt-m__w--1\">\n<p class=\"v-cnt-m__t\">\nTAMBI\u00c9N TE INTERESA\n<\/p>\n<\/div>\n<\/div>\n<\/div>\n<div class=\"v-g v-g--2-c v-g--bdr-min-xs\">\n<div class=\"v-g__c \">\n<article class=\"v-a v-a--cmp-rld v-a--cmp-rld-2 v-a--p-l\">\n<div class=\"v-a-img-c\">\n<figure class=\"v-a-fig\">\n<a href=\"https:\/\/www.mujerhoy.com\/moda\/no-te-pierdas\/reina-letizia-visita-pueblo-ejemplar-asturias-zapatos-pedro-garcia-20251025122628-nt.html#vtm_modulosEngag=mod-rel:moda:noticia:1:cmp:2-not\" class=\"v-a-link\" title=\"La reina Letizia en la visita al Pueblo Ejemplar de Asturias: c\u00e1rdigan azul y el gui\u00f1o a su zapatero de confianza\"><br \/>\n<img loading=\"lazy\" class=\"v-a-img\" src=\"http:\/\/hoycordobaweb.com\/wp-content\/uploads\/2025\/10\/marta-carazo-secretaria-de-la-reina-letizia-demuestra-el-poder-de-la-chaqueta-sahariana-en-su-visita-al-pueblo-ejemplar-de-asturias-1.jpg\" alt=\"La reina Letizia en la visita al Pueblo Ejemplar de Asturias: c\u00e1rdigan azul y el gui\u00f1o a su zapatero de confianza\"><br \/>\n<\/a><br \/>\n<\/figure>\n<\/div>\n<\/article>\n<\/div>\n<div class=\"v-g__c \">\n<article class=\"v-a v-a--cmp-rld v-a--cmp-rld-2 v-a--p-l\">\n<div class=\"v-a-img-c\">\n<figure class=\"v-a-fig\">\n<a href=\"https:\/\/www.mujerhoy.com\/celebrities\/realeza\/letizia-oscura-premios-princesa-asturias-leonor-rebelde-sofia-incomoda-20251025004943-nt.html#vtm_modulosEngag=mod-rel:moda:noticia:2:cmp:2-not\" class=\"v-a-link\" title=\"Aciertos y retos de Leonor en la entrega de los Premios Princesa de Asturias: despedidas, discursos y el poder secreto de Letizia\"><br \/>\n<img loading=\"lazy\" class=\"v-a-img\" src=\"http:\/\/hoycordobaweb.com\/wp-content\/uploads\/2025\/10\/marta-carazo-secretaria-de-la-reina-letizia-demuestra-el-poder-de-la-chaqueta-sahariana-en-su-visita-al-pueblo-ejemplar-de-asturias-2.jpg\" alt=\"Aciertos y retos de Leonor en la entrega de los Premios Princesa de Asturias: despedidas, discursos y el poder secreto de Letizia\"><br \/>\n<\/a><br \/>\n<\/figure>\n<\/div>\n<\/article>\n<\/div>\n<\/div>\n<\/div>\n<\/div>\n<p><h3 class=\"v-cmp-suh\">\nEl look de Marta Carazo con la chaqueta sahariana que vuelve cada a\u00f1o<br \/>\n<\/h3>\n<\/p>\n<p class=\"voc-paragraph\">Parece que desde que <strong>Marta Carazo<\/strong> rompiera un poco el protocolo el 12 de octubre, sus estilismos son algo m\u00e1s sobrios y con prendas atemporales. Lo demostr\u00f3 en <a href=\"https:\/\/www.mujerhoy.com\/moda\/no-te-pierdas\/marta-carazo-premios-princesa-asturias-look-inspirado-reina-letizia-20251025091102-nt.html\" data-voc-vtm-id=\"in-text-traffic\" title=\"los Premios Princesa de Asturias con un vestido midi\" data-mrf-link=\"www.mujerhoy.com\">los Premios Princesa de Asturias con un vestido midi<\/a> en color azul marino elegant\u00edsimo.<\/p>\n<p class=\"voc-paragraph\">Ahora lo ha vuelto a hacer con un total look en negro acompa\u00f1ado por una de las chaquetas m\u00e1s atemporales de nuestro armario. Hablamos de <strong>la chaqueta sahariana<\/strong> que todo el mundo ha comprado en alguna ocasi\u00f3n y, que es probable que sigas teniendo en casa.<\/p>\n<p class=\"voc-paragraph\">Como dec\u00edamos, Marta Carazo apost\u00f3 por <strong>una chaqueta tipo sahariana en tono verde caqui<\/strong>, ligeramente oversize y con bolsillos frontales de solapa. La prenda, confeccionada en un tejido de algod\u00f3n estructurado, evocaba el estilo safari cl\u00e1sico con un aire actual y relajado. Es una elecci\u00f3n muy coherente con el <strong>entorno rural<\/strong> y con el perfil de acto: c\u00f3modo, funcional y con un punto sofisticado.<\/p>\n<div class=\"v-c-cmp \">\n<div class=\"v-cmp-m v-cmp-m--t1\">\n<article class=\"v-a v-a--cmp-m v-c-cmp--m-p\">\n<div class=\"v-a-img-c v-a-img-c--fw-xs\">\n<div class=\"v-a-fig\">\n<div class=\"v-a-link\">\n<img loading=\"lazy\" src=\"http:\/\/hoycordobaweb.com\/wp-content\/uploads\/2025\/10\/marta-carazo-secretaria-de-la-reina-letizia-demuestra-el-poder-de-la-chaqueta-sahariana-en-su-visita-al-pueblo-ejemplar-de-asturias-3.jpg\" class=\"v-a-img\" width=\"650\" height=\"975\" alt=\"Marta Carazo con chaqueta sahariana.\" data-voc-vtm-id=\"in-text-traffic\">\n<\/div><figcaption class=\"v-fc\">\n<span class=\"v-fc__t\"><br \/>\nMarta Carazo con chaqueta sahariana.<br \/>\n<\/span><br \/>\n<span class=\"v-fc__p\"><br \/>\nlimited pictures<br \/>\n<\/span><br \/>\n<\/figcaption><\/div>\n<\/div>\n<\/article>\n<\/div>\n<\/div>\n<p class=\"voc-paragraph\">Debajo, Carazo llev\u00f3 un total look en negro, compuesto por <strong>un jersey de cuello alto<\/strong> y unos pantalones de corte recto ligeramente acampanados. La combinaci\u00f3n aporta continuidad visual y estiliza la figura, dejando que la sahariana asuma el protagonismo sin competir con el resto del conjunto. El <strong>contraste entre el verde y el negro<\/strong> refuerza la sensaci\u00f3n de equilibrio y sobriedad.<\/p>\n<p class=\"voc-paragraph\">En los pies, se decant\u00f3 por <strong>zapatillas en color oscuro con suela clara<\/strong>. Un dise\u00f1o c\u00f3modo, pero al mismo tiempo elegante que es perfecto para llevar en jornadas al aire libre como esta. <\/p>\n<p class=\"voc-paragraph\">Y es que la sahariana no es una prenda cualquiera. Su historia se remonta a <strong>mediados del siglo XX,<\/strong> cuando Yves Saint Laurent la elev\u00f3 de prenda utilitaria a icono de moda. Desde entonces, ha acompa\u00f1ado a generaciones de mujeres con estilos muy distintos, sin perder su fuerza. <\/p>\n<p class=\"voc-paragraph\">Su estructura con bolsillos, cintur\u00f3n o l\u00edneas rectas combina feminidad y funcionalidad a partes iguales, y explica por qu\u00e9 llevamos m\u00e1s de una d\u00e9cada recurriendo a ella cada temporada. <strong>Es vers\u00e1til, elegante<\/strong> y tiene ese aire atemporal que resiste las modas pasajeras.<\/p>\n<p class=\"voc-paragraph\">El resultado <strong>es un look cl\u00e1sico<\/strong>, equilibrado y perfectamente adaptado al contexto. Marta Carazo demuestra que no hace falta recurrir a grandes tendencias para proyectar estilo: basta con elegir bien las proporciones, mantener una paleta neutra y cuidar los detalles.<\/p>\n<p class=\"voc-paragraph\">Su manera de vestir refleja la filosof\u00eda que comparte con la reina Letizia: una moda consciente, discreta y coherente con cada ocasi\u00f3n. Adem\u00e1s, esta chaqueta tambi\u00e9n es un b\u00e1sico de la reina Letizia, ya que la monarca la usado en multitud de viajes puesto que se trata de un<strong> fondo de armario. <\/strong><\/p>\n<div class=\"v-c-cmp v-c-cmp--t1 \">\n<div class=\"v-cmp-rld v-cmp-rld--2 \">\n<div class=\"v-cnt-m v-cnt-m--m\">\n<div class=\"v-cnt-m__c\">\n<div class=\"v-cnt-m__w v-cnt-m__w--1\">\n<p class=\"v-cnt-m__t\">\nTAMBI\u00c9N TE INTERESA\n<\/p>\n<\/div>\n<\/div>\n<\/div>\n<div class=\"v-g v-g--2-c v-g--bdr-min-xs\">\n<div class=\"v-g__c \">\n<article class=\"v-a v-a--cmp-rld v-a--cmp-rld-2 v-a--p-l\">\n<div class=\"v-a-img-c\">\n<figure class=\"v-a-fig\">\n<a href=\"https:\/\/www.mujerhoy.com\/moda\/no-te-pierdas\/looks-invitadas-premios-princesa-asturias-2025-sandra-gago-paloma-rocasolano-20251024181610-nt.html#vtm_modulosEngag=mod-rel:moda:noticia:1:cmp:2-not\" class=\"v-a-link\" title=\"Todos los looks de las invitadas a los Premios Princesa de Asturias 2025: de Sandra Gago a Paloma Rocasolano\"><br \/>\n<img loading=\"lazy\" class=\"v-a-img\" src=\"http:\/\/hoycordobaweb.com\/wp-content\/uploads\/2025\/10\/marta-carazo-secretaria-de-la-reina-letizia-demuestra-el-poder-de-la-chaqueta-sahariana-en-su-visita-al-pueblo-ejemplar-de-asturias-4.jpg\" alt=\"Todos los looks de las invitadas a los Premios Princesa de Asturias 2025: de Sandra Gago a Paloma Rocasolano\"><br \/>\n<\/a><br \/>\n<\/figure>\n<\/div>\n<\/article>\n<\/div>\n<div class=\"v-g__c \">\n<article class=\"v-a v-a--cmp-rld v-a--cmp-rld-2 v-a--p-l\">\n<div class=\"v-a-img-c\">\n<figure class=\"v-a-fig\">\n<a href=\"https:\/\/www.mujerhoy.com\/moda\/no-te-pierdas\/infanta-sofia-premios-princesa-asturias-vestido-granate-miphai-20251024184930-nt.html#vtm_modulosEngag=mod-rel:moda:noticia:2:cmp:2-not\" class=\"v-a-link\" title=\"La infanta Sof\u00eda en los Premios Princesa de Asturias con el vestido viral made in Spain que conquista a las invitadas de oto\u00f1o\"><br \/>\n<img loading=\"lazy\" class=\"v-a-img\" src=\"http:\/\/hoycordobaweb.com\/wp-content\/uploads\/2025\/10\/marta-carazo-secretaria-de-la-reina-letizia-demuestra-el-poder-de-la-chaqueta-sahariana-en-su-visita-al-pueblo-ejemplar-de-asturias-5.jpg\" alt=\"La infanta Sof\u00eda en los Premios Princesa de Asturias con el vestido viral made in Spain que conquista a las invitadas de oto\u00f1o\"><br \/>\n<\/a><br \/>\n<\/figure>\n<\/div>\n<\/article>\n<\/div>\n<\/div>\n<\/div>\n<\/div>\n<div class=\"media_block\"><\/div>\n","protected":false},"excerpt":{"rendered":"<p>Valdesoto ha sido elegido como Pueblo Ejemplar de Asturias 2025. Hasta all\u00ed se han trasladado los reyes de Espa\u00f1a junto a sus hijas, la infanta Sof\u00eda y la princesa Leonor. Los cuatro han ido saludando a todos los asistentes y descubriendo tambi\u00e9n algunas costumbres locales. Durante la visita, la familia real espa\u00f1ola no ha estado [&hellip;]<\/p>\n","protected":false},"author":1,"featured_media":120468,"comment_status":"closed","ping_status":"closed","sticky":false,"template":"","format":"standard","meta":[],"categories":[],"tags":[],"_links":{"self":[{"href":"http:\/\/hoycordobaweb.com\/index.php\/wp-json\/wp\/v2\/posts\/120467"}],"collection":[{"href":"http:\/\/hoycordobaweb.com\/index.php\/wp-json\/wp\/v2\/posts"}],"about":[{"href":"http:\/\/hoycordobaweb.com\/index.php\/wp-json\/wp\/v2\/types\/post"}],"author":[{"embeddable":true,"href":"http:\/\/hoycordobaweb.com\/index.php\/wp-json\/wp\/v2\/users\/1"}],"replies":[{"embeddable":true,"href":"http:\/\/hoycordobaweb.com\/index.php\/wp-json\/wp\/v2\/comments?post=120467"}],"version-history":[{"count":0,"href":"http:\/\/hoycordobaweb.com\/index.php\/wp-json\/wp\/v2\/posts\/120467\/revisions"}],"wp:featuredmedia":[{"embeddable":true,"href":"http:\/\/hoycordobaweb.com\/index.php\/wp-json\/wp\/v2\/media\/120468"}],"wp:attachment":[{"href":"http:\/\/hoycordobaweb.com\/index.php\/wp-json\/wp\/v2\/media?parent=120467"}],"wp:term":[{"taxonomy":"category","embeddable":true,"href":"http:\/\/hoycordobaweb.com\/index.php\/wp-json\/wp\/v2\/categories?post=120467"},{"taxonomy":"post_tag","embeddable":true,"href":"http:\/\/hoycordobaweb.com\/index.php\/wp-json\/wp\/v2\/tags?post=120467"}],"curies":[{"name":"wp","href":"https:\/\/api.w.org\/{rel}","templated":true}]}}