{"id":120451,"date":"2025-10-25T23:24:56","date_gmt":"2025-10-25T23:24:56","guid":{"rendered":"https:\/\/www.ole.com.ar\/futbol-internacional\/giovanni-simeone-anecdotas-cholo-antonio-conte-robert-niro_0_uZFX5dW73V.html"},"modified":"2025-10-25T23:24:56","modified_gmt":"2025-10-25T23:24:56","slug":"gio-simeone-out-of-context-la-imitacion-del-cholo-el-encuentro-con-de-niro-y-la-anecdota-con-conte","status":"publish","type":"post","link":"http:\/\/hoycordobaweb.com\/index.php\/2025\/10\/25\/gio-simeone-out-of-context-la-imitacion-del-cholo-el-encuentro-con-de-niro-y-la-anecdota-con-conte\/","title":{"rendered":"Gio Simeone out of context: la imitaci\u00f3n del Cholo, el encuentro con De Niro y la an\u00e9cdota con Conte"},"content":{"rendered":"<p><img src=\"http:\/\/hoycordobaweb.com\/wp-content\/uploads\/2025\/10\/gio-simeone-out-of-context-la-imitacion-del-cholo-el-encuentro-con-de-niro-y-la-anecdota-con-conte.jpg\"><\/p>\n<p><time class=\"createDate\" datetime=\"2025-10-25T20:24:56-03:00\">25\/10\/2025 20:24hs.<\/time><\/p>\n<div id=\"storyBody\">\n<div class=\"custom-text \" readability=\"37.858870967742\">\n<p>En medio de tantos goles que desde hace casi una d\u00e9cada viene convirtiendo en la liga italiana, <strong><a href=\"https:\/\/www.ole.com.ar\/tema\/giovanni-simeone.html\" title=\"Giovanni Simeone\" alt=\"Giovanni Simeone\" class=\"slug\">Giovanni Simeone<\/a><\/strong> tambi\u00e9n guarda buenas an\u00e9cdotas. En <strong><a href=\"https:\/\/www.ole.com.ar\/futbol-internacional\/italia\/entrevista-giovanni-simeone-torino-napoli-seleccion-giuliano-cholo-maradona_0_wkWaDv8ttb.html\" target=\"_blank\" title=\"una extensa entrevista\" alt=\"una extensa entrevista\" rel=\"noopener noreferrer\">una extensa entrevista<\/a><\/strong> con <strong>Ol\u00e9<\/strong>, en donde se refiri\u00f3 a su presente, los llamados que tuvo desde Argentina para volver a jugar, las ganas de ser entrenador en el futuro, la Selecci\u00f3n Argentina que cuenta con su hermano Giuliano en el plantel y mucho m\u00e1s, tambi\u00e9n<strong> coment\u00f3 con gracia algunas situaciones muy particulares que le toc\u00f3 vivir&#8230; <\/strong><\/p>\n<\/div>\n<p><h2><strong>Gio y las imitaciones del Cholo<\/strong><\/h2>\n<\/p>\n<div class=\"sc-3c5a76cc-1 idjLTd\" readability=\"6.5\">\n<div class=\"sc-e8b2828-0 fBmEJc vertical\" type=\"embedvertical\">\n<div class=\"sc-e8b2828-1 iPLbWT videoText\" id=\"contentTitleembedverticalAw0pjCEd\" type=\"embedvertical\"><svg fill=\"#ffffff\"><symbol id=\"play\" viewBox=\"0 0 512 512\"><path d=\"M512 256C512 397.4 397.4 512 256 512C114.6 512 0 397.4 0 256C0 114.6 114.6 0 256 0C397.4 0 512 114.6 512 256zM176 168V344C176 352.7 180.7 360.7 188.3 364.9C195.8 369.2 205.1 369 212.5 364.5L356.5 276.5C363.6 272.1 368 264.4 368 256C368 247.6 363.6 239.9 356.5 235.5L212.5 147.5C205.1 142.1 195.8 142.8 188.3 147.1C180.7 151.3 176 159.3 176 168V168z\" \/><\/symbol><use xlink:href=\"#play\" \/><\/svg><\/p>\n<div class=\"right\">\n<p>Giovanni Simeone<!-- --> &#8211; <span>&nbsp;<\/span><\/p>\n<h2 class=\"title-vid\">El d\u00eda que Gio Simeone imit\u00f3 los gestos del Cholo<\/h2>\n<\/div>\n<\/div>\n<p><span class=\"back\" id=\"spanBackembedverticalAw0pjCEd\"><\/span><\/div>\n<div class=\"JWvideoNota_title\" readability=\"8\">\n<p>Hace a\u00f1os se viraliz\u00f3 un video de su imitaci\u00f3n y Gio cont\u00f3 qu\u00e9 dijo su pap\u00e1 al verlo. (Video: Diego Paulich &#8211; Ol\u00e9). <\/p>\n<\/div>\n<\/div>\n<div class=\"custom-text \" readability=\"40\">\n<p>La primera fue en el d\u00eda de su casamiento, cuando se vio con <strong>un look muy similar al que suele usar el Cholo<\/strong>, su pap\u00e1, cuando dirige al Atl\u00e9tico Madrid y<strong> se le ocurri\u00f3 comenzar a imitar sus gestos y movimientos<\/strong>. Claro, al subirlo a las redes, se viraliz\u00f3 de inmediato y hasta fue parte del grupo de WhatsApp de la familia.<\/p>\n<\/div>\n<p><h2><strong>El encuentro con Robert De Niro<\/strong><\/h2>\n<\/p>\n<div class=\"sc-3c5a76cc-1 idjLTd\" readability=\"6.5\">\n<div class=\"sc-e8b2828-0 fBmEJc\" type=\"embed\">\n<div class=\"sc-e8b2828-1 iPLbWT videoText\" id=\"contentTitleembeduwXOBQYm\" type=\"embed\"><svg fill=\"#ffffff\"><symbol id=\"play\" viewBox=\"0 0 512 512\"><path d=\"M512 256C512 397.4 397.4 512 256 512C114.6 512 0 397.4 0 256C0 114.6 114.6 0 256 0C397.4 0 512 114.6 512 256zM176 168V344C176 352.7 180.7 360.7 188.3 364.9C195.8 369.2 205.1 369 212.5 364.5L356.5 276.5C363.6 272.1 368 264.4 368 256C368 247.6 363.6 239.9 356.5 235.5L212.5 147.5C205.1 142.1 195.8 142.8 188.3 147.1C180.7 151.3 176 159.3 176 168V168z\" \/><\/symbol><use xlink:href=\"#play\" \/><\/svg><\/p>\n<div class=\"right\">\n<p>Giovanni Simeone<!-- --> &#8211; <span>&nbsp;<\/span><\/p>\n<h2 class=\"title-vid\">La incre\u00edble an\u00e9cdota de Gio Simeone con Robert De Niro<\/h2>\n<\/div>\n<\/div>\n<p><span class=\"back\" id=\"spanBackembeduwXOBQYm\"><\/span><\/div>\n<div class=\"JWvideoNota_title\" readability=\"8\">\n<p>El delantero del Torino le cont\u00f3 a Ole sobre el d\u00eda que coincidi\u00f3 en una pizzeria con el actor de Hollywood. (Video: Diego Paulich &#8211; Ol\u00e9).<\/p>\n<\/div>\n<\/div>\n<div class=\"custom-text \" readability=\"36\">\n<p>Durante su etapa en N\u00e1poles, un d\u00eda el delantero que hoy milita en el Torino <strong>coincidi\u00f3 en una pizzer\u00eda con el archi famoso actor hollywoodense, Robert De Niro y cont\u00f3 todos los detalles del encuentro<\/strong> que qued\u00f3 registrado en una foto que sale a luz por primera vez en <strong>Ol\u00e9<\/strong>.<\/p>\n<\/div>\n<p><h2><strong>Antonio Conte y el granizo<\/strong><\/h2>\n<\/p>\n<div class=\"sc-3c5a76cc-1 idjLTd\" readability=\"6.5\">\n<div class=\"sc-e8b2828-0 fBmEJc vertical\" type=\"embedvertical\">\n<div class=\"sc-e8b2828-1 iPLbWT videoText\" id=\"contentTitleembedverticalMIRVrUXw\" type=\"embedvertical\"><svg fill=\"#ffffff\"><symbol id=\"play\" viewBox=\"0 0 512 512\"><path d=\"M512 256C512 397.4 397.4 512 256 512C114.6 512 0 397.4 0 256C0 114.6 114.6 0 256 0C397.4 0 512 114.6 512 256zM176 168V344C176 352.7 180.7 360.7 188.3 364.9C195.8 369.2 205.1 369 212.5 364.5L356.5 276.5C363.6 272.1 368 264.4 368 256C368 247.6 363.6 239.9 356.5 235.5L212.5 147.5C205.1 142.1 195.8 142.8 188.3 147.1C180.7 151.3 176 159.3 176 168V168z\" \/><\/symbol><use xlink:href=\"#play\" \/><\/svg><\/p>\n<div class=\"right\">\n<p>Giovanni Simeone<!-- --> &#8211; <span>&nbsp;<\/span><\/p>\n<h2 class=\"title-vid\">Antonio Conte y el entrenamiento en medio del granizo<\/h2>\n<\/div>\n<\/div>\n<p><span class=\"back\" id=\"spanBackembedverticalMIRVrUXw\"><\/span><\/div>\n<div class=\"JWvideoNota_title\" readability=\"8\">\n<p>Gio Simeone cont\u00f3 una genial an\u00e9cdota cuando tuvo al entrenador italiano en el Napoli. (Video: Diego Paulich &#8211; Ol\u00e9)<\/p>\n<\/div>\n<\/div>\n<div class=\"custom-text \" readability=\"34\">\n<p>Eso a\u00f1os jugando para el Napoli, Gio tuvo la experiencia de <strong>tener como entrenador a Antonio Conte y le toc\u00f3 vivir una situaci\u00f3n bastante particular un d\u00eda de entrenamiento<\/strong> con lluvia y granizo.<\/p>\n<\/div>\n<div class=\"sc-a7166897-0 eoLsBE\" readability=\"7\">\n<section readability=\"4\"><picture><img alt=\"Gio Simeone: Su vida en Italia, los llamados de clubes argentinos para que vuelva y su futuro como t\u00e9cnico\" loading=\"lazy\" width=\"290\" height=\"290\" decoding=\"async\" data-nimg=\"1\" src=\"http:\/\/hoycordobaweb.com\/wp-content\/uploads\/2025\/10\/gio-simeone-out-of-context-la-imitacion-del-cholo-el-encuentro-con-de-niro-y-la-anecdota-con-conte-2.jpg\"><\/picture>\n<p><span>Mir\u00e1 tambi\u00e9n<\/span><\/p>\n<hr>\n<h3>Gio Simeone: Su vida en Italia, los llamados de clubes argentinos para que vuelva y su futuro como t\u00e9cnico<\/h3>\n<\/p>\n<\/section>\n<\/div>\n<div class=\"sc-a7166897-0 eoLsBE\" readability=\"6\">\n<section readability=\"2\"><picture><img alt=\"Duro golpe para Almeyda: el Sevilla perdi\u00f3 por realizar mal \u00a1un saque lateral!\" loading=\"lazy\" width=\"290\" height=\"290\" decoding=\"async\" data-nimg=\"1\" src=\"http:\/\/hoycordobaweb.com\/wp-content\/uploads\/2025\/10\/gio-simeone-out-of-context-la-imitacion-del-cholo-el-encuentro-con-de-niro-y-la-anecdota-con-conte-3.jpg\"><\/picture>\n<p><span>Mir\u00e1 tambi\u00e9n<\/span><\/p>\n<hr>\n<h3>Duro golpe para Almeyda: el Sevilla perdi\u00f3 por realizar mal \u00a1un saque lateral!<\/h3>\n<\/p>\n<\/section>\n<\/div>\n<div class=\"sc-a7166897-0 eoLsBE\" readability=\"6\">\n<section readability=\"2\"><picture><img alt=\"Messi: un mensaje especial y las 18 im\u00e1genes que us\u00f3\" loading=\"lazy\" width=\"290\" height=\"290\" decoding=\"async\" data-nimg=\"1\" src=\"http:\/\/hoycordobaweb.com\/wp-content\/uploads\/2025\/10\/gio-simeone-out-of-context-la-imitacion-del-cholo-el-encuentro-con-de-niro-y-la-anecdota-con-conte-4.jpg\"><\/picture>\n<p><span>Mir\u00e1 tambi\u00e9n<\/span><\/p>\n<hr>\n<h3>Messi: un mensaje especial y las 18 im\u00e1genes que us\u00f3<\/h3>\n<\/p>\n<\/section>\n<\/div>\n<div class=\"sc-a7166897-0 eoLsBE\" readability=\"6.5\">\n<section readability=\"3\"><picture><img alt=\"Antes de la revancha con Racing, Flamengo perdi\u00f3 con el Fortaleza de Palermo\" loading=\"lazy\" width=\"290\" height=\"290\" decoding=\"async\" data-nimg=\"1\" src=\"http:\/\/hoycordobaweb.com\/wp-content\/uploads\/2025\/10\/gio-simeone-out-of-context-la-imitacion-del-cholo-el-encuentro-con-de-niro-y-la-anecdota-con-conte-5.jpg\"><\/picture>\n<p><span>Mir\u00e1 tambi\u00e9n<\/span><\/p>\n<hr>\n<h3>Antes de la revancha con Racing, Flamengo perdi\u00f3 con el Fortaleza de Palermo<\/h3>\n<\/p>\n<\/section>\n<\/div>\n<div class=\"sc-a7166897-0 eoLsBE\" readability=\"6.5\">\n<section readability=\"3\"><picture><img alt=\"Video: la reacci\u00f3n de Flavio Briatore al error de Colapinto y el consuelo de su ingeniero\" loading=\"lazy\" width=\"290\" height=\"290\" decoding=\"async\" data-nimg=\"1\" src=\"http:\/\/hoycordobaweb.com\/wp-content\/uploads\/2025\/10\/gio-simeone-out-of-context-la-imitacion-del-cholo-el-encuentro-con-de-niro-y-la-anecdota-con-conte-6.jpg\"><\/picture>\n<p><span>Mir\u00e1 tambi\u00e9n<\/span><\/p>\n<hr>\n<h3>Video: la reacci\u00f3n de Flavio Briatore al error de Colapinto y el consuelo de su ingeniero<\/h3>\n<\/p>\n<\/section>\n<\/div>\n<\/div>\n","protected":false},"excerpt":{"rendered":"<p>25\/10\/2025 20:24hs. En medio de tantos goles que desde hace casi una d\u00e9cada viene convirtiendo en la liga italiana, Giovanni Simeone tambi\u00e9n guarda buenas an\u00e9cdotas. En una extensa entrevista con Ol\u00e9, en donde se refiri\u00f3 a su presente, los llamados que tuvo desde Argentina para volver a jugar, las ganas de ser entrenador en el [&hellip;]<\/p>\n","protected":false},"author":1,"featured_media":120452,"comment_status":"open","ping_status":"closed","sticky":false,"template":"","format":"standard","meta":[],"categories":[16],"tags":[],"_links":{"self":[{"href":"http:\/\/hoycordobaweb.com\/index.php\/wp-json\/wp\/v2\/posts\/120451"}],"collection":[{"href":"http:\/\/hoycordobaweb.com\/index.php\/wp-json\/wp\/v2\/posts"}],"about":[{"href":"http:\/\/hoycordobaweb.com\/index.php\/wp-json\/wp\/v2\/types\/post"}],"author":[{"embeddable":true,"href":"http:\/\/hoycordobaweb.com\/index.php\/wp-json\/wp\/v2\/users\/1"}],"replies":[{"embeddable":true,"href":"http:\/\/hoycordobaweb.com\/index.php\/wp-json\/wp\/v2\/comments?post=120451"}],"version-history":[{"count":0,"href":"http:\/\/hoycordobaweb.com\/index.php\/wp-json\/wp\/v2\/posts\/120451\/revisions"}],"wp:featuredmedia":[{"embeddable":true,"href":"http:\/\/hoycordobaweb.com\/index.php\/wp-json\/wp\/v2\/media\/120452"}],"wp:attachment":[{"href":"http:\/\/hoycordobaweb.com\/index.php\/wp-json\/wp\/v2\/media?parent=120451"}],"wp:term":[{"taxonomy":"category","embeddable":true,"href":"http:\/\/hoycordobaweb.com\/index.php\/wp-json\/wp\/v2\/categories?post=120451"},{"taxonomy":"post_tag","embeddable":true,"href":"http:\/\/hoycordobaweb.com\/index.php\/wp-json\/wp\/v2\/tags?post=120451"}],"curies":[{"name":"wp","href":"https:\/\/api.w.org\/{rel}","templated":true}]}}