{"id":120361,"date":"2025-10-25T10:34:40","date_gmt":"2025-10-25T10:34:40","guid":{"rendered":"https:\/\/www.mujerhoy.com\/moda\/no-te-pierdas\/princesa-leonor-tendencias-total-look-denim-chaqueta-ante-visita-pueblo-ejemplar-valdesoto-20251025121619-nt.html"},"modified":"2025-10-25T10:34:40","modified_gmt":"2025-10-25T10:34:40","slug":"la-princesa-leonor-lleva-a-valdesoto-la-chaqueta-de-ante-marron-que-busca-todo-el-mundo-con-un-look-vaquero-oscuro-que-estiliza","status":"publish","type":"post","link":"http:\/\/hoycordobaweb.com\/index.php\/2025\/10\/25\/la-princesa-leonor-lleva-a-valdesoto-la-chaqueta-de-ante-marron-que-busca-todo-el-mundo-con-un-look-vaquero-oscuro-que-estiliza\/","title":{"rendered":"La princesa Leonor lleva a Valdesoto la chaqueta de ante marr\u00f3n que busca todo el mundo, con un look vaquero oscuro que estiliza"},"content":{"rendered":"<p><!-- AUTHOR --><\/p>\n<div class=\"voc-author-timesocial \">\n<!-- AUTHOR --><\/p>\n<div class=\"voc-author-timesocial__signature \">\n<!-- IMAGE AUTHOR -->\n<picture class=\"voc-image-signature\">\n<img class=\"voc-image-signature__img\" src=\"http:\/\/hoycordobaweb.com\/wp-content\/uploads\/2025\/10\/la-princesa-leonor-lleva-a-valdesoto-la-chaqueta-de-ante-marron-que-busca-todo-el-mundo-con-un-look-vaquero-oscuro-que-estiliza.jpg\" alt=\"Elena Romero Vargas\">\n<\/picture>\n<!-- INFO AUTHOR --> <\/div><\/div>\n<p><!-- COMPONENTS --><\/p>\n<p class=\"voc-paragraph\">Tras la ceremonia de <a href=\"https:\/\/www.mujerhoy.com\/celebrities\/realeza\/letizia-oscura-premios-princesa-asturias-leonor-rebelde-sofia-incomoda-20251025004943-nt.html\" data-voc-vtm-id=\"in-text-traffic\" title=\"entrega de los Premios Princesa de Asturias 2025 \" data-mrf-link=\"www.mujerhoy.com\">entrega de los Premios Princesa de Asturias 2025 <\/a>que tuvo lugar la noche del viernes en el Teatro Campoamor de Oviedo, la familia real contin\u00faa con la agenda habitual en el marco de estos premios con la <strong>visita al Pueblo Ejemplar de Asturias 2025<\/strong>. Este a\u00f1o, el afortunado ha sido <a href=\"https:\/\/www.mujerhoy.com\/vivir\/ocio\/valdesoto-pueblo-ejemplar-asturias-2025-que-ver-comer-letizia-20251025124820-nt.html\" data-voc-vtm-id=\"in-text-traffic\" title=\"Valdesoto\" data-mrf-link=\"www.mujerhoy.com\">Valdesoto<\/a>, una parroquia del concejo de Siero que ha sido reconocida por su compromiso con el patrimonio y las tradiciones locales.<\/p>\n<p class=\"voc-paragraph\">Como cada a\u00f1o, los reyes y sus hijas se acercan al pueblo galardonado para conocerlo de primera mano y saludar a los vecinos. Si algo marca esta visita es el <strong>car\u00e1cter m\u00e1s informal <\/strong>que contrasta con <a href=\"https:\/\/www.mujerhoy.com\/moda\/no-te-pierdas\/looks-invitadas-premios-princesa-asturias-2025-sandra-gago-paloma-rocasolano-20251024181610-nt.html\" data-voc-vtm-id=\"in-text-traffic\" title=\"la elegancia propia de la noche \" data-mrf-link=\"www.mujerhoy.com\">la elegancia propia de la noche <\/a>anterior, algo que queda m\u00e1s que reflejado en los estilismos que los royals escogen para la ocasi\u00f3n.<\/p>\n<div class=\"v-c-cmp v-c-cmp--t1 \">\n<div class=\"v-cmp-rld v-cmp-rld--2 \">\n<div class=\"v-cnt-m v-cnt-m--m\">\n<div class=\"v-cnt-m__c\">\n<div class=\"v-cnt-m__w v-cnt-m__w--1\">\n<p class=\"v-cnt-m__t\">\nTAMBI\u00c9N TE INTERESA\n<\/p>\n<\/div>\n<\/div>\n<\/div>\n<div class=\"v-g v-g--2-c v-g--bdr-min-xs\">\n<div class=\"v-g__c \">\n<article class=\"v-a v-a--cmp-rld v-a--cmp-rld-2 v-a--p-l\">\n<div class=\"v-a-img-c\">\n<figure class=\"v-a-fig\">\n<a href=\"https:\/\/www.mujerhoy.com\/celebrities\/realeza\/cuatro-veces-leonor-vistio-mejor-letizia-premios-princesa-asturias-mejores-looks-20251022120906-nt.html#vtm_modulosEngag=mod-rel:moda:noticia:1:cmp:2-not\" class=\"v-a-link\" title=\"Las cuatro veces que Leonor se visti\u00f3 mejor que Letizia en los Premios Princesa de Asturias\"><br \/>\n<img loading=\"lazy\" class=\"v-a-img\" src=\"http:\/\/hoycordobaweb.com\/wp-content\/uploads\/2025\/10\/la-princesa-leonor-lleva-a-valdesoto-la-chaqueta-de-ante-marron-que-busca-todo-el-mundo-con-un-look-vaquero-oscuro-que-estiliza-1.jpg\" alt=\"Las cuatro veces que Leonor se visti\u00f3 mejor que Letizia en los Premios Princesa de Asturias\"><br \/>\n<\/a><br \/>\n<\/figure>\n<\/div>\n<\/article>\n<\/div>\n<div class=\"v-g__c \">\n<article class=\"v-a v-a--cmp-rld v-a--cmp-rld-2 v-a--p-l\">\n<div class=\"v-a-img-c\">\n<figure class=\"v-a-fig\">\n<a href=\"https:\/\/www.mujerhoy.com\/moda\/no-te-pierdas\/princesa-leonor-estrena-chaqueta-armani-concierto-premios-princesa-asturias-20251023195852-nt.html#vtm_modulosEngag=mod-rel:moda:noticia:2:cmp:2-not\" class=\"v-a-link\" title=\"Una princesa Leonor muy cl\u00e1sica estrena chaqueta de Armani en el Concierto de los Premios Princesa de Asturias\"><br \/>\n<img loading=\"lazy\" class=\"v-a-img\" src=\"http:\/\/hoycordobaweb.com\/wp-content\/uploads\/2025\/10\/la-princesa-leonor-lleva-a-valdesoto-la-chaqueta-de-ante-marron-que-busca-todo-el-mundo-con-un-look-vaquero-oscuro-que-estiliza-2.jpg\" alt=\"Una princesa Leonor muy cl\u00e1sica estrena chaqueta de Armani en el Concierto de los Premios Princesa de Asturias\"><br \/>\n<\/a><br \/>\n<\/figure>\n<\/div>\n<\/article>\n<\/div>\n<\/div>\n<\/div>\n<\/div>\n<p class=\"voc-paragraph\">La protagonista de la jornada es, sin duda, <strong>la princesa Leonor<\/strong>, heredera al trono y Presidenta de Honor de la Fundaci\u00f3n Princesa de Asturias desde 2014. Si en la entrega de los premios sorprendi\u00f3 con <a href=\"https:\/\/www.mujerhoy.com\/moda\/no-te-pierdas\/princesa-leonor-vestido-barato-hym-premios-princesa-asturias-20251024190909-nt.html\" data-voc-vtm-id=\"in-text-traffic\" title=\"un vestido de H&amp;M de lo m\u00e1s sofisticado\" data-mrf-link=\"www.mujerhoy.com\">un vestido de H&amp;M de lo m\u00e1s sofisticado<\/a>, en esta jornada la hija de Felipe y Letizia ha querido apostar por un estilismo mucho m\u00e1s casual donde las tendencias de la temporada han tenido mucho presencia.<\/p>\n<p class=\"voc-paragraph\">Ya viene siendo costumbre que en la visita al Pueblo Ejemplar tanto la princesa como su madre y<a href=\"https:\/\/www.mujerhoy.com\/moda\/no-te-pierdas\/leccion-estilo-infanta-sofia-chaqueta-corta-gris-pueblo-ejemplar-valdesoto-20251025114813-nt.html\" data-voc-vtm-id=\"in-text-traffic\" title=\" su hermana \" data-mrf-link=\"www.mujerhoy.com\"> su hermana <\/a>hagan alarde de un estilo m\u00e1s informal con propuestas que ponen de manifiesto su inter\u00e9s por la moda. En esta ocasi\u00f3n, Leonor ha demostrado estar <strong>muy al tanto de las novedades de este oto\u00f1o-invierno<\/strong>, pues ha combinado dos de las propuestas favoritas de las mejor vestidas para estos meses.<\/p>\n<div class=\"v-c-cmp \">\n<div class=\"v-cmp-m v-cmp-m--t1\">\n<article class=\"v-a v-a--cmp-m v-c-cmp--m-p\">\n<div class=\"v-a-img-c v-a-img-c--fw-xs\">\n<div class=\"v-a-fig\">\n<div class=\"v-a-link\">\n<img loading=\"lazy\" src=\"http:\/\/hoycordobaweb.com\/wp-content\/uploads\/2025\/10\/la-princesa-leonor-lleva-a-valdesoto-la-chaqueta-de-ante-marron-que-busca-todo-el-mundo-con-un-look-vaquero-oscuro-que-estiliza-3.jpg\" class=\"v-a-img\" width=\"650\" height=\"975\" alt=\"La familia real espa\u00f1ola en su visita a Valdesoto, Pueblo Ejemplar de Asturias 2025\" data-voc-vtm-id=\"in-text-traffic\">\n<\/div><figcaption class=\"v-fc\">\n<span class=\"v-fc__t\"><br \/>\nLa familia real espa\u00f1ola en su visita a Valdesoto, Pueblo Ejemplar de Asturias 2025<br \/>\n<\/span><br \/>\n<span class=\"v-fc__p\"><br \/>\nLIMITED PICTURES<br \/>\n<\/span><br \/>\n<\/figcaption><\/div>\n<\/div>\n<\/article>\n<\/div>\n<\/div>\n<p><h3 class=\"v-cmp-suh\">\nEl look tendencia de Leonor en Valdesoto<br \/>\n<\/h3>\n<\/p>\n<p class=\"voc-paragraph\">Las tres mujeres de la familia real espa\u00f1ola han escogido el vaquero como parte estrella de su look, pero en el caso de la princesa, lo ha llevado a otro nivel poniendo en pr\u00e1ctica la f\u00f3rmula de estilo favorita del momento: <strong>el total denim<\/strong>. En su caso, lo ha llevado en un mono vaquero de lo m\u00e1s juvenil que no le puede sentar mejor.<\/p>\n<p class=\"voc-paragraph\">Se trata de una pieza con cuello tipo camisa y escote en V y con pantal\u00f3n de pierna ancha, <strong>una elecci\u00f3n c\u00f3moda y actual <\/strong>que no puedes ser m\u00e1s acertada para la ocasi\u00f3n. Aunque el conjunto de camisa vaquera y pantalones cl\u00e1sicos en el mismo tejido siempre funciona, con esta propuesta la princesa Leonor nos demuestra que <a href=\"https:\/\/www.mujerhoy.com\/moda\/no-te-pierdas\/total-look-vaquero-tendencia-conjuntos-denim-20251010110044-nt.html\" data-voc-vtm-id=\"in-text-traffic\" title=\"el total denim siempre da m\u00e1s de s\u00ed \" data-mrf-link=\"www.mujerhoy.com\">el total denim siempre da m\u00e1s de s\u00ed <\/a>y que su resultado tan favorecedor hace que sea un b\u00e1sico en nuestros armarios de la temporada.<\/p>\n<div class=\"v-c-cmp \">\n<div class=\"v-cmp-m v-cmp-m--t1\">\n<article class=\"v-a v-a--cmp-m v-c-cmp--m-p\">\n<div class=\"v-a-img-c v-a-img-c--fw-xs\">\n<div class=\"v-a-fig\">\n<div class=\"v-a-link\">\n<img loading=\"lazy\" src=\"http:\/\/hoycordobaweb.com\/wp-content\/uploads\/2025\/10\/la-princesa-leonor-lleva-a-valdesoto-la-chaqueta-de-ante-marron-que-busca-todo-el-mundo-con-un-look-vaquero-oscuro-que-estiliza-4.jpg\" class=\"v-a-img\" width=\"650\" height=\"975\" alt=\"La princesa Leonor y el rey Felipe VI en Valdesoto, Pueblo Ejemplar de Asturias 2025\" data-voc-vtm-id=\"in-text-traffic\">\n<\/div><figcaption class=\"v-fc\">\n<span class=\"v-fc__t\"><br \/>\nLa princesa Leonor y el rey Felipe VI en Valdesoto, Pueblo Ejemplar de Asturias 2025<br \/>\n<\/span><br \/>\n<span class=\"v-fc__p\"><br \/>\nLIMITED PICTURES<br \/>\n<\/span><br \/>\n<\/figcaption><\/div>\n<\/div>\n<\/article>\n<\/div>\n<\/div>\n<p class=\"voc-paragraph\">Pero, sin duda, la joya de la corona en el estilismo de la princesa es <strong>la chaqueta de ante<\/strong>. Si hablamos de tendencias arrolladoras en esta temporada, esta prenda ocupa un lugar en el podio, y es que basta con echar un vistazo a las firmas de referencia y a los looks de street style m\u00e1s especiales para constatar su importancia en los armarios de esta temporada.<\/p>\n<p class=\"voc-paragraph\">La princesa ha combinado su mono denim con una <strong>chaqueta de estilo retro camisero con corte oversized y cinturon <\/strong> que la infanta lleva suelto y ligeramente ajustado por detr\u00e1s. La chaqueta aporta un toque de elegancia sin perder el car\u00e1cter desenfadado del estilismo. Para completar el look, Leonor ha querido poner un toque m\u00e1s de ante con unos <strong>botines de punta redonda <\/strong>que no le pueden ir mejor al tipo de pantal\u00f3n y que logra un resultado arm\u00f3nico en el conjunto.<\/p>\n<p class=\"voc-paragraph\">Completa el look con una elecci\u00f3n de <strong>joyas doradas <\/strong>que se concretan en unos pendientes redondos que aportan luminosidad al rostro y un singular anillo abierto en su mano izquierda, tambi\u00e9n muy juvenil. En cuanto al beauty look, ha llevado uno de sus peinados de confianza: una <strong>coleta pulida<\/strong> que le permite presumir de melena y un maquillaje sutil perfecto para el tipo de evento al que ha asistido.<\/p>\n<div class=\"v-c-cmp v-c-cmp--t1 \">\n<div class=\"v-cmp-rld v-cmp-rld--2 \">\n<div class=\"v-cnt-m v-cnt-m--m\">\n<div class=\"v-cnt-m__c\">\n<div class=\"v-cnt-m__w v-cnt-m__w--1\">\n<p class=\"v-cnt-m__t\">\nTAMBI\u00c9N TE INTERESA\n<\/p>\n<\/div>\n<\/div>\n<\/div>\n<div class=\"v-g v-g--2-c v-g--bdr-min-xs\">\n<div class=\"v-g__c \">\n<article class=\"v-a v-a--cmp-rld v-a--cmp-rld-2 v-a--p-l\">\n<div class=\"v-a-img-c\">\n<figure class=\"v-a-fig\">\n<a href=\"https:\/\/www.mujerhoy.com\/moda\/no-te-pierdas\/princesa-leonor-look-olite-zapatillas-blancas-pendientes-nuevos-20250927121850-nt.html#vtm_modulosEngag=mod-rel:moda:noticia:1:cmp:2-not\" class=\"v-a-link\" title=\"La princesa Leonor, de sport en Olite con un look con zapatillas y pendientes nuevos de cristal de Murano\"><br \/>\n<img loading=\"lazy\" class=\"v-a-img\" src=\"http:\/\/hoycordobaweb.com\/wp-content\/uploads\/2025\/10\/la-princesa-leonor-lleva-a-valdesoto-la-chaqueta-de-ante-marron-que-busca-todo-el-mundo-con-un-look-vaquero-oscuro-que-estiliza-5.jpg\" alt=\"La princesa Leonor, de sport en Olite con un look con zapatillas y pendientes nuevos de cristal de Murano\"><br \/>\n<\/a><br \/>\n<\/figure>\n<\/div>\n<\/article>\n<\/div>\n<div class=\"v-g__c \">\n<article class=\"v-a v-a--cmp-rld v-a--cmp-rld-2 v-a--p-l\">\n<div class=\"v-a-img-c\">\n<figure class=\"v-a-fig\">\n<a href=\"https:\/\/www.mujerhoy.com\/moda\/no-te-pierdas\/princesa-leonor-navarra-look-traje-chaqueta-20250926104410-nt.html#vtm_modulosEngag=mod-rel:moda:noticia:2:cmp:2-not\" class=\"v-a-link\" title=\"Leonor se estrena como princesa de Viana en Navarra con un traje de chaqueta de raya diplom\u00e1tica\"><br \/>\n<img loading=\"lazy\" class=\"v-a-img\" src=\"http:\/\/hoycordobaweb.com\/wp-content\/uploads\/2025\/10\/la-princesa-leonor-lleva-a-valdesoto-la-chaqueta-de-ante-marron-que-busca-todo-el-mundo-con-un-look-vaquero-oscuro-que-estiliza-6.jpg\" alt=\"Leonor se estrena como princesa de Viana en Navarra con un traje de chaqueta de raya diplom\u00e1tica\"><br \/>\n<\/a><br \/>\n<\/figure>\n<\/div>\n<\/article>\n<\/div>\n<\/div>\n<\/div>\n<\/div>\n<div class=\"media_block\"><\/div>\n","protected":false},"excerpt":{"rendered":"<p>Tras la ceremonia de entrega de los Premios Princesa de Asturias 2025 que tuvo lugar la noche del viernes en el Teatro Campoamor de Oviedo, la familia real contin\u00faa con la agenda habitual en el marco de estos premios con la visita al Pueblo Ejemplar de Asturias 2025. Este a\u00f1o, el afortunado ha sido Valdesoto, [&hellip;]<\/p>\n","protected":false},"author":1,"featured_media":120362,"comment_status":"closed","ping_status":"closed","sticky":false,"template":"","format":"standard","meta":[],"categories":[],"tags":[],"_links":{"self":[{"href":"http:\/\/hoycordobaweb.com\/index.php\/wp-json\/wp\/v2\/posts\/120361"}],"collection":[{"href":"http:\/\/hoycordobaweb.com\/index.php\/wp-json\/wp\/v2\/posts"}],"about":[{"href":"http:\/\/hoycordobaweb.com\/index.php\/wp-json\/wp\/v2\/types\/post"}],"author":[{"embeddable":true,"href":"http:\/\/hoycordobaweb.com\/index.php\/wp-json\/wp\/v2\/users\/1"}],"replies":[{"embeddable":true,"href":"http:\/\/hoycordobaweb.com\/index.php\/wp-json\/wp\/v2\/comments?post=120361"}],"version-history":[{"count":0,"href":"http:\/\/hoycordobaweb.com\/index.php\/wp-json\/wp\/v2\/posts\/120361\/revisions"}],"wp:featuredmedia":[{"embeddable":true,"href":"http:\/\/hoycordobaweb.com\/index.php\/wp-json\/wp\/v2\/media\/120362"}],"wp:attachment":[{"href":"http:\/\/hoycordobaweb.com\/index.php\/wp-json\/wp\/v2\/media?parent=120361"}],"wp:term":[{"taxonomy":"category","embeddable":true,"href":"http:\/\/hoycordobaweb.com\/index.php\/wp-json\/wp\/v2\/categories?post=120361"},{"taxonomy":"post_tag","embeddable":true,"href":"http:\/\/hoycordobaweb.com\/index.php\/wp-json\/wp\/v2\/tags?post=120361"}],"curies":[{"name":"wp","href":"https:\/\/api.w.org\/{rel}","templated":true}]}}