{"id":120343,"date":"2025-10-25T11:42:28","date_gmt":"2025-10-25T11:42:28","guid":{"rendered":"https:\/\/www.ole.com.ar\/independiente-rivadavia\/independiente-rivadavia-festejos-river-plate-copa-argentina-eliminacion-final-repercusiones-vila-centurion_0_XXpXW4jRa7.html"},"modified":"2025-10-25T11:42:28","modified_gmt":"2025-10-25T11:42:28","slug":"las-repercusiones-en-independiente-rivadavia-tras-la-eliminacion-a-river-y-el-delirio-en-el-vestuario-por-el-pasaje-a-la-final-de-la-copa-argentina","status":"publish","type":"post","link":"http:\/\/hoycordobaweb.com\/index.php\/2025\/10\/25\/las-repercusiones-en-independiente-rivadavia-tras-la-eliminacion-a-river-y-el-delirio-en-el-vestuario-por-el-pasaje-a-la-final-de-la-copa-argentina\/","title":{"rendered":"Las repercusiones en Independiente Rivadavia tras la eliminaci\u00f3n a River y el delirio en el vestuario por el pasaje a la final de la Copa Argentina"},"content":{"rendered":"<p><img src=\"http:\/\/hoycordobaweb.com\/wp-content\/uploads\/2025\/10\/las-repercusiones-en-independiente-rivadavia-tras-la-eliminacion-a-river-y-el-delirio-en-el-vestuario-por-el-pasaje-a-la-final-de-la-copa-argentina.jpg\"><\/p>\n<p><span class=\"createDate\">25\/10\/2025 08:42hs.<\/span><time class=\"modificatedDate\" datetime=\"2025-10-25T08:44:17-03:00\"> Actualizado al 25\/10\/2025 08:44hs.<\/time><\/p>\n<div id=\"storyBody\">\n<div class=\"custom-text \" readability=\"30.250950570342\">\n<p>Despu\u00e9s de lo que fue una noche hist\u00f3rica para <strong><a href=\"https:\/\/www.ole.com.ar\/tema\/independiente-rivadavia.html\" title=\"Independiente Rivadavia\" alt=\"Independiente Rivadavia\" class=\"slug\">Independiente Rivadavia<\/a><\/strong>, en la que logr\u00f3 eliminar al <strong><a href=\"https:\/\/www.ole.com.ar\/tema\/river-plate.html\" title=\"River Plate\" alt=\"River Plate\" class=\"slug\">River<\/a><\/strong> de Marcelo Gallardo para llegar a la final de una <strong><a href=\"https:\/\/www.ole.com.ar\/tema\/copa-argentina.html\" title=\"Copa Argentina\" alt=\"Copa Argentina\" class=\"slug\">Copa Argentina<\/a><\/strong> que podr\u00eda meterlo en la Libertadores del 2026,<strong> las repercusiones no tardaron en llegar<\/strong>.<\/p>\n<\/div>\n<div class=\"custom-text \" readability=\"38\">\n<p>Tras un rato largo de euf\u00f3ricos festejos en el vestuario del conjunto mendocino, en el que se vio a los futbolistas cantando, saltando y revoleando camisetas junto a miembros del Cuerpo T\u00e9cnico y algunos dirigentes, <strong>varios de los part\u00edcipes de esta haza\u00f1a hablaron en zona mixta<\/strong> sobre lo que signific\u00f3 el hist\u00f3rico triunfo por penales frente al equipo del Mu\u00f1eco.<\/p>\n<\/div>\n<div class=\"sc-e7b891c4-0 ifHnQL image-embed\"><img alt=\"El equipo de Berti se meti\u00f3 en la final (Juano Tesone).\" loading=\"lazy\" width=\"720\" height=\"100\" decoding=\"async\" data-nimg=\"1\" src=\"http:\/\/hoycordobaweb.com\/wp-content\/uploads\/2025\/10\/las-repercusiones-en-independiente-rivadavia-tras-la-eliminacion-a-river-y-el-delirio-en-el-vestuario-por-el-pasaje-a-la-final-de-la-copa-argentina-2.jpg\"><span class=\"epigraphe\">El equipo de Berti se meti\u00f3 en la final (Juano Tesone).<\/span><\/div>\n<p><h2><strong>Las repercusiones<\/strong><\/h2>\n<\/p>\n<div class=\"custom-text \" readability=\"40.17700729927\">\n<p>Uno de los primeros en hablar fue <strong><a href=\"https:\/\/www.ole.com.ar\/tema\/daniel-vila.html\" title=\"Daniel Vila\" alt=\"Daniel Vila\" class=\"slug\">Daniel Vila<\/a><\/strong>, presidente de la Lepra Mendocina que se mostr\u00f3 muy feliz en la zona de vestuarios y dijo: \u00abIndependiente est\u00e1 viviendo un momento hist\u00f3rico y va a jugar la final de la Copa Argentina, un hecho impensado cuando asumimos la conducci\u00f3n del club. Es el resultado del trabajo de la comisi\u00f3n directiva, los socios, el cuerpo t\u00e9cnico y los jugadores. <strong>Este Independiente Rivadavia tiene garra, lo que se llama huevo<\/strong>. Es un equipo que tiene mucho huevo, muchas ganas y lo demuestra adentro de la cancha\u00bb.<\/p>\n<\/div>\n<div class=\"custom-text \" readability=\"37.433403805497\">\n<p>A su vez, habl\u00f3 sobre el desarrollo del partido y la importancia de <strong><a href=\"https:\/\/www.ole.com.ar\/tema\/ezequiel-centurion.html\" title=\"Ezequiel Centurion\" alt=\"Ezequiel Centurion\" class=\"slug\">Ezequiel Centuri\u00f3n<\/a><\/strong>, quien tap\u00f3 uno de los penales de la tanda y sac\u00f3 dos pelotas clave en el partido. <strong>\u00abHemos trabajado mucho y al trabajo siempre lo tiene que acompa\u00f1ar un poco de suerte<\/strong>. Creo que esta vez la suerte estuvo de nuestro lado, porque los penales son una loter\u00eda. Hace tiempo que est\u00e1 Centu en Independiente y creo que cada vez se afianza m\u00e1s\u00bb, cerr\u00f3 el dirigente del conjunto cuyano.<\/p>\n<\/div>\n<div class=\"sc-e7b891c4-0 ifHnQL image-embed\"><img alt=\"De la mano de Villa, Independiente Rivadavia se meti\u00f3 en la final (Juano Tesone).\" loading=\"lazy\" width=\"720\" height=\"100\" decoding=\"async\" data-nimg=\"1\" src=\"http:\/\/hoycordobaweb.com\/wp-content\/uploads\/2025\/10\/las-repercusiones-en-independiente-rivadavia-tras-la-eliminacion-a-river-y-el-delirio-en-el-vestuario-por-el-pasaje-a-la-final-de-la-copa-argentina-3.jpg\"><span class=\"epigraphe\">De la mano de Villa, Independiente Rivadavia se meti\u00f3 en la final (Juano Tesone).<\/span><\/div>\n<div class=\"custom-text \" readability=\"41\">\n<p>Y fue tras estas declaraciones del presidente, que el propio arquero tambi\u00e9n se tom\u00f3 un tiempo para hablar post clasificaci\u00f3n y fue consultado sobre lo que signific\u00f3 este partido para \u00e9l, en especial por ser ex futbolista del Millo. \u00abNo lo tomo como una revancha. Estoy muy agradecido con River, porque me ha formado, que es lo m\u00e1s importante, y le debo todo. <strong>Hoy en d\u00eda me toca estar de este lado y voy a dar lo mejor de m\u00ed para dejar a Independiente Rivadavia en lo m\u00e1s alto\u00bb<\/strong>, explic\u00f3 el arquero de 28 a\u00f1os con una sonrisa en su cara por la clasificaci\u00f3n.<\/p>\n<\/div>\n<div class=\"sc-e7b891c4-0 ifHnQL image-embed\"><img alt=\"Centuri\u00f3n y su saludo con Gallardo (Juano Tesone).\" loading=\"lazy\" width=\"720\" height=\"100\" decoding=\"async\" data-nimg=\"1\" src=\"http:\/\/hoycordobaweb.com\/wp-content\/uploads\/2025\/10\/las-repercusiones-en-independiente-rivadavia-tras-la-eliminacion-a-river-y-el-delirio-en-el-vestuario-por-el-pasaje-a-la-final-de-la-copa-argentina-4.jpg\"><span class=\"epigraphe\">Centuri\u00f3n y su saludo con Gallardo (Juano Tesone).<\/span><\/div>\n<div class=\"custom-text \" readability=\"39\">\n<p>Otro que tambi\u00e9n mostr\u00f3 su alegr\u00eda fue <strong>Maximiliano Amarfil<\/strong>, volante de la Lepra Mendocina que dijo: <strong>\u00abEs un momento \u00fanico. Sentimos una felicidad inmensa por poder cumplir un objetivo m\u00e1s, que es llevar a Independiente a la final<\/strong>. Si me tocaba pateaba, pero justo en una pelota me acalambr\u00e9 y prefer\u00ed guardarme para que entre otro que estuviese m\u00e1s fresco. Nosotros <strong>nos jug\u00e1bamos la vida y lo tomamos as\u00ed<\/strong>. Salimos a buscarlo en todo momento, con nuestras armas y nos sali\u00f3\u00bb.<\/p>\n<\/div>\n<div class=\"sc-e7b891c4-0 ifHnQL image-embed\"><img alt=\"Batallando, Independiente Rivadavia se meti\u00f3 en la final (Juano Tesone).\" loading=\"lazy\" width=\"720\" height=\"100\" decoding=\"async\" data-nimg=\"1\" src=\"http:\/\/hoycordobaweb.com\/wp-content\/uploads\/2025\/10\/las-repercusiones-en-independiente-rivadavia-tras-la-eliminacion-a-river-y-el-delirio-en-el-vestuario-por-el-pasaje-a-la-final-de-la-copa-argentina-5.jpg\"><span class=\"epigraphe\">Batallando, Independiente Rivadavia se meti\u00f3 en la final (Juano Tesone).<\/span><\/div>\n<div class=\"custom-text \" readability=\"39\">\n<p>Por \u00faltimo, <strong>Fabrizio Sartori<\/strong>, quien fue a cambiarle la camiseta a Gonzalo Montiel en zona mixta e ingres\u00f3 en el segundo tiempo del partido, coment\u00f3: \u00abEs una emoci\u00f3n muy grande y siento mucha felicidad por el trabajo que se ven\u00eda haciendo. <strong>Hab\u00eda que so\u00f1ar y el grupo lo hizo. Se visualiz\u00f3 mucho la final<\/strong>. Yo en la semana pate\u00e9 dos penales y met\u00ed los dos, y no iba a cambiar. Centuri\u00f3n ataj\u00f3 algunos penales en la semana\u00bb.<\/p>\n<\/div>\n<p><h2><strong>Video: los festejos en el vestuario de Independiente Rivadavia<\/strong><\/h2>\n<\/p>\n<div class=\"sc-3c5a76cc-1 idjLTd\">\n<div class=\"sc-e8b2828-0 fBmEJc vertical\" type=\"embedvertical\">\n<div class=\"sc-e8b2828-1 iPLbWT videoText\" id=\"contentTitleembedverticalPzQj2Wca\" type=\"embedvertical\" readability=\"56\"><svg fill=\"#ffffff\"><symbol id=\"play\" viewBox=\"0 0 512 512\"><path d=\"M512 256C512 397.4 397.4 512 256 512C114.6 512 0 397.4 0 256C0 114.6 114.6 0 256 0C397.4 0 512 114.6 512 256zM176 168V344C176 352.7 180.7 360.7 188.3 364.9C195.8 369.2 205.1 369 212.5 364.5L356.5 276.5C363.6 272.1 368 264.4 368 256C368 247.6 363.6 239.9 356.5 235.5L212.5 147.5C205.1 142.1 195.8 142.8 188.3 147.1C180.7 151.3 176 159.3 176 168V168z\" \/><\/symbol><use xlink:href=\"#play\" \/><\/svg><\/p>\n<div class=\"right\" readability=\"7\">\n<p>Independiente Rivadavia<!-- --> &#8211; <span>&nbsp;<\/span><\/p>\n<h2 class=\"title-vid\">Delirio en el vestuario de Independiente Rivadavia tras meterse en la final <\/h2>\n<\/div>\n<\/div>\n<p><span class=\"back\" id=\"spanBackembedverticalPzQj2Wca\"><\/span><\/div>\n<div class=\"JWvideoNota_title\">\n<p>Video: @csir.oficial<\/p>\n<\/div>\n<\/div>\n<div class=\"sc-a7166897-0 eoLsBE\" readability=\"6.5\">\n<section readability=\"3\"><picture><img alt=\"Los memes de la eliminaci\u00f3n de River en Copa Argentina y la hist\u00f3rica clasificaci\u00f3n de Independiente Rivadavia a la final\" loading=\"lazy\" width=\"290\" height=\"290\" decoding=\"async\" data-nimg=\"1\" src=\"http:\/\/hoycordobaweb.com\/wp-content\/uploads\/2025\/10\/las-repercusiones-en-independiente-rivadavia-tras-la-eliminacion-a-river-y-el-delirio-en-el-vestuario-por-el-pasaje-a-la-final-de-la-copa-argentina-6.jpg\"><\/picture>\n<p><span>Mir\u00e1 tambi\u00e9n<\/span><\/p>\n<hr>\n<h3>Los memes de la eliminaci\u00f3n de River en Copa Argentina y la hist\u00f3rica clasificaci\u00f3n de Independiente Rivadavia a la final<\/h3>\n<\/p>\n<\/section>\n<\/div>\n<div class=\"sc-a7166897-0 eoLsBE\" readability=\"6\">\n<section readability=\"2\"><picture><img alt=\"El especial mensaje de Villa tras eliminar a River: &quot;Me ten\u00eda mucha fe&quot; \" loading=\"lazy\" width=\"290\" height=\"290\" decoding=\"async\" data-nimg=\"1\" src=\"http:\/\/hoycordobaweb.com\/wp-content\/uploads\/2025\/10\/las-repercusiones-en-independiente-rivadavia-tras-la-eliminacion-a-river-y-el-delirio-en-el-vestuario-por-el-pasaje-a-la-final-de-la-copa-argentina-7.jpg\"><\/picture>\n<p><span>Mir\u00e1 tambi\u00e9n<\/span><\/p>\n<hr>\n<h3>El especial mensaje de Villa tras eliminar a River: \u00abMe ten\u00eda mucha fe\u00bb <\/h3>\n<\/p>\n<\/section>\n<\/div>\n<div class=\"sc-a7166897-0 eoLsBE\" readability=\"6\">\n<section readability=\"2\"><picture><img alt=\"Video: la definici\u00f3n por penales que puso a Independiente Rivadavia en la final\" loading=\"lazy\" width=\"290\" height=\"290\" decoding=\"async\" data-nimg=\"1\" src=\"http:\/\/hoycordobaweb.com\/wp-content\/uploads\/2025\/10\/las-repercusiones-en-independiente-rivadavia-tras-la-eliminacion-a-river-y-el-delirio-en-el-vestuario-por-el-pasaje-a-la-final-de-la-copa-argentina-8.jpg\"><\/picture>\n<p><span>Mir\u00e1 tambi\u00e9n<\/span><\/p>\n<hr>\n<h3>Video: la definici\u00f3n por penales que puso a Independiente Rivadavia en la final<\/h3>\n<\/p>\n<\/section>\n<\/div>\n<\/div>\n","protected":false},"excerpt":{"rendered":"<p>25\/10\/2025 08:42hs. Actualizado al 25\/10\/2025 08:44hs. Despu\u00e9s de lo que fue una noche hist\u00f3rica para Independiente Rivadavia, en la que logr\u00f3 eliminar al River de Marcelo Gallardo para llegar a la final de una Copa Argentina que podr\u00eda meterlo en la Libertadores del 2026, las repercusiones no tardaron en llegar. Tras un rato largo de [&hellip;]<\/p>\n","protected":false},"author":1,"featured_media":120344,"comment_status":"open","ping_status":"closed","sticky":false,"template":"","format":"standard","meta":[],"categories":[16],"tags":[],"_links":{"self":[{"href":"http:\/\/hoycordobaweb.com\/index.php\/wp-json\/wp\/v2\/posts\/120343"}],"collection":[{"href":"http:\/\/hoycordobaweb.com\/index.php\/wp-json\/wp\/v2\/posts"}],"about":[{"href":"http:\/\/hoycordobaweb.com\/index.php\/wp-json\/wp\/v2\/types\/post"}],"author":[{"embeddable":true,"href":"http:\/\/hoycordobaweb.com\/index.php\/wp-json\/wp\/v2\/users\/1"}],"replies":[{"embeddable":true,"href":"http:\/\/hoycordobaweb.com\/index.php\/wp-json\/wp\/v2\/comments?post=120343"}],"version-history":[{"count":0,"href":"http:\/\/hoycordobaweb.com\/index.php\/wp-json\/wp\/v2\/posts\/120343\/revisions"}],"wp:featuredmedia":[{"embeddable":true,"href":"http:\/\/hoycordobaweb.com\/index.php\/wp-json\/wp\/v2\/media\/120344"}],"wp:attachment":[{"href":"http:\/\/hoycordobaweb.com\/index.php\/wp-json\/wp\/v2\/media?parent=120343"}],"wp:term":[{"taxonomy":"category","embeddable":true,"href":"http:\/\/hoycordobaweb.com\/index.php\/wp-json\/wp\/v2\/categories?post=120343"},{"taxonomy":"post_tag","embeddable":true,"href":"http:\/\/hoycordobaweb.com\/index.php\/wp-json\/wp\/v2\/tags?post=120343"}],"curies":[{"name":"wp","href":"https:\/\/api.w.org\/{rel}","templated":true}]}}