{"id":120259,"date":"2025-10-24T11:35:41","date_gmt":"2025-10-24T11:35:41","guid":{"rendered":"http:\/\/hoycordobaweb.com\/index.php\/2025\/10\/24\/vamos-corrientes-valdes-critico-a-la-oposicion-y-dijo-que-votar-por-ellos-es-obedecer-a-cristina-o-karina\/"},"modified":"2025-10-24T11:35:41","modified_gmt":"2025-10-24T11:35:41","slug":"vamos-corrientes-valdes-critico-a-la-oposicion-y-dijo-que-votar-por-ellos-es-obedecer-a-cristina-o-karina","status":"publish","type":"post","link":"http:\/\/hoycordobaweb.com\/index.php\/2025\/10\/24\/vamos-corrientes-valdes-critico-a-la-oposicion-y-dijo-que-votar-por-ellos-es-obedecer-a-cristina-o-karina\/","title":{"rendered":"Vamos Corrientes: Vald\u00e9s critic\u00f3 a la oposici\u00f3n y dijo que votar por ellos es \u00abobedecer a Cristina o Karina\u00bb"},"content":{"rendered":"<div class=\"media_block\"><\/div>\n<div><img src=\"http:\/\/hoycordobaweb.com\/wp-content\/uploads\/2025\/10\/vamos-corrientes-valdes-critico-a-la-oposicion-y-dijo-que-votar-por-ellos-es-obedecer-a-cristina-o-karina.jpg\" class=\"ff-og-image-inserted\"><\/div>\n<p>La alianza <strong>Vamos Corrientes<\/strong> cerr\u00f3 este jueves la campa\u00f1a de cara a las elecciones legislativas nacionales del domingo con un acto masivo en el Club San Mart\u00edn de la Capital. El encuentro fue encabezado por el gobernador y l\u00edder del espacio, <strong>Gustavo Vald\u00e9s<\/strong>, junto al gobernador electo <strong>Juan Pablo Vald\u00e9s<\/strong>.<\/p>\n<p class=\"destacadoNota\"><a target=\"_blank\" href=\"https:\/\/www.perfil.com\/noticias\/nea\/capitanich-llamo-a-votar-con-el-bolsillo-y-advirtio-el-82-de-los-chaquenos-esta-peor-que-antes.phtml\" rel=\"noopener noreferrer\"><strong>Capitanich llam\u00f3 a votar \u201ccon el bolsillo\u201d y advirti\u00f3: \u201cEl 82% de los chaque\u00f1os est\u00e1 peor que antes\u201d<\/strong><\/a><\/p>\n<p>En un duro discurso, el primer mandatario pidi\u00f3 mandar desde <strong>Corrientes<\/strong> al Congreso a \u00abdiputados &#8216;<strong>jaiteva<\/strong>&#8216;\u00bb (aut\u00e9nticos\/valientes) que \u00abse le planten al <strong>centralismo de Naci\u00f3n<\/strong> y nos defiendan\u00bb. Los candidatos impulsados por Vald\u00e9s son <strong>Di\u00f3genes Gonz\u00e1lez<\/strong>, <strong>Pr\u00e1xedes L\u00f3pez<\/strong> y <strong>Carlos Hern\u00e1ndez<\/strong>.<\/p>\n<h2><strong>Cr\u00edtica al centralismo y el llamado a la \u00abUni\u00f3n Nacional\u00bb<\/strong><\/h2>\n<p><strong>Vald\u00e9s<\/strong> bas\u00f3 su discurso en la defensa del federalismo, citando la <strong>Constituci\u00f3n de 1853<\/strong> de <strong>Juan Bautista Alberdi<\/strong>, que surgi\u00f3 de un triunfo federal para lograr un \u00abpie de igualdad\u00bb y la \u00abautonom\u00eda provincial\u00bb. En contraste, denunci\u00f3 que, a lo largo del tiempo, el centralismo fue \u00ab<strong>acogotando<\/strong>\u00bb a las provincias.<\/p>\n<p>El gobernador lament\u00f3 que la concentraci\u00f3n de poder y recursos en la macrociudad (por Buenos Aires) lleve a que \u00abmiles de correntinos emigraran para buscar mejor destino\u00bb. Para apelar a la unidad, parafrase\u00f3 al <strong>Mart\u00edn Fierro<\/strong> de Jos\u00e9 Hern\u00e1ndez: \u00abLas provincias sean unidas, esa es la ley primera, tengan uni\u00f3n verdadera en cualquier tiempo que sea\u00bb.<\/p>\n<p>Subray\u00f3 que la alianza <strong>Provincias Unidas<\/strong> est\u00e1 haciendo ese esfuerzo de juntarse para un \u00abnuevo desaf\u00edo hist\u00f3rico\u00bb, anteponiendo los intereses de los <strong>correntinos<\/strong> a los de los partidos.<\/p>\n<h2><strong>\u00abNo somos cholulos ni chupamedia de Cristina\u00bb<\/strong><\/h2>\n<p>El l\u00edder de <strong>Vamos Corrientes<\/strong> fue especialmente cr\u00edtico con la oposici\u00f3n local, asegurando que votar por otras listas es \u00abobedecer lo que dice <strong>Cristina<\/strong> o lo que dice <strong>Karina<\/strong>\u00ab, a quienes \u00abno les importa lo que pensamos los correntinos\u00bb.<\/p>\n<p>Inst\u00f3 a elegir diputados que \u00abnos defiendan, se planten y <strong>no se levanten por alguna prebenda o sean \u00f1oquis en el Congreso de la Naci\u00f3n<\/strong>\u00ab.<\/p>\n<p class=\"destacadoNota\"><a target=\"_blank\" href=\"https:\/\/www.perfil.com\/noticias\/nea\/gustavo-valdes-a-nacion-lo-unico-que-le-interesa-es-quedarse-con-la-plata-y-el-esfuerzo-de-las-provincias.phtml\" rel=\"noopener noreferrer\"><strong>Gustavo Vald\u00e9s: \u00abA Naci\u00f3n lo \u00fanico que le interesa es quedarse con la plata y el esfuerzo de las provincias\u00bb<\/strong><\/a><\/p>\n<p>Vald\u00e9s tambi\u00e9n critic\u00f3 a legisladores que \u00abse esconden o entregaron los principios\u00bb al no defender la educaci\u00f3n p\u00fablica y al <strong>Hospital Garrahan<\/strong>, un centro de salud creado por Ra\u00fal Ricardo Alfons\u00edn. Insisti\u00f3 en que Argentina necesita m\u00e1s profesionales, ciencia y tecnolog\u00eda, algo que \u201csolo da la <strong>universidad p\u00fablica y gratuita<\/strong>\u00ab.<\/p>\n<p>Para finalizar, el gobernador afirm\u00f3 que la <strong>elecci\u00f3n<\/strong> se trata de \u00ab<strong>ponerle una bisagra a la Argentina<\/strong>\u00ab. Concluy\u00f3 destacando la val\u00eda de sus candidatos: \u00abNo vamos al <strong>Congreso<\/strong> de la <strong>Naci\u00f3n<\/strong> a calentar la silla, ni porque somos cholulos, ni porque le chupamos las medias a <strong>Cristina<\/strong>. Nosotros vamos al <strong>Congreso de la Naci\u00f3n<\/strong> porque quieren los <strong>correntinos<\/strong>\u00ab.<\/p>\n<div class=\"article__tags\">\n<p>En esta Nota<\/p>\n<\/p><\/div>\n","protected":false},"excerpt":{"rendered":"<p>La alianza Vamos Corrientes cerr\u00f3 este jueves la campa\u00f1a de cara a las elecciones legislativas nacionales del domingo con un acto masivo en el Club San Mart\u00edn de la Capital. El encuentro fue encabezado por el gobernador y l\u00edder del espacio, Gustavo Vald\u00e9s, junto al gobernador electo Juan Pablo Vald\u00e9s. Capitanich llam\u00f3 a votar \u201ccon [&hellip;]<\/p>\n","protected":false},"author":1,"featured_media":120260,"comment_status":"closed","ping_status":"closed","sticky":false,"template":"","format":"standard","meta":[],"categories":[19],"tags":[322,310,350,1711,696,1484],"_links":{"self":[{"href":"http:\/\/hoycordobaweb.com\/index.php\/wp-json\/wp\/v2\/posts\/120259"}],"collection":[{"href":"http:\/\/hoycordobaweb.com\/index.php\/wp-json\/wp\/v2\/posts"}],"about":[{"href":"http:\/\/hoycordobaweb.com\/index.php\/wp-json\/wp\/v2\/types\/post"}],"author":[{"embeddable":true,"href":"http:\/\/hoycordobaweb.com\/index.php\/wp-json\/wp\/v2\/users\/1"}],"replies":[{"embeddable":true,"href":"http:\/\/hoycordobaweb.com\/index.php\/wp-json\/wp\/v2\/comments?post=120259"}],"version-history":[{"count":0,"href":"http:\/\/hoycordobaweb.com\/index.php\/wp-json\/wp\/v2\/posts\/120259\/revisions"}],"wp:featuredmedia":[{"embeddable":true,"href":"http:\/\/hoycordobaweb.com\/index.php\/wp-json\/wp\/v2\/media\/120260"}],"wp:attachment":[{"href":"http:\/\/hoycordobaweb.com\/index.php\/wp-json\/wp\/v2\/media?parent=120259"}],"wp:term":[{"taxonomy":"category","embeddable":true,"href":"http:\/\/hoycordobaweb.com\/index.php\/wp-json\/wp\/v2\/categories?post=120259"},{"taxonomy":"post_tag","embeddable":true,"href":"http:\/\/hoycordobaweb.com\/index.php\/wp-json\/wp\/v2\/tags?post=120259"}],"curies":[{"name":"wp","href":"https:\/\/api.w.org\/{rel}","templated":true}]}}