{"id":120257,"date":"2025-10-24T00:31:45","date_gmt":"2025-10-24T00:31:45","guid":{"rendered":"https:\/\/www.ole.com.ar\/lanus\/lanus-rodrigo-castillo-copa-sudamericana-universidad-chile_0_zWFsVn8vjY.html"},"modified":"2025-10-24T00:31:45","modified_gmt":"2025-10-24T00:31:45","slug":"rodrigo-castillo-tras-su-doblete-y-el-empate-de-lanus-en-la-sudamericana-en-casa-lo-vamos-a-hacer-mejor","status":"publish","type":"post","link":"http:\/\/hoycordobaweb.com\/index.php\/2025\/10\/24\/rodrigo-castillo-tras-su-doblete-y-el-empate-de-lanus-en-la-sudamericana-en-casa-lo-vamos-a-hacer-mejor\/","title":{"rendered":"Rodrigo Castillo tras su doblete y el empate de Lan\u00fas en la Sudamericana: \u201cEn casa lo vamos a hacer mejor\u201d"},"content":{"rendered":"<p><img src=\"http:\/\/hoycordobaweb.com\/wp-content\/uploads\/2025\/10\/rodrigo-castillo-tras-su-doblete-y-el-empate-de-lanus-en-la-sudamericana-en-casa-lo-vamos-a-hacer-mejor.jpg\"><\/p>\n<p><time class=\"createDate\" datetime=\"2025-10-23T21:31:45-03:00\">23\/10\/2025 21:31hs.<\/time><\/p>\n<div id=\"storyBody\">\n<div class=\"custom-text \" readability=\"34.272479564033\">\n<p><strong><a href=\"https:\/\/www.ole.com.ar\/tema\/rodrigo-castillo.html\" title=\"Rodrigo Castillo\" alt=\"Rodrigo Castillo\" class=\"slug\">Rodrigo Castillo<\/a> se rob\u00f3 todas las miradas en la ida de la semifinal contra <a href=\"https:\/\/www.ole.com.ar\/tema\/universidad-de-chile.html\" title=\"Universidad de Chile\" alt=\"Universidad de Chile\" class=\"slug\">Universidad de Chile<\/a><\/strong>. El h\u00e9roe de Lan\u00fas brill\u00f3 con un doblete y ayud\u00f3 a que el Granate se llevara un buen resultado del pa\u00eds trasandino, m\u00e1s all\u00e1 del 2-2. <strong>\u201cHicimos un esfuerzo enorme, pero queda la bronca de ir ganando 2-0 y que se nos escape sobre el final\u201d<\/strong>, cont\u00f3 el goleador.<\/p>\n<\/div>\n<div class=\"custom-text \" readability=\"46.058551617874\">\n<p><strong>Su camino no fue f\u00e1cil: <\/strong>comenz\u00f3 en Sportivo Rivadavia, de su Venado Tuerto natal, y con 19 a\u00f1os lleg\u00f3 a las Inferiores de <strong><a href=\"https:\/\/www.ole.com.ar\/tema\/river-plate.html\" title=\"River Plate\" alt=\"River Plate\" class=\"slug\">River<\/a><\/strong>. En 2020, con 21, se fue libre, sin debutar. Al a\u00f1o siguiente, lleg\u00f3 cedido a <strong><a href=\"https:\/\/www.ole.com.ar\/tema\/gimnasia-la-plata.html\" title=\"Gimnasia La Plata\" alt=\"Gimnasia La Plata\" class=\"slug\">Gimnasia<\/a><\/strong>, que un tiempo despu\u00e9s lo compr\u00f3 por su rendimiento en Reserva y lo prest\u00f3 a <strong>Deportivo Madryn,<\/strong> donde convirti\u00f3 12 goles en 36 partidos en 2022. Su regreso a La Plata en 2024 fue bueno, aunque en un contexto complicado (seis goles en 35 partidos). Sin embargo, su \u00faltimo semestre convenci\u00f3 a <strong>Lan\u00fas<\/strong>, que pag\u00f3 1,7 millones de d\u00f3lares por su pase. <strong>Y ahora suma ocho goles en 19 partidos jugados con la camiseta del Granate.<\/strong><\/p>\n<\/div>\n<div class=\"custom-text \" readability=\"35\">\n<p><strong>\u201cFueron lindos los goles, pero quer\u00edamos ganar, ven\u00edamos a eso\u201d<\/strong>, admiti\u00f3 Castillo.<\/p>\n<\/div>\n<div class=\"custom-text \" readability=\"37\">\n<p>Aunque el triunfo se les escap\u00f3 sobre el final con el penal que dio Daronco, la vuelta en la Fortaleza promete ser una fiesta. <strong>\u201cAhora queda la vuelta y creo que en casa lo vamos a hacer mejor\u201d<\/strong>, cerr\u00f3 el goleador, listo para brillar de nuevo ante su gente.<\/p>\n<\/div>\n<div class=\"sc-e7b891c4-0 ifHnQL image-embed\"><img alt=\"EFE\/ Elvis Gonz\u00e1lez.\" loading=\"lazy\" width=\"720\" height=\"100\" decoding=\"async\" data-nimg=\"1\" src=\"http:\/\/hoycordobaweb.com\/wp-content\/uploads\/2025\/10\/rodrigo-castillo-tras-su-doblete-y-el-empate-de-lanus-en-la-sudamericana-en-casa-lo-vamos-a-hacer-mejor-2.jpg\"><span class=\"epigraphe\">EFE\/ Elvis Gonz\u00e1lez.<\/span><\/div>\n<p><h2>Los goles de Castillo<\/h2>\n<\/p>\n<div class=\"sc-3c5a76cc-1 idjLTd\">\n<div class=\"sc-e8b2828-0 fBmEJc\" type=\"embed\">\n<div class=\"sc-e8b2828-1 iPLbWT videoText\" id=\"contentTitleembedl6ySNUyQ\" type=\"embed\"><svg fill=\"#ffffff\"><symbol id=\"play\" viewBox=\"0 0 512 512\"><path d=\"M512 256C512 397.4 397.4 512 256 512C114.6 512 0 397.4 0 256C0 114.6 114.6 0 256 0C397.4 0 512 114.6 512 256zM176 168V344C176 352.7 180.7 360.7 188.3 364.9C195.8 369.2 205.1 369 212.5 364.5L356.5 276.5C363.6 272.1 368 264.4 368 256C368 247.6 363.6 239.9 356.5 235.5L212.5 147.5C205.1 142.1 195.8 142.8 188.3 147.1C180.7 151.3 176 159.3 176 168V168z\" \/><\/symbol><use xlink:href=\"#play\" \/><\/svg><\/p>\n<div class=\"right\">\n<p>Rodrigo Castillo<!-- --> &#8211; <span>&nbsp;<\/span><\/p>\n<h2 class=\"title-vid\">Golazo de Rodrigo Castillo desde casi mitad de cancha<\/h2>\n<\/div>\n<\/div>\n<p><span class=\"back\" id=\"spanBackembedl6ySNUyQ\"><\/span><\/div>\n<\/div>\n<div class=\"sc-3c5a76cc-1 idjLTd\">\n<div class=\"sc-e8b2828-0 fBmEJc\" type=\"embed\">\n<div class=\"sc-e8b2828-1 iPLbWT videoText\" id=\"contentTitleembedbOMOY3Dg\" type=\"embed\"><svg fill=\"#ffffff\"><symbol id=\"play\" viewBox=\"0 0 512 512\"><path d=\"M512 256C512 397.4 397.4 512 256 512C114.6 512 0 397.4 0 256C0 114.6 114.6 0 256 0C397.4 0 512 114.6 512 256zM176 168V344C176 352.7 180.7 360.7 188.3 364.9C195.8 369.2 205.1 369 212.5 364.5L356.5 276.5C363.6 272.1 368 264.4 368 256C368 247.6 363.6 239.9 356.5 235.5L212.5 147.5C205.1 142.1 195.8 142.8 188.3 147.1C180.7 151.3 176 159.3 176 168V168z\" \/><\/symbol><use xlink:href=\"#play\" \/><\/svg><\/p>\n<div class=\"right\">\n<p>Rodrigo Castillo<!-- --> &#8211; <span>&nbsp;<\/span><\/p>\n<h2 class=\"title-vid\">El segundo gol de Rodrigo Castillo ante U. de Chile<\/h2>\n<\/div>\n<\/div>\n<p><span class=\"back\" id=\"spanBackembedbOMOY3Dg\"><\/span><\/div>\n<\/div>\n<p><h2>Los incidentes en la previa<\/h2>\n<\/p>\n<div class=\"sc-3c5a76cc-1 idjLTd\">\n<div class=\"sc-e8b2828-0 fBmEJc vertical\" type=\"embedvertical\">\n<div class=\"sc-e8b2828-1 iPLbWT videoText\" id=\"contentTitleembedverticalRphCYK1I\" type=\"embedvertical\"><svg fill=\"#ffffff\"><symbol id=\"play\" viewBox=\"0 0 512 512\"><path d=\"M512 256C512 397.4 397.4 512 256 512C114.6 512 0 397.4 0 256C0 114.6 114.6 0 256 0C397.4 0 512 114.6 512 256zM176 168V344C176 352.7 180.7 360.7 188.3 364.9C195.8 369.2 205.1 369 212.5 364.5L356.5 276.5C363.6 272.1 368 264.4 368 256C368 247.6 363.6 239.9 356.5 235.5L212.5 147.5C205.1 142.1 195.8 142.8 188.3 147.1C180.7 151.3 176 159.3 176 168V168z\" \/><\/symbol><use xlink:href=\"#play\" \/><\/svg><\/p>\n<div class=\"right\">\n<p>Lan\u00fas<!-- --> &#8211; <span>&nbsp;<\/span><\/p>\n<h2 class=\"title-vid\">El micro de Lan\u00fas fue atacado por los hinchas de la U. de Chile<\/h2>\n<\/div>\n<\/div>\n<p><span class=\"back\" id=\"spanBackembedverticalRphCYK1I\"><\/span><\/div>\n<div class=\"JWvideoNota_title\">\n<p>@totosalvio<\/p>\n<\/div>\n<\/div>\n<div class=\"sc-a7166897-0 eoLsBE\" readability=\"6\">\n<section readability=\"2\"><picture><img alt=\"La repercusi\u00f3n en redes del ataque de los hinchas de la U al micro de Lan\u00fas\" loading=\"lazy\" width=\"290\" height=\"290\" decoding=\"async\" data-nimg=\"1\" src=\"http:\/\/hoycordobaweb.com\/wp-content\/uploads\/2025\/10\/rodrigo-castillo-tras-su-doblete-y-el-empate-de-lanus-en-la-sudamericana-en-casa-lo-vamos-a-hacer-mejor-3.jpg\"><\/picture>\n<p><span>Mir\u00e1 tambi\u00e9n<\/span><\/p>\n<hr>\n<h3>La repercusi\u00f3n en redes del ataque de los hinchas de la U al micro de Lan\u00fas<\/h3>\n<\/p>\n<\/section>\n<\/div>\n<div class=\"sc-a7166897-0 eoLsBE\" readability=\"6\">\n<section readability=\"2\"><picture><img alt=\"Hubo una reuni\u00f3n urgente tras la agresi\u00f3n a Lan\u00fas y la represi\u00f3n policial\" loading=\"lazy\" width=\"290\" height=\"290\" decoding=\"async\" data-nimg=\"1\" src=\"http:\/\/hoycordobaweb.com\/wp-content\/uploads\/2025\/10\/rodrigo-castillo-tras-su-doblete-y-el-empate-de-lanus-en-la-sudamericana-en-casa-lo-vamos-a-hacer-mejor-4.jpg\"><\/picture>\n<p><span>Mir\u00e1 tambi\u00e9n<\/span><\/p>\n<hr>\n<h3>Hubo una reuni\u00f3n urgente tras la agresi\u00f3n a Lan\u00fas y la represi\u00f3n policial<\/h3>\n<\/p>\n<\/section>\n<\/div>\n<div class=\"sc-a7166897-0 eoLsBE\" readability=\"6\">\n<section readability=\"2\"><picture><img alt=\"Video: la agresi\u00f3n de los hinchas de la U. de Chile al micro de Lan\u00fas\" loading=\"lazy\" width=\"290\" height=\"290\" decoding=\"async\" data-nimg=\"1\" src=\"http:\/\/hoycordobaweb.com\/wp-content\/uploads\/2025\/10\/rodrigo-castillo-tras-su-doblete-y-el-empate-de-lanus-en-la-sudamericana-en-casa-lo-vamos-a-hacer-mejor-5.jpg\"><\/picture>\n<p><span>Mir\u00e1 tambi\u00e9n<\/span><\/p>\n<hr>\n<h3>Video: la agresi\u00f3n de los hinchas de la U. de Chile al micro de Lan\u00fas<\/h3>\n<\/p>\n<\/section>\n<\/div>\n<\/div>\n","protected":false},"excerpt":{"rendered":"<p>23\/10\/2025 21:31hs. Rodrigo Castillo se rob\u00f3 todas las miradas en la ida de la semifinal contra Universidad de Chile. El h\u00e9roe de Lan\u00fas brill\u00f3 con un doblete y ayud\u00f3 a que el Granate se llevara un buen resultado del pa\u00eds trasandino, m\u00e1s all\u00e1 del 2-2. \u201cHicimos un esfuerzo enorme, pero queda la bronca de ir [&hellip;]<\/p>\n","protected":false},"author":1,"featured_media":120258,"comment_status":"open","ping_status":"closed","sticky":false,"template":"","format":"standard","meta":[],"categories":[16],"tags":[],"_links":{"self":[{"href":"http:\/\/hoycordobaweb.com\/index.php\/wp-json\/wp\/v2\/posts\/120257"}],"collection":[{"href":"http:\/\/hoycordobaweb.com\/index.php\/wp-json\/wp\/v2\/posts"}],"about":[{"href":"http:\/\/hoycordobaweb.com\/index.php\/wp-json\/wp\/v2\/types\/post"}],"author":[{"embeddable":true,"href":"http:\/\/hoycordobaweb.com\/index.php\/wp-json\/wp\/v2\/users\/1"}],"replies":[{"embeddable":true,"href":"http:\/\/hoycordobaweb.com\/index.php\/wp-json\/wp\/v2\/comments?post=120257"}],"version-history":[{"count":0,"href":"http:\/\/hoycordobaweb.com\/index.php\/wp-json\/wp\/v2\/posts\/120257\/revisions"}],"wp:featuredmedia":[{"embeddable":true,"href":"http:\/\/hoycordobaweb.com\/index.php\/wp-json\/wp\/v2\/media\/120258"}],"wp:attachment":[{"href":"http:\/\/hoycordobaweb.com\/index.php\/wp-json\/wp\/v2\/media?parent=120257"}],"wp:term":[{"taxonomy":"category","embeddable":true,"href":"http:\/\/hoycordobaweb.com\/index.php\/wp-json\/wp\/v2\/categories?post=120257"},{"taxonomy":"post_tag","embeddable":true,"href":"http:\/\/hoycordobaweb.com\/index.php\/wp-json\/wp\/v2\/tags?post=120257"}],"curies":[{"name":"wp","href":"https:\/\/api.w.org\/{rel}","templated":true}]}}