{"id":12022,"date":"2021-02-07T08:01:37","date_gmt":"2021-02-07T08:01:37","guid":{"rendered":"https:\/\/www.espinof.com\/criticas\/vitals-optimista-serie-documental-hbo-espana-que-recoge-lado-humano-primeros-meses-pandemia"},"modified":"2021-02-07T08:01:37","modified_gmt":"2021-02-07T08:01:37","slug":"vitals-una-optimista-serie-documental-de-hbo-espana-que-recoge-el-lado-mas-humano-de-los-primeros-meses-de-pandemia","status":"publish","type":"post","link":"http:\/\/hoycordobaweb.com\/index.php\/2021\/02\/07\/vitals-una-optimista-serie-documental-de-hbo-espana-que-recoge-el-lado-mas-humano-de-los-primeros-meses-de-pandemia\/","title":{"rendered":"&#8216;Vitals&#8217;: una optimista serie documental de HBO Espa\u00f1a que recoge el lado m\u00e1s humano de los primeros meses de pandemia"},"content":{"rendered":"<p>La primera secuencia de &#8216;<a href=\"https:\/\/www.espinof.com\/trailers\/trailer-fecha-estreno-vitals-docuserie-hbo-se-adentra-hospital-barcelona-plena-primera-ola-coronavirus\">Vitals<\/a>&#8216;, la serie documental original de <a href=\"https:\/\/www.espinof.com\/redirect?url=http%3A%2F%2Fes.hboespana.com%2F&amp;category=criticas\">HBO Espa\u00f1a<\/a>, ya da una gran pista sobre lo que vamos a ver en las siguientes tres horas (tres episodios): una canci\u00f3n, en catal\u00e1n, optimista sobre la situaci\u00f3n que nos toca vivir. <strong>Ese \u00abtodo ir\u00e1 bien\u00bb es el mensaje claro de la docuserie<\/strong>, que nos lleva por pasillos de un hospital de Sabadell, Barcelona.<\/p>\n<p><!-- BREAK 1 --><\/p>\n<p>Rodada a lo largo de varias semanas, de marzo a junio, en plena primera ola de la pandemia por COVID-19, <strong>el director F\u00e8lix Colomer se adentra en el Parc Taul\u00ed<\/strong> siguiendo el d\u00eda a d\u00eda de varias enfermeras y convalecientes en lo que se ven saturados por la situaci\u00f3n, por el ahogo y las terribles consecuencias de la enfermedad.<\/p>\n<p><!-- BREAK 2 --> <\/p>\n<div class=\"article-asset article-asset-normal article-asset-center\">\n<div class=\"desvio-container\">\n<div class=\"desvio\">\n<div class=\"desvio-figure js-desvio-figure\"> <a href=\"https:\/\/www.espinof.com\/listas\/peliculas-alternativas-para-sustituir-a-grandes-estrenos-temporada-aplazados\"> <img alt=\"17 pel\u00edculas alternativas para sustituir a los grandes estrenos aplazados por el coronavirus\" src=\"http:\/\/hoycordobaweb.com\/wp-content\/uploads\/2021\/02\/vitals-una-optimista-serie-documental-de-hbo-espana-que-recoge-el-lado-mas-humano-de-los-primeros-meses-de-pandemia.jpg\"> <\/a> <\/div><\/div><\/div>\n<\/div>\n<p>Esto narrado a trav\u00e9s de la historia\/experiencia de varias personas: Alfredo y Matilde, a punto de celebrar 50 a\u00f1os de casados que acaban ingresados en la misma habitaci\u00f3n; Vanessa, enfermera de 34 a\u00f1os que es ingresada varias veces en el hospital; y Sandra y Noem\u00ed, auxiliares de enfermer\u00eda que trabajan en la \u00abplanta COVID\u00bb. Estos son los, por as\u00ed decirlo, sujetos principales de la trama de la docuserie.<\/p>\n<p><!-- BREAK 3 --><\/p>\n<h2>Una serie de no ficci\u00f3n que apuesta por el drama humano<\/h2>\n<p>M\u00e1s que un documental (que s\u00ed que lo es), <strong>&#8216;Vitals&#8217; encaja perfectamente en la emergente etiqueta de \u00abserie de no ficci\u00f3n\u00bb<\/strong>. Lo hace en un sentido en el que la mirada de la c\u00e1mara nunca va hacia la frialdad de los hechos, de los datos, sino que apuesta por el drama humano de la situaci\u00f3n. Por lo emotivo, lo emocional.<\/p>\n<p><!-- BREAK 4 --><\/p>\n<p>Una decisi\u00f3n bien consciente \u2014de hecho, lleva por subt\u00edtulo &#8216;Una historia humana&#8217;\u2014 ante la avalancha de cifras, de datos, de bulos, de verdades, media verdades e incluso <strong>el efecto de indiferencia que produce ya toda la informaci\u00f3n que tenga que ver con el coronavirus<\/strong>. A Colomer solo le interesa eso cuando impacta directamente en sus protagonistas. No va tanto sobre si hay diez o mil casos ese d\u00eda, sino si hay o no EPIs, si las mascarillas faltan o c\u00f3mo se lleva el que los pacientes no puedan recibir visitas.<\/p>\n<p><!-- BREAK 5 --><\/p>\n<h2>Observaci\u00f3n con naturalidad<\/h2>\n<div class=\"article-asset-image article-asset-large\">\n<div class=\"asset-content\"> <img class=\"sf-lazy \" data-sf-srcset=\"http:\/\/hoycordobaweb.com\/wp-content\/uploads\/2021\/02\/vitals-una-optimista-serie-documental-de-hbo-espana-que-recoge-el-lado-mas-humano-de-los-primeros-meses-de-pandemia-1.jpg 450w, http:\/\/hoycordobaweb.com\/wp-content\/uploads\/2021\/02\/vitals-una-optimista-serie-documental-de-hbo-espana-que-recoge-el-lado-mas-humano-de-los-primeros-meses-de-pandemia-5.jpg 681w,http:\/\/hoycordobaweb.com\/wp-content\/uploads\/2021\/02\/vitals-una-optimista-serie-documental-de-hbo-espana-que-recoge-el-lado-mas-humano-de-los-primeros-meses-de-pandemia-6.jpg 1024w, http:\/\/hoycordobaweb.com\/wp-content\/uploads\/2021\/02\/vitals-una-optimista-serie-documental-de-hbo-espana-que-recoge-el-lado-mas-humano-de-los-primeros-meses-de-pandemia-7.jpg 1366w,\" data-sf-src=\"http:\/\/hoycordobaweb.com\/wp-content\/uploads\/2021\/02\/vitals-una-optimista-serie-documental-de-hbo-espana-que-recoge-el-lado-mas-humano-de-los-primeros-meses-de-pandemia-1.jpg\" alt=\"Vitals Vanesa\"> <noscript><img alt=\"Vitals Vanesa\" class src=\"http:\/\/hoycordobaweb.com\/wp-content\/uploads\/2021\/02\/vitals-una-optimista-serie-documental-de-hbo-espana-que-recoge-el-lado-mas-humano-de-los-primeros-meses-de-pandemia-1.jpg\"><\/noscript> <\/div>\n<\/div>\n<p>La <strong>observaci\u00f3n de este d\u00eda a d\u00eda es lo m\u00e1s natural posible, es sobria<\/strong>. Tanto que prescinde de explicaciones e incluso de esos preparados testimoniales tan habituales en el formato. No hay interacci\u00f3n con las c\u00e1maras, no hay diagramas ni largas presentaciones.<\/p>\n<p><!-- BREAK 6 --><\/p>\n<div class=\"article-asset article-asset-normal article-asset-center\">\n<div class=\"desvio-container\">\n<div class=\"desvio\">\n<div class=\"desvio-figure js-desvio-figure\"> <a href=\"https:\/\/www.espinof.com\/listas\/mejores-peliculas-netflix-amazon-hbo-disney-plus-movistar-filmin-2020\"> <img alt=\"Las 19 mejores pel\u00edculas de Netflix, Amazon, HBO, Disney+, Movistar+ y Filmin estrenadas en 2020\" src=\"http:\/\/hoycordobaweb.com\/wp-content\/uploads\/2021\/02\/vitals-una-optimista-serie-documental-de-hbo-espana-que-recoge-el-lado-mas-humano-de-los-primeros-meses-de-pandemia-2.jpg\"> <\/a> <\/div><\/div><\/div>\n<\/div>\n<p>No s\u00e9 si es m\u00e1s consecuencia de esa b\u00fasqueda por la naturalidad o por alg\u00fan otro factor, pero eso hace que la serie sea un tanto mon\u00f3tona. Por lo menos creo que, al montar el documental, Colomer y compa\u00f1\u00eda<strong> no han logrado encontrar un ritmo adecuado<\/strong> para ir contando las diferentes historias. Esto hace que poco a poco el inter\u00e9s decaiga y si eso sucede es muy dif\u00edcil remontar el vuelo.<\/p>\n<p><!-- BREAK 7 --><\/p>\n<p>M\u00e1s que contar historia, &#8216;Vitals&#8217; <strong>quiere recoger el esp\u00edritu de esa \u00e9poca, esa luz de esperanza<\/strong> que tantas veces nos ha ayudado a levantarnos durante el porrazo inicial que supuso el inicio del estado de alarma. Es un buen reconocimiento, e incluso homenaje, a los que han estado al pi\u00e9 del ca\u00f1\u00f3n en el hospital. Sea cuidando a los enfermos sea estando postrando en las camas.<\/p>\n<p><!-- BREAK 8 --><!-- PIVOT START --><\/p>\n<div class=\"pivot-ecommerce-container\">\n<div class=\"pivot-ecommerce\" readability=\"6.2777777777778\">\n<div class=\"pivot-ecommerce-figure\"> <img alt=\"Ahorra m\u00e1s de un 20% en la suscripci\u00f3n anual (69,99\u20ac) o mensual (6,99\u20ac) a Disney+ antes del 23 de febrero.\" src=\"http:\/\/hoycordobaweb.com\/wp-content\/uploads\/2021\/02\/vitals-una-optimista-serie-documental-de-hbo-espana-que-recoge-el-lado-mas-humano-de-los-primeros-meses-de-pandemia-3.jpg\"> <\/div>\n<div class=\"pivot-ecommerce-summary\" readability=\"8.3703703703704\">\n<p class=\"pivot-ecommerce-desc\">Ahorra m\u00e1s de un 20% en la suscripci\u00f3n anual (69,99\u20ac) o mensual (6,99\u20ac) a Disney+ antes del 23 de febrero.<\/p>\n<\/p><\/div><\/div>\n<\/div>\n<p><!-- PIVOT END --> <\/p>\n","protected":false},"excerpt":{"rendered":"<p>La primera secuencia de &#8216;Vitals&#8216;, la serie documental original de HBO Espa\u00f1a, ya da una gran pista sobre lo que vamos a ver en las siguientes tres horas (tres episodios): una canci\u00f3n, en catal\u00e1n, optimista sobre la situaci\u00f3n que nos toca vivir. Ese \u00abtodo ir\u00e1 bien\u00bb es el mensaje claro de la docuserie, que nos [&hellip;]<\/p>\n","protected":false},"author":1,"featured_media":12023,"comment_status":"open","ping_status":"closed","sticky":false,"template":"","format":"standard","meta":[],"categories":[1],"tags":[],"_links":{"self":[{"href":"http:\/\/hoycordobaweb.com\/index.php\/wp-json\/wp\/v2\/posts\/12022"}],"collection":[{"href":"http:\/\/hoycordobaweb.com\/index.php\/wp-json\/wp\/v2\/posts"}],"about":[{"href":"http:\/\/hoycordobaweb.com\/index.php\/wp-json\/wp\/v2\/types\/post"}],"author":[{"embeddable":true,"href":"http:\/\/hoycordobaweb.com\/index.php\/wp-json\/wp\/v2\/users\/1"}],"replies":[{"embeddable":true,"href":"http:\/\/hoycordobaweb.com\/index.php\/wp-json\/wp\/v2\/comments?post=12022"}],"version-history":[{"count":0,"href":"http:\/\/hoycordobaweb.com\/index.php\/wp-json\/wp\/v2\/posts\/12022\/revisions"}],"wp:featuredmedia":[{"embeddable":true,"href":"http:\/\/hoycordobaweb.com\/index.php\/wp-json\/wp\/v2\/media\/12023"}],"wp:attachment":[{"href":"http:\/\/hoycordobaweb.com\/index.php\/wp-json\/wp\/v2\/media?parent=12022"}],"wp:term":[{"taxonomy":"category","embeddable":true,"href":"http:\/\/hoycordobaweb.com\/index.php\/wp-json\/wp\/v2\/categories?post=12022"},{"taxonomy":"post_tag","embeddable":true,"href":"http:\/\/hoycordobaweb.com\/index.php\/wp-json\/wp\/v2\/tags?post=12022"}],"curies":[{"name":"wp","href":"https:\/\/api.w.org\/{rel}","templated":true}]}}