{"id":120159,"date":"2025-10-23T11:10:57","date_gmt":"2025-10-23T11:10:57","guid":{"rendered":"http:\/\/hoycordobaweb.com\/index.php\/2025\/10\/23\/el-agrandamiento-de-santiago-caputo-precipito-la-traicion-de-gerardo-werthein\/"},"modified":"2025-10-23T11:10:57","modified_gmt":"2025-10-23T11:10:57","slug":"el-agrandamiento-de-santiago-caputo-precipito-la-traicion-de-gerardo-werthein","status":"publish","type":"post","link":"http:\/\/hoycordobaweb.com\/index.php\/2025\/10\/23\/el-agrandamiento-de-santiago-caputo-precipito-la-traicion-de-gerardo-werthein\/","title":{"rendered":"El agrandamiento de Santiago Caputo precipit\u00f3 la traici\u00f3n de Gerardo Werthein"},"content":{"rendered":"<div class=\"media_block\"><\/div>\n<div><img src=\"http:\/\/hoycordobaweb.com\/wp-content\/uploads\/2025\/10\/el-agrandamiento-de-santiago-caputo-precipito-la-traicion-de-gerardo-werthein.jpg\" class=\"ff-og-image-inserted\"><\/div>\n<p><strong>Pa\u00eds con sugerentes rarezas pol\u00edticas.<\/strong> Como la del pr\u00f3ximo domingo, d\u00eda en que el Gobierno promueve un doble fen\u00f3meno para el comicio general: convoca a votar por La Libertad Avanza que preside porque promete cambios clave de todo tipo en su administraci\u00f3n y, al mismo tiempo, su convite incluye la seguridad de que conservar\u00e1 a sangre y fuego el modelo que lo caracteriza desde que lleg\u00f3 a la Casa Rosada. Desconcertante. Y la singularidad la ejerce el propio Presidente, quien enarbola su convicci\u00f3n de que es correcto el camino propuesto, con los mejores ministros del mundo, y simult\u00e1neamente advierte que desde el lunes se inicia una proceso de alteraci\u00f3n de figuras en su equipo y una orientaci\u00f3n diferente, radical, en su relaci\u00f3n con provincias y gobernadores. Dijo <a target=\"_blank\" href=\"https:\/\/www.perfil.com\/noticias\/politica\/javier-milei-le-pidio-el-voto-a-los-cordobeses-con-una-caravana-por-la-capital-provincialnunca-dije-que-iba-a-ser-facil.phtml\" rel=\"noopener noreferrer\"><strong>Javier Milei<\/strong><\/a>, por ejemplo, que <a target=\"_blank\" href=\"https:\/\/www.perfil.com\/noticias\/canal-e\/si-sale-santiago-caputo-de-la-oscuridad-y-se-transforma-en-un-funcionario-hecho-y-derecho-algunos-se-van-a-ir.phtml\" rel=\"noopener noreferrer\"><strong>Santiago Caputo<\/strong><\/a> se incorporar\u00e1 \u201cabsolutamente\u201d al Gabinete, abandonando su cargo de asesor favorito; tambi\u00e9n advirti\u00f3 sobre la remoci\u00f3n imprecisa de otros funcionarios, y se compromete a realizar acuerdos con participantes de la pol\u00edtica que hasta ahora eran distantes o votaban en su contra en el Parlamento. Esto es, un men\u00fa oficial que ofrece platos para el vegano, el carn\u00edvoro, el herb\u00edvoro o el ovovegatariano, cuando del mandatario \u2014se sab\u00eda\u2014 solo detestaba las papas fritas. Una extravagancia el planteo, m\u00e1s densa sin embargo que el silencio hospital del kirchnerismo en la campa\u00f1a, interpretado por un<strong> Marcel Marceau de turno, Jorge Taiana<\/strong> o, ins\u00f3litamente, por un lenguaraz de nota, Juan Grabois, a quien una voz misteriosa le orden\u00f3 esconderse junto a una instrucci\u00f3n propia del ex Rey Juan Carlos: \u201cT\u00fa te callas\u201d.<\/p>\n<p class=\"destacadoNota\"><a target=\"_blank\" href=\"https:\/\/noticias.perfil.com\/noticias\/politica\/renuncia-de-werthein-la-venganza-de-santiago-caputo.phtml\" rel=\"noopener noreferrer\">Renuncia de Werthein: la venganza de Santiago Caputo<\/a><\/p>\n<p>Antes de votar este domingo <strong>ya hubo se\u00f1ales del empoderamiento de Caputo<\/strong> el joven en el gobierno: viaj\u00f3 por su cuenta a los Estados Unidos, con agenda propia, en paralelo al propio Milei, con entrevistas personales ante influyentes de segundo orden \u2014seg\u00fan sus cr\u00edticos\u2014, fan\u00e1ticos y ricos de <a target=\"_blank\" href=\"https:\/\/www.perfil.com\/noticias\/internacional\/donald-trump-anuncio-duras-sanciones-contra-rusia-y-acuso-a-vladimir-putin-de-no-ser-honesto.phtml\" rel=\"noopener noreferrer\"><strong>Donald Trump<\/strong><\/a> instalados en la CPAC (Conferencia Pol\u00edtica de Acci\u00f3n Conservadora) que han pasado la prueba del \u00e1cido: les agarra alergia solo si escuchan la palabra izquierda. Por lo menos, en la superficie esos son los v\u00ednculos conocidos y, como buen monotributista, vol\u00f3 en avi\u00f3n privado. Durante ese periplo, desde USA, comenz\u00f3 a circular la versi\u00f3n de que el asesor privilegiado pasar\u00eda a formar parte del Gabinete. Inclusive quienes lo repudian en ese organismo le reprochan que <strong>obliga a tomar medidas del gobierno sin firmar ning\u00fan expediente<\/strong> (<strong>Guillermo Francos<\/strong> dixit). Tambi\u00e9n all\u00ed empez\u00f3 a rodar otra versi\u00f3n: Santiago hab\u00eda intervenido con gente de Trump para que el mandatario decidiera extraordinarias colaboraciones con su colega argentino. M\u00e1s peso inclusive que su propio pariente, <strong>Luis Toto Caputo<\/strong>, el ministro que tuvo la lengua afuera, sediento el otro fin de semana para que su amigo Scott Bessent anunciara las ayudas econ\u00f3micas al pa\u00eds antes de que \u201cel pueblo se muera de hambre\u201d. Medidas urgentes, casi improvisadas entonces, sin saberse aun las condiciones para esa prestaci\u00f3n (los 20 mil o 40 mil millones de d\u00f3lares), por las que el vulgo chismose\u00f3 como instalaci\u00f3n de bases, la expulsi\u00f3n de chinos o la entrega de tierras raras.<\/p>\n<div class=\"subscription\" readability=\"6.683257918552\">\n<p> Esto no les gusta a los autoritarios <\/p>\n<div class=\"subscription__container\" readability=\"6.1467391304348\">\n<div class=\"subscription__text-wrapper\" readability=\"31.20652173913\">\n<p> El ejercicio del periodismo profesional y cr\u00edtico es un pilar fundamental de la democracia. Por eso molesta a quienes creen ser los due\u00f1os de la verdad. <\/p>\n<\/p><\/div><\/div><\/div>\n<p><a target=\"_blank\" href=\"https:\/\/www.perfil.com\/noticias\/columnistas\/quien-ganara-el-domingo-javier-calvo.phtml\" rel=\"noopener noreferrer\">Qui\u00e9n ganar\u00e1 el domingo<\/a><\/p>\n<p><strong>El agrandamiento de Caputo se precipit\u00f3 con una renuncia:<\/strong> Gerardo Werthein abandon\u00f3 la Canciller\u00eda hace dos d\u00edas. Se fue con un trascendido contra el futuro ministro (quiz\u00e1s en su mismo despacho) porque le hacia la vida imposible y pretend\u00eda dictarle \u00f3rdenes como un maestro ciruela. Correcciones a \u00e9l, que respond\u00eda a la poderosa Karina Milei o, quiz\u00e1s, porque respond\u00eda a la poderosa Karina Milei. No se va a descubrir ahora el enfrentamiento entre dos de los \u00e1ngulos del tri\u00e1ngulo de hierro. Hubo cierto silencio sobre la dimisi\u00f3n que empieza a regir el lunes pr\u00f3ximo, desde que Werthein estaba vinculado a laboratorios locales contrarios a la ley de patentes que se exige en los Estados Unidos a la ins\u00f3lita curiosidad de vincularlo a negocios con China. Nadie est\u00e1 exento de esa posibilidad, pero lo m\u00e1s oriental que debe tener Werthein es su visita al barrio chino, en Belgrano, para comprar pescado. tambi\u00e9n circulo el rumor de que Caputo, en Washington, le mand\u00f3 a avisar que estaba desinvitado de una reuni\u00f3n en la que le correspond\u00eda estar. Por si fuera poco este c+umulo de versiones, se a\u00f1ade otra m\u00e1s sabrosa y posiblemente falsa:<\/p>\n<p><strong>\u2014\u00bfSab\u00e9s Javier que Santiago habla mal de mi, que afirma que me echar\u00e1n del Gabinete, que respondo a una l\u00ednea pol\u00edtica diferente a las relaciones que tenemos con Trump, que me baja de categor\u00eda como ministro?<\/strong><\/p>\n<p>Dicen que el Presidente lo escuch\u00f3 atento, que puso los ojos en un punto fijo, no se detuvo en la ruborizaci\u00f3n habitual de su ministro cuando se pone nervioso, y que le respondi\u00f3:<strong> \u201cSi, lo s\u00e9\u201d. Suficiente<\/strong>. Le confirm\u00f3 la primicia m\u00e1s temida. El di\u00e1logo adquiere textura por lo que ocurri\u00f3 luego: Werthein, a tres d\u00edas de las elecciones generales en que el gobierno pone en juego su estabilidad, <strong>se march\u00f3 a la disparada, sin reparos<\/strong>, enojado, al borde de la deslealtad con quien le dio trabajo. Pareci\u00f3 inclusive la misma forma con la que procedi\u00f3 <strong>Mart\u00edn Lousteau<\/strong> cuando era embajador de Mauricio Macri y se deslind\u00f3 de la administraci\u00f3n 48 horas antes de que este se entrevistara con su colega norteamericano. No era un favor esa noticia, mas bien una deserci\u00f3n escandalosa. Tambi\u00e9n en ese momento, Macri le anticipo el retiro de la embajada que m\u00e1s de uno considero una traici\u00f3n por parte de Lousteau para ensuciar la bilateral Macri-Obama, aunque esas infidelidades no se consideran tales en la pol\u00edtica.<\/p>\n","protected":false},"excerpt":{"rendered":"<p>Pa\u00eds con sugerentes rarezas pol\u00edticas. Como la del pr\u00f3ximo domingo, d\u00eda en que el Gobierno promueve un doble fen\u00f3meno para el comicio general: convoca a votar por La Libertad Avanza que preside porque promete cambios clave de todo tipo en su administraci\u00f3n y, al mismo tiempo, su convite incluye la seguridad de que conservar\u00e1 a [&hellip;]<\/p>\n","protected":false},"author":1,"featured_media":120160,"comment_status":"closed","ping_status":"closed","sticky":false,"template":"","format":"standard","meta":[],"categories":[19],"tags":[2182,80,388],"_links":{"self":[{"href":"http:\/\/hoycordobaweb.com\/index.php\/wp-json\/wp\/v2\/posts\/120159"}],"collection":[{"href":"http:\/\/hoycordobaweb.com\/index.php\/wp-json\/wp\/v2\/posts"}],"about":[{"href":"http:\/\/hoycordobaweb.com\/index.php\/wp-json\/wp\/v2\/types\/post"}],"author":[{"embeddable":true,"href":"http:\/\/hoycordobaweb.com\/index.php\/wp-json\/wp\/v2\/users\/1"}],"replies":[{"embeddable":true,"href":"http:\/\/hoycordobaweb.com\/index.php\/wp-json\/wp\/v2\/comments?post=120159"}],"version-history":[{"count":0,"href":"http:\/\/hoycordobaweb.com\/index.php\/wp-json\/wp\/v2\/posts\/120159\/revisions"}],"wp:featuredmedia":[{"embeddable":true,"href":"http:\/\/hoycordobaweb.com\/index.php\/wp-json\/wp\/v2\/media\/120160"}],"wp:attachment":[{"href":"http:\/\/hoycordobaweb.com\/index.php\/wp-json\/wp\/v2\/media?parent=120159"}],"wp:term":[{"taxonomy":"category","embeddable":true,"href":"http:\/\/hoycordobaweb.com\/index.php\/wp-json\/wp\/v2\/categories?post=120159"},{"taxonomy":"post_tag","embeddable":true,"href":"http:\/\/hoycordobaweb.com\/index.php\/wp-json\/wp\/v2\/tags?post=120159"}],"curies":[{"name":"wp","href":"https:\/\/api.w.org\/{rel}","templated":true}]}}