{"id":120151,"date":"2025-10-23T08:40:53","date_gmt":"2025-10-23T08:40:53","guid":{"rendered":"https:\/\/www.ole.com.ar\/tenis\/federico-coria-river-gallardo_0_HR14M5dmjp.html"},"modified":"2025-10-23T08:40:53","modified_gmt":"2025-10-23T08:40:53","slug":"federico-coria-mano-a-mano-con-ole-me-escribia-el-nombre-de-gallardo-en-la-raqueta","status":"publish","type":"post","link":"http:\/\/hoycordobaweb.com\/index.php\/2025\/10\/23\/federico-coria-mano-a-mano-con-ole-me-escribia-el-nombre-de-gallardo-en-la-raqueta\/","title":{"rendered":"Federico Coria mano a mano con Ol\u00e9: \u00abMe escrib\u00eda el nombre de Gallardo en la raqueta\u00bb"},"content":{"rendered":"<p><img src=\"http:\/\/hoycordobaweb.com\/wp-content\/uploads\/2025\/10\/federico-coria-mano-a-mano-con-ole-me-escribia-el-nombre-de-gallardo-en-la-raqueta.jpg\"><\/p>\n<p><time class=\"createDate\" datetime=\"2025-10-23T05:40:53-03:00\">23\/10\/2025 05:40hs.<\/time><\/p>\n<div id=\"storyBody\">\n<div class=\"custom-text \" readability=\"37.413276231263\">\n<p>\u00ab<strong><a href=\"https:\/\/www.ole.com.ar\/tema\/river-plate.html\" title=\"River Plate\" alt=\"River Plate\" class=\"slug\">River <\/a><\/strong>me regal\u00f3 el mejor abrazo que tengo con mi hermano\u00bb, es una de las tantas definiciones que <strong><a href=\"https:\/\/www.ole.com.ar\/tema\/federico-coria.html\" title=\"Federico Coria\" alt=\"Federico Coria\" class=\"slug\">Federico Coria<\/a><\/strong> eligi\u00f3 para describir la manera en la que el Millonario atraviesa su vida y la de su familia. Con la raqueta en la mano pero con la banda roja siempre por delante, la <strong>Mojarra<\/strong> consigui\u00f3 que sus viajes por el mundo entre torneos tengan al club de sus amores siempre cerca, m\u00e1s all\u00e1 de las distancias, cambios de horarios e importancia de los partidos.<\/p>\n<\/div>\n<div class=\"custom-text \" readability=\"43.134168157424\">\n<p>Desde levantarse a las dos y media de la ma\u00f1ana para ver la final de la <strong>Libertadores <\/strong>contra Tigres hasta enterarse del resultado mientras jugaba durante la ida de la final con Boca en 2018, Federico tom\u00f3 a River como una forma de vivir, con su hermano <strong><a href=\"https:\/\/www.ole.com.ar\/tema\/guillermo-coria.html\" title=\"Guillermo Coria\" alt=\"Guillermo Coria\" class=\"slug\">Guillermo<\/a>, el mago, ex N\u00b0 3 del mundo<\/strong><a href=\"https:\/\/www.ole.com.ar\/tema\/guillermo-coria.html\" title=\"Guillermo Coria\" alt=\"Guillermo Coria\" class=\"slug\">&nbsp;<\/a>como bandera. \u00abViene por parte de mi familia, precisamente de mis primos, de mis t\u00edos, de seguirlo a Guille\u00bb, cont\u00f3 en un mano a mano con <strong>Ol\u00e9 <\/strong>en su casa, mientras se recupera de una operaci\u00f3n tras la lesi\u00f3n en el codo derecho que sufri\u00f3 durante Roland Garros.<\/p>\n<\/div>\n<div class=\"custom-text \" readability=\"41.939461883408\">\n<p>\u00abMi viejo es de <strong><a href=\"https:\/\/www.ole.com.ar\/tema\/san-lorenzo.html\" title=\"San Lorenzo\" alt=\"San Lorenzo\" class=\"slug\">San Lorenzo<\/a><\/strong>, hizo todo lo posible para hacerme hincha del Cuervo, me llev\u00f3 a la caminata a Luj\u00e1n (post t\u00edtulo de 1995) pero no pudo. Ah\u00ed abandon\u00f3 y me dijo: &#8216;Vas a festejar nuestras victorias contra <strong>Boca<\/strong>, que somos el pap\u00e1'\u00bb, cont\u00f3 el actual 196\u00b0 del mundo, 49\u00b0 como mejor posici\u00f3n, en el 2023, sobre c\u00f3mo su pap\u00e1 Oscar intent\u00f3 que \u00e9l saliera del Cuervo, sin \u00e9xito ante el deseo de su hijo menor de seguir al Millo.<\/p>\n<\/div>\n<div class=\"sc-e7b891c4-0 ifHnQL image-embed\"><img alt=\"Federico Coria con Ol\u00e9\" loading=\"lazy\" width=\"720\" height=\"100\" decoding=\"async\" data-nimg=\"1\" src=\"http:\/\/hoycordobaweb.com\/wp-content\/uploads\/2025\/10\/federico-coria-mano-a-mano-con-ole-me-escribia-el-nombre-de-gallardo-en-la-raqueta-2.jpg\"><span class=\"epigraphe\">Federico Coria con Ol\u00e9<\/span><\/div>\n<p><h2><strong>Federico Coria, de River por y como Guille<\/strong><\/h2>\n<\/p>\n<div class=\"custom-text \" readability=\"40.480190174326\">\n<p>Cada vez que puede, Federico se encarga de poner en lo m\u00e1s alto a Guille, su hermano mayor: \u00abA Guille lo fui siguiendo en todo, en el tenis y el fanatismo por el club. <strong>River me regal\u00f3 el mejor abrazo que tengo con mi hermano<\/strong>, que es mi \u00eddolo\u00bb. Sobre ese gesto dijo que \u00ablo tengo gracias a <strong><a href=\"https:\/\/www.ole.com.ar\/tema\/marcelo-barovero.html\" title=\"Marcelo Barovero\" alt=\"Marcelo Barovero\" class=\"slug\">Barovero <\/a><\/strong>cuando ataj\u00f3 el penal. Lo llevamos como familia en nuestra vida. Guille se cas\u00f3 con la camisa de River. Yo intent\u00e9 ir siguiendo sus pasos y empec\u00e9 a vivir con la misma intensidad lo que representa. Cuando gan\u00e9 mi primer <strong>challenger <\/strong>festej\u00e9 como <strong>Salas <\/strong>por mi hermano, est\u00e1 todo relacionado por River, River siempre presente\u00bb.<\/p>\n<\/div>\n<div class=\"custom-text \" readability=\"37\">\n<p>De chico, coment\u00f3 que pudo seguir a River \u00abmuy poco, porque era de Venado Tuerto y ten\u00eda muchas faltas por seguir a mi hermano en sus viajes, del colegio me iban a matar. Hace 11 a\u00f1os que vivo en Buenos Aires y cada vez que estoy ac\u00e1 tengo que ir si o si a la cancha\u00bb.<\/p>\n<\/div>\n<div class=\"custom-text \" readability=\"39\">\n<p>\u00abLos partidos de copa son 21.30 en Sudam\u00e9rica y en Europa son cinco horas m\u00e1s normalmente, te agarra 2.30 de la ma\u00f1ana. En Suiza, final de la Copa Libertadores 2015, ten\u00eda partido al otro d\u00eda y me fui con la compu a la intemperie al lado del router\u00bb, dijo recordando el 3 a 0 contra Tigres en el Monumental.<\/p>\n<\/div>\n<p><h2><strong>La final vs. Boca en 2018: la ida jugando al tenis y la vuelta, solo<\/strong><\/h2>\n<\/p>\n<div class=\"custom-text \" readability=\"40\">\n<p>En cuanto a la final de <strong>Madrid, <\/strong>mencion\u00f3 que la vio \u00absolo en la misma habitaci\u00f3n que vi la final del Mundial\u00bb. Sobre la ida en <strong>la Bombonera<\/strong>, record\u00f3: \u00abMe agarra jugando en Buenos Aires, se escuchaban gritos y yo le preguntaba a mi entrenador y me iba avisando. Entramos a jugar cuando iban 1-1 y escuchamos tres gritos, el ultimo fue la atajada de Armani a Benedetto, en Palermo se grit\u00f3 como un gol\u00bb.<\/p>\n<\/div>\n<div class=\"custom-text \" readability=\"37\">\n<p>Adem\u00e1s agreg\u00f3 que en aquella fecha era \u00abimposible estar concentrado, quer\u00eda ganarlo lo antes posible. Me toc\u00f3 arrancar cuando arrancaba el segundo tiempo, entr\u00e9 con las pulsaciones a mil, estaba a las puteadas pero fue una linda experiencia\u00bb.<\/p>\n<\/div>\n<div class=\"custom-text \" readability=\"39.757575757576\">\n<p>En un repaso de los hist\u00f3ricos equipos de <strong><a href=\"https:\/\/www.ole.com.ar\/tema\/marcelo-gallardo.html\" title=\"Marcelo Gallardo\" alt=\"Marcelo Gallardo\" class=\"slug\">Marcelo Gallardo<\/a><\/strong>, resalt\u00f3 que \u00abel arranque de Gallardo en 2015 me parec\u00eda una locura, el River que mas me gust\u00f3 fue el del 2019\u00bb. Para la Mojarra no es una cuesti\u00f3n meramente futbol\u00edstica lo que le generen los equipos de Napole\u00f3n, el tambi\u00e9n saca cosas de eso para su vida diaria: \u00abSi lo aplico a mi vida y lo mezclo con el tenis, un poco lo que trato de expresar con el mojarrismo es el River del 2018, que los cagamos a patadas a todos, <strong>cuchillo entre los dientes y a luchar<\/strong>\u00ab.<\/p>\n<\/div>\n<div class=\"sc-e7b891c4-0 ifHnQL image-embed\"><img alt=\"Mastantuono y Fede Coria\" loading=\"lazy\" width=\"1290\" height=\"760\" decoding=\"async\" data-nimg=\"1\" src=\"http:\/\/hoycordobaweb.com\/wp-content\/uploads\/2025\/10\/federico-coria-mano-a-mano-con-ole-me-escribia-el-nombre-de-gallardo-en-la-raqueta-3.jpg\"><span class=\"epigraphe\">Mastantuono y Fede Coria<\/span><\/div>\n<p><h2>Su relaci\u00f3n con los jugadores de River y el encuentro con Marcelo Gallardo<\/h2>\n<\/p>\n<div class=\"custom-text \" readability=\"41.020634920635\">\n<p>Sobre su trato con el plantel del Millo, mostr\u00f3 camisetas de varios jugadores (tanto de River y de otros clubes) pero entre todos destac\u00f3 a <strong><a href=\"https:\/\/www.ole.com.ar\/tema\/franco-mastantuono.html\" title=\"Franco Mastantuono\" alt=\"Franco Mastantuono\" class=\"slug\">Franco Mastantuono<\/a><\/strong>, con quien pudo compartir charlas y momentos adentro de una cancha con la raqueta en mano: \u00ab<strong>Franco juega muy bien al tenis<\/strong>, me sorprendi\u00f3 mucho, se nota que jug\u00f3 de chico, no s\u00e9 si lo ayud\u00f3 en ser tan maduro pero seguro algo tuvo que ver\u00bb. Adem\u00e1s, opin\u00f3 del traspaso del zurdo al Merengue: \u00abLo quer\u00edamos disfrutar, pero viene el <strong><a href=\"https:\/\/www.ole.com.ar\/tema\/real-madrid.html\" title=\"Real Madrid\" alt=\"Real Madrid\" class=\"slug\">Real Madrid<\/a><\/strong> y no hay mucha opci\u00f3n. Yo estoy contento que nos represente un argentino en el Madrid, de golpe veo todos los partidos\u00bb.<\/p>\n<\/div>\n<div class=\"custom-text \" readability=\"36\">\n<p>Al Mu\u00f1eco pudo conocerlo una vez en el <strong>Monumental <\/strong>y contarle la influencia que tuvo para sacar adelante sus partidos: \u00abCasi me caigo, me tropec\u00e9, no me sal\u00edan las palabras. Solo quer\u00eda decirle gracias por lo que hizo por River y contarle como me ayud\u00f3 en aspectos mentales en mi carrera\u00bb.<\/p>\n<\/div>\n<div class=\"sc-e7b891c4-0 ifHnQL image-embed\"><img alt=\"La familia Coria junto a Marcelo Gallardo\" loading=\"lazy\" width=\"720\" height=\"100\" decoding=\"async\" data-nimg=\"1\" src=\"http:\/\/hoycordobaweb.com\/wp-content\/uploads\/2025\/10\/federico-coria-mano-a-mano-con-ole-me-escribia-el-nombre-de-gallardo-en-la-raqueta-4.jpg\"><span class=\"epigraphe\">La familia Coria junto a Marcelo Gallardo<\/span><\/div>\n<div class=\"custom-text \" readability=\"40\">\n<p>\u00abSus conferencias de prensa eran escuchar una manera de vivir, el hablaba de que la gente se sienta representada. Yo lo apliqu\u00e9 para mi carrera, no tengo fan\u00e1ticos, mi familia estaba feliz vi\u00e9ndome competir. \u00b4<strong>Vamos a lo Gallardo<\/strong>\u00b4 dec\u00eda, me escrib\u00eda su nombre en la raqueta, as\u00ed me llegaba su mensaje\u00bb confes\u00f3 Coria.<\/p>\n<\/div>\n<p><h3><strong>El torneo de tenis que jug\u00f3 con Diego Forl\u00e1n<\/strong><\/h3>\n<\/p>\n<div class=\"custom-text \" readability=\"39\">\n<p>La Mojarra y Cachavacha unieron pasiones en el Uruguay Open del 2024 y se regalaron un partido profesional, el primero del ex futbolista uruguayo a sus 45 a\u00f1os. \u00abEl ven\u00eda jugando torneos de adultos y salio la idea de jugar uno profesional, mucho mas serio. Yo ven\u00eda haciendo vlogs, por un amigo en com\u00fan le dije si estaba para jugar y fuimos para adelante\u00bb, cont\u00f3 el tenista argentino.<\/p>\n<\/div>\n<div class=\"custom-text \" readability=\"37\">\n<p>\u00abFue una locura, lo fue a ver mucha gente y el cumplio su se\u00f1o de jugar un torneo profesional. Nos cagaron a palos pero la pasamos lindo, fue una noche linda y diferente pero nos recontra cagaron a pelotazos\u00bb record\u00f3 de la derrota en Montevideo por 6-1 y 6-2 ante los bolivianos Boris Arias y Federico Zeballos en primera ronda.<\/p>\n<\/div>\n<div class=\"sc-a7166897-0 eoLsBE\" readability=\"6.5\">\n<section readability=\"3\"><picture><img alt=\"Triunfos de Tom\u00e1s Etcheverry y Francisco Cer\u00fandolo en sus estrenos en el ATP 500 de Viena\" loading=\"lazy\" width=\"290\" height=\"290\" decoding=\"async\" data-nimg=\"1\" src=\"http:\/\/hoycordobaweb.com\/wp-content\/uploads\/2025\/10\/federico-coria-mano-a-mano-con-ole-me-escribia-el-nombre-de-gallardo-en-la-raqueta-5.jpg\"><\/picture>\n<p><span>Mir\u00e1 tambi\u00e9n<\/span><\/p>\n<hr>\n<h3>Triunfos de Tom\u00e1s Etcheverry y Francisco Cer\u00fandolo en sus estrenos en el ATP 500 de Viena<\/h3>\n<\/p>\n<\/section>\n<\/div>\n<div class=\"sc-a7166897-0 eoLsBE\" readability=\"6\">\n<section readability=\"2\"><picture><img alt=\"Jannik Sinner se baj\u00f3 de la Copa Davis y explic\u00f3 sus razones\" loading=\"lazy\" width=\"290\" height=\"290\" decoding=\"async\" data-nimg=\"1\" src=\"http:\/\/hoycordobaweb.com\/wp-content\/uploads\/2025\/10\/federico-coria-mano-a-mano-con-ole-me-escribia-el-nombre-de-gallardo-en-la-raqueta-6.jpg\"><\/picture>\n<p><span>Mir\u00e1 tambi\u00e9n<\/span><\/p>\n<hr>\n<h3>Jannik Sinner se baj\u00f3 de la Copa Davis y explic\u00f3 sus razones<\/h3>\n<\/p>\n<\/section>\n<\/div>\n<div class=\"sc-a7166897-0 eoLsBE\" readability=\"6\">\n<section readability=\"2\"><picture><img alt=\"Copa Davis: el emotivo video con el que Argentina present\u00f3 a su equipo para el Top 8\" loading=\"lazy\" width=\"290\" height=\"290\" decoding=\"async\" data-nimg=\"1\" src=\"http:\/\/hoycordobaweb.com\/wp-content\/uploads\/2025\/10\/federico-coria-mano-a-mano-con-ole-me-escribia-el-nombre-de-gallardo-en-la-raqueta-7.jpg\"><\/picture>\n<p><span>Mir\u00e1 tambi\u00e9n<\/span><\/p>\n<hr>\n<h3>Copa Davis: el emotivo video con el que Argentina present\u00f3 a su equipo para el Top 8<\/h3>\n<\/p>\n<\/section>\n<\/div>\n<\/div>\n","protected":false},"excerpt":{"rendered":"<p>23\/10\/2025 05:40hs. \u00abRiver me regal\u00f3 el mejor abrazo que tengo con mi hermano\u00bb, es una de las tantas definiciones que Federico Coria eligi\u00f3 para describir la manera en la que el Millonario atraviesa su vida y la de su familia. Con la raqueta en la mano pero con la banda roja siempre por delante, la [&hellip;]<\/p>\n","protected":false},"author":1,"featured_media":120152,"comment_status":"open","ping_status":"closed","sticky":false,"template":"","format":"standard","meta":[],"categories":[16],"tags":[],"_links":{"self":[{"href":"http:\/\/hoycordobaweb.com\/index.php\/wp-json\/wp\/v2\/posts\/120151"}],"collection":[{"href":"http:\/\/hoycordobaweb.com\/index.php\/wp-json\/wp\/v2\/posts"}],"about":[{"href":"http:\/\/hoycordobaweb.com\/index.php\/wp-json\/wp\/v2\/types\/post"}],"author":[{"embeddable":true,"href":"http:\/\/hoycordobaweb.com\/index.php\/wp-json\/wp\/v2\/users\/1"}],"replies":[{"embeddable":true,"href":"http:\/\/hoycordobaweb.com\/index.php\/wp-json\/wp\/v2\/comments?post=120151"}],"version-history":[{"count":0,"href":"http:\/\/hoycordobaweb.com\/index.php\/wp-json\/wp\/v2\/posts\/120151\/revisions"}],"wp:featuredmedia":[{"embeddable":true,"href":"http:\/\/hoycordobaweb.com\/index.php\/wp-json\/wp\/v2\/media\/120152"}],"wp:attachment":[{"href":"http:\/\/hoycordobaweb.com\/index.php\/wp-json\/wp\/v2\/media?parent=120151"}],"wp:term":[{"taxonomy":"category","embeddable":true,"href":"http:\/\/hoycordobaweb.com\/index.php\/wp-json\/wp\/v2\/categories?post=120151"},{"taxonomy":"post_tag","embeddable":true,"href":"http:\/\/hoycordobaweb.com\/index.php\/wp-json\/wp\/v2\/tags?post=120151"}],"curies":[{"name":"wp","href":"https:\/\/api.w.org\/{rel}","templated":true}]}}