{"id":120143,"date":"2025-10-23T11:41:57","date_gmt":"2025-10-23T11:41:57","guid":{"rendered":"https:\/\/ladecimaweb.com\/?p=33386"},"modified":"2025-10-23T11:41:57","modified_gmt":"2025-10-23T11:41:57","slug":"naranjitas-detenidos-y-policias-lesionados-tras-un-episodio-en-el-cerro-de-las-rosas","status":"publish","type":"post","link":"http:\/\/hoycordobaweb.com\/index.php\/2025\/10\/23\/naranjitas-detenidos-y-policias-lesionados-tras-un-episodio-en-el-cerro-de-las-rosas\/","title":{"rendered":"Naranjitas detenidos y polic\u00edas lesionados tras un episodio en el Cerro de las Rosas"},"content":{"rendered":"<div class=\"boldgrid-section\">\n<div class=\"container\">\n<div class=\"row\">\n<div class=\"col-md-12 col-xs-12 col-sm-12\">\n<p class=\"\"><strong>Un operativo policial en el barrio Cerro de las Rosas termin\u00f3 con tres naranjitas detenidos<\/strong> \u2014uno de ellos menor de edad\u2014 <strong>y dos efectivos lesionados<\/strong>, luego de que los cuidacoches increparan a un conductor en plena v\u00eda p\u00fablica.<\/p>\n<p class=\"\">El hecho ocurri\u00f3 anoche sobre avenida Rafael N\u00fa\u00f1ez al 4600, donde los <strong>tres hombres habr\u00edan agredido verbalmente al conductor de una camioneta Volkswagen Amarok<\/strong> que hab\u00eda estacionado el rodado en el lugar.<\/p>\n<p class=\"\">Tras un llamado al 911, personal policial se hizo presente y despleg\u00f3 un operativo que culmin\u00f3 en la intersecci\u00f3n de Luis Jos\u00e9 de Tejeda y Jos\u00e9 Reynafe.<\/p>\n<p class=\"\">Al advertir la presencia de los uniformados, <strong>los sujetos opusieron resistencia al arresto<\/strong>, gener\u00e1ndose un forcejeo durante el cual dos de ellos sufrieron escoriaciones, mientras que dos polic\u00edas resultaron lesionados \u2014uno con luxaci\u00f3n en un dedo de la mano izquierda\u2014 y debieron ser asistidos en el Policl\u00ednico Policial.<\/p>\n<p class=\"\">Finalmente, los tres naranjitas fueron trasladados a disposici\u00f3n de la Justicia, junto al secuestro de dos bicicletas, un chaleco refractario y otros elementos.<\/p>\n<p>&nbsp;<\/p>\n<p class=\"\">\n<div class=\"ubm_banner\"><a href=\"https:\/\/www.epec.com.ar\/\" target=\"_self\" rel=\"dofollow noopener noreferrer\"><img src=\"http:\/\/hoycordobaweb.com\/wp-content\/uploads\/2025\/10\/naranjitas-detenidos-y-policias-lesionados-tras-un-episodio-en-el-cerro-de-las-rosas.gif\" alt=\"\"><\/a><\/div>\n<\/div>\n<\/div>\n<\/div>\n<\/div>\n<p>La entrada <a rel=\"nofollow\" href=\"https:\/\/ladecimaweb.com\/naranjitas-detenidos-y-policias-lesionados-tras-un-episodio-en-el-cerro-de-las-rosas\/\">Naranjitas detenidos y polic\u00edas lesionados tras un episodio en el Cerro de las Rosas<\/a> se public\u00f3 primero en <a rel=\"nofollow\" href=\"https:\/\/ladecimaweb.com\">LaDecima<\/a>.<\/p>\n","protected":false},"excerpt":{"rendered":"<p>Un operativo policial en el barrio Cerro de las Rosas termin\u00f3 con tres naranjitas detenidos \u2014uno de ellos menor de edad\u2014 y dos efectivos lesionados, luego de que los cuidacoches increparan a un conductor en plena v\u00eda p\u00fablica. El hecho ocurri\u00f3 anoche sobre avenida Rafael N\u00fa\u00f1ez al 4600, donde los tres hombres habr\u00edan agredido verbalmente [&hellip;]<\/p>\n","protected":false},"author":1,"featured_media":0,"comment_status":"closed","ping_status":"closed","sticky":false,"template":"","format":"standard","meta":[],"categories":[32],"tags":[],"_links":{"self":[{"href":"http:\/\/hoycordobaweb.com\/index.php\/wp-json\/wp\/v2\/posts\/120143"}],"collection":[{"href":"http:\/\/hoycordobaweb.com\/index.php\/wp-json\/wp\/v2\/posts"}],"about":[{"href":"http:\/\/hoycordobaweb.com\/index.php\/wp-json\/wp\/v2\/types\/post"}],"author":[{"embeddable":true,"href":"http:\/\/hoycordobaweb.com\/index.php\/wp-json\/wp\/v2\/users\/1"}],"replies":[{"embeddable":true,"href":"http:\/\/hoycordobaweb.com\/index.php\/wp-json\/wp\/v2\/comments?post=120143"}],"version-history":[{"count":0,"href":"http:\/\/hoycordobaweb.com\/index.php\/wp-json\/wp\/v2\/posts\/120143\/revisions"}],"wp:attachment":[{"href":"http:\/\/hoycordobaweb.com\/index.php\/wp-json\/wp\/v2\/media?parent=120143"}],"wp:term":[{"taxonomy":"category","embeddable":true,"href":"http:\/\/hoycordobaweb.com\/index.php\/wp-json\/wp\/v2\/categories?post=120143"},{"taxonomy":"post_tag","embeddable":true,"href":"http:\/\/hoycordobaweb.com\/index.php\/wp-json\/wp\/v2\/tags?post=120143"}],"curies":[{"name":"wp","href":"https:\/\/api.w.org\/{rel}","templated":true}]}}