{"id":120062,"date":"2025-10-21T17:02:02","date_gmt":"2025-10-21T17:02:02","guid":{"rendered":"https:\/\/www.mujerhoy.com\/moda\/no-te-pierdas\/ear-cuffs-suben-nivel-look-joya-moderna-20251021190046-nt.html"},"modified":"2025-10-21T17:02:02","modified_gmt":"2025-10-21T17:02:02","slug":"ear-cuffs-que-suben-el-nivel-de-cualquier-look-la-joya-moderna-que-necesitas-para-otono","status":"publish","type":"post","link":"http:\/\/hoycordobaweb.com\/index.php\/2025\/10\/21\/ear-cuffs-que-suben-el-nivel-de-cualquier-look-la-joya-moderna-que-necesitas-para-otono\/","title":{"rendered":"Ear cuffs que suben el nivel de cualquier look: la joya moderna que necesitas para oto\u00f1o"},"content":{"rendered":"<p><!-- AUTHOR --><\/p>\n<div class=\"voc-author-timesocial \">\n<!-- AUTHOR --><\/p>\n<div class=\"voc-author-timesocial__signature \">\n<!-- IMAGE AUTHOR -->\n<picture class=\"voc-image-signature\">\n<img class=\"voc-image-signature__img\" src=\"http:\/\/hoycordobaweb.com\/wp-content\/uploads\/2025\/10\/ear-cuffs-que-suben-el-nivel-de-cualquier-look-la-joya-moderna-que-necesitas-para-otono.jpg\" alt=\"Raquel Rodr\u00edguez\">\n<\/picture>\n<!-- INFO AUTHOR --><\/p>\n<div class=\"voc-author-timesocial__info\" data-mrf-recirculation=\"Autor\">\n<div class=\"voc-author-info\">\n<author><br \/>\n<a class=\"voc-author\" href=\"https:\/\/www.mujerhoy.com\/autor\/raquel-rodriguez-2893.html\">Raquel Rodr\u00edguez<\/a><br \/>\n<\/author><br \/>\n<!-- TIME --><br \/>\n<time datetime=\"2025-10-21T17:02:02Z\" data-timestamp><br \/>\nPublicado \u00b7 <span data-voc-date-modified-short> 21 de octubre de 2025, 19:02 h <\/span><br \/>\n<\/time>\n<\/div>\n<\/div>\n<\/div>\n<div class=\"voc-author-timesocial__social\">\n<span class=\"voc-comments\"><br \/>\n<a href=\"https:\/\/www.mujerhoy.com\/moda\/no-te-pierdas\/ear-cuffs-suben-nivel-look-joya-moderna-20251021190046-nt.html#comments\" data-voc-vtm-id=\"btncomentar\" data-voc-vtm-info=\"fixed\" data-voc-anchor-displacement><i class=\"voc-icons comment\"><\/i><\/a><br \/>\n<span class=\"voc-number\" data-voc-comments-count data-voc-comments-count-zero-text><\/span><br \/>\n<\/span><br \/>\n<a title=\"facebook\" data-voc-vtm-id=\"compartirrrss\" data-voc-vtm-info=\"fixed-facebook\" class=\"voc-social-btn voc-facebook-share\" data-voc-social-sharer=\"facebook\" data-voc-type-button=\"fixed-btn\"><br \/>\n<span class=\"icon icon--facebook-cb3 voc-icons facebook\"><\/span><br \/>\n<\/a><br \/>\n<a title=\"x\" data-voc-vtm-id=\"compartirrrss\" data-voc-vtm-info=\"fixed-twitter\" class=\"voc-social-btn voc-twitter-share\" data-voc-social-sharer=\"twitter\" data-voc-type-button=\"fixed-btn\"><br \/>\n<span class=\"icon icon--twitter-cb3 voc-icons twitter\"><\/span><br \/>\n<\/a><br \/>\n<a title=\"whatsapp\" data-voc-vtm-id=\"compartirrrss\" data-voc-vtm-info=\"fixed-whatsapp\" class=\"voc-social-btn voc-whatsapp-share\" data-voc-social-sharer=\"whatsapp\" data-voc-type-button=\"fixed-btn\"><br \/>\n<span class=\"icon icon--whatsapp-cb3 voc-icons whatsapp\"><\/span><br \/>\n<\/a><br \/>\n<a title=\"telegram\" data-voc-vtm-id=\"compartirrrss\" data-voc-vtm-info=\"fixed-telegram\" class=\"voc-social-btn voc-telegram-share\" data-voc-social-sharer=\"telegram\"><br \/>\n<span class=\"icon icon--telegram-cb3 voc-icon-telegram\"><\/span><br \/>\n<\/a><br \/>\n<a data-voc-vtm-id=\"compartirrrss\" data-voc-vtm-info=\"fixed-linkedin\" class=\"voc-social-btn voc-linkedin-share\" data-voc-social-sharer=\"linkedin\" data-voc-type-button=\"fixed-btn\"><br \/>\n<span class=\"icon icon--linkedin-cb3 voc-icons linkedin\"><\/span><br \/>\n<\/a><br \/>\n<a class=\"voc-social-btn voc-more-share\" data-voc-seahorse=\"barraAutor\"><br \/>\n<i class=\"icon icon--more-cb3\"><\/i><br \/>\n<\/a><br \/>\n<a class=\"voc-social-btn voc-bookmarks\" title=\"Favorito\" data-voc-vtm-id=\"btnleerdespues\" data-voc-vtm-info=\"fixed\" data-voc-starred><br \/>\n<i class=\"icon icon--bookmarks-cb3\"><\/i><br \/>\n<\/a>\n<\/div>\n<\/div>\n<p><!-- COMPONENTS --><\/p>\n<p class=\"voc-paragraph\">Hay joyas y joyas. Algunas est\u00e1n para hacer que nuestro look se vea m\u00e1s elegante. Otras son un imprescindible diario por su significado especial e incluso hay algunas que tienen un mensaje espec\u00edfico como puede ser un <a href=\"https:\/\/www.mujerhoy.com\/moda\/no-te-pierdas\/anillos-compromiso-baratos-el-corte-ingles-20250508134245-nt.html\" title=\"www.mujerhoy.com\" data-voc-vtm-id=\"in-text-traffic\" data-mrf-link=\"www.mujerhoy.com\">anillo de compromiso <\/a>o una alianza. Ahora bien, hay otras que son tendencia y su objetivo es hacer que nuestra imagen se vea mucho<strong> m\u00e1s estilosa y a la \u00faltima<\/strong>.<\/p>\n<p class=\"voc-paragraph\">Es el caso de los ear cuff, un <strong>h\u00edbrido entre pendiente y piercing<\/strong> que aporta ese punto moderno y sofisticado a cualquier estilismo y que es muy f\u00e1cil de llevar porque no hace falta tener el agujero en la oreja hecho. \u00bfTe atreves? Estos son los m\u00e1s bonitos de las nuevas colecciones.<\/p>\n<div class=\"v-c-cmp v-c-cmp--t1 \">\n<div class=\"v-cmp-rld v-cmp-rld--2 \">\n<div class=\"v-cnt-m v-cnt-m--m\">\n<div class=\"v-cnt-m__c\">\n<div class=\"v-cnt-m__w v-cnt-m__w--1\">\n<p class=\"v-cnt-m__t\">\nTAMBI\u00c9N TE INTERESA\n<\/p>\n<\/div>\n<\/div>\n<\/div>\n<div class=\"v-g v-g--2-c v-g--bdr-min-xs\">\n<div class=\"v-g__c \">\n<article class=\"v-a v-a--cmp-rld v-a--cmp-rld-2 v-a--p-l\">\n<div class=\"v-a-img-c\">\n<figure class=\"v-a-fig\">\n<a href=\"https:\/\/www.mujerhoy.com\/moda\/no-te-pierdas\/anillos-mejoran-look-otono-piezas-especiales-tendencia-20251008183027-nt.html#vtm_modulosEngag=mod-rel:moda:noticia:1:cmp:2-not\" class=\"v-a-link\" title=\"Anillos que mejoran un look de oto\u00f1o: piezas especiales y tendencia perfectas para arrasar\"><br \/>\n<img loading=\"lazy\" class=\"v-a-img\" src=\"http:\/\/hoycordobaweb.com\/wp-content\/uploads\/2025\/10\/ear-cuffs-que-suben-el-nivel-de-cualquier-look-la-joya-moderna-que-necesitas-para-otono-1.jpg\" alt=\"Anillos que mejoran un look de oto\u00f1o: piezas especiales y tendencia perfectas para arrasar\"><br \/>\n<\/a><br \/>\n<\/figure>\n<\/div>\n<div class=\"v-a-info-c \">\n<h4 class=\"v-a-t\">\n<a href=\"https:\/\/www.mujerhoy.com\/moda\/no-te-pierdas\/anillos-mejoran-look-otono-piezas-especiales-tendencia-20251008183027-nt.html#vtm_modulosEngag=mod-rel:moda:noticia:1:cmp:2-not\" title=\"Anillos que mejoran un look de oto\u00f1o: piezas especiales y tendencia perfectas para arrasar\"><br \/>\nAnillos que mejoran un look de oto\u00f1o: piezas especiales y tendencia perfectas para arrasar<br \/>\n<\/a><br \/>\n<\/h4>\n<\/div>\n<\/article>\n<\/div>\n<div class=\"v-g__c \">\n<article class=\"v-a v-a--cmp-rld v-a--cmp-rld-2 v-a--p-l\">\n<div class=\"v-a-img-c\">\n<figure class=\"v-a-fig\">\n<a href=\"https:\/\/www.mujerhoy.com\/moda\/no-te-pierdas\/joyas-dorado-plateado-mix-inesperado-gana-popularidad-20251005135902-nt.html#vtm_modulosEngag=mod-rel:moda:noticia:2:cmp:2-not\" class=\"v-a-link\" title=\"Joyas en dorado y plateado: el mix inesperado que gana popularidad\"><br \/>\n<img loading=\"lazy\" class=\"v-a-img\" src=\"http:\/\/hoycordobaweb.com\/wp-content\/uploads\/2025\/10\/ear-cuffs-que-suben-el-nivel-de-cualquier-look-la-joya-moderna-que-necesitas-para-otono-2.jpg\" alt=\"Joyas en dorado y plateado: el mix inesperado que gana popularidad\"><br \/>\n<\/a><br \/>\n<\/figure>\n<\/div>\n<div class=\"v-a-info-c \">\n<h4 class=\"v-a-t\">\n<a href=\"https:\/\/www.mujerhoy.com\/moda\/no-te-pierdas\/joyas-dorado-plateado-mix-inesperado-gana-popularidad-20251005135902-nt.html#vtm_modulosEngag=mod-rel:moda:noticia:2:cmp:2-not\" title=\"Joyas en dorado y plateado: el mix inesperado que gana popularidad\"><br \/>\nJoyas en dorado y plateado: el mix inesperado que gana popularidad<br \/>\n<\/a><br \/>\n<\/h4>\n<\/div>\n<\/article>\n<\/div>\n<\/div>\n<\/div>\n<\/div>\n<div class=\"v-c-cmp v-c-cmp--s\">\n<div class=\"v-cmp-m \">\n<article class=\"v-a v-a--cmp-m v-c-cmp--m-z\">\n<div class=\"v-a-img-c \">\n<div class=\"v-a-fig\">\n<button class=\"v-a-link\" popovertarget=\"photo-169\"><br \/>\n<img loading=\"lazy\" src=\"http:\/\/hoycordobaweb.com\/wp-content\/uploads\/2025\/10\/ear-cuffs-que-suben-el-nivel-de-cualquier-look-la-joya-moderna-que-necesitas-para-otono-3.jpg\" class=\"v-a-img\" width=\"650\" height=\"650\" alt data-voc-vtm-id=\"in-text-traffic\"><\/p>\n<div class=\"v-pill-m v-pill-m--z \">\n<p class=\"v-pill-m__c\">\n<span class=\"v-pill-m__i\"><br \/>\n<svg width=\"24\" height=\"23.997\" viewBox=\"0 0 24 23.997\">\n<path data-name=\"Uni\u00f3n 15\" d=\"M21,24v0H12V21h9V12h3V24ZM0,24V22.939l0,0,0,0V18H1.5v3.439l6.984-6.984,1.061,1.061L2.562,22.5H6V24ZM0,12V0H12V3H3v9ZM14.454,8.482,21.44,1.5H18V0h6V6H22.5V2.562L15.515,9.543Z\" transform=\"translate(0 0)\" \/>\n<\/svg><br \/>\n<\/span><br \/>\n<span class=\"v-pill-m__p\">Ampliar<\/span>\n<\/p>\n<\/div>\n<p><\/button>\n<\/div>\n<\/div>\n<div id=\"photo-169\" popover class=\"v-mdl v-mdl--fw\">\n<button class=\"v-x\" popovertarget=\"photo-169\" popovertargetaction=\"hide\"><br \/>\n<span class=\"v-i\"><br \/>\n<svg width=\"24\" height=\"23.996\" viewBox=\"0 0 24 23.996\">\n<path data-name=\"Uni\u00f3n 29\" d=\"M12,14.03,2.031,24,0,21.963,9.968,12,0,2.033,2.031,0,12,9.966,21.969,0,24,2.033,14.032,12,24,21.963,21.969,24Z\" \/>\n<\/svg><br \/>\n<\/span><br \/>\n<\/button><\/p>\n<div class=\"v-mdl__c\">\n<div class=\"v-mdl__w\">\n<img loading=\"lazy\" src=\"http:\/\/hoycordobaweb.com\/wp-content\/uploads\/2025\/10\/ear-cuffs-que-suben-el-nivel-de-cualquier-look-la-joya-moderna-que-necesitas-para-otono-3.jpg\" class=\"v-mdl__img-z\" width=\"650\" height=\"650\" alt>\n<\/div>\n<\/div>\n<\/div>\n<p><span class=\"v-bdp\"><\/span><br \/>\n<\/article>\n<\/div>\n<\/div>\n<p><h3 class=\"v-cmp-suh\">\nToque rosa<br \/>\n<\/h3>\n<\/p>\n<p class=\"voc-paragraph\">Este earcuff de <strong>Tous <\/strong>tiene un ba\u00f1o de oro 18 kt sobre plata y rodolita redonda facetada. Es una pieza fabricada con plata de primera ley con ba\u00f1o de oro de 18 a 23 kt y 3 micras de espesor. Esta calidad garantiza una mayor durabilidad de la joya. Precio: rebajado a 59 euros.<\/p>\n<div class=\"v-c-cmp v-c-cmp--s\">\n<div class=\"v-cmp-m \">\n<article class=\"v-a v-a--cmp-m v-c-cmp--m-z\">\n<div class=\"v-a-img-c \">\n<div class=\"v-a-fig\">\n<button class=\"v-a-link\" popovertarget=\"photo-786\"><br \/>\n<img loading=\"lazy\" src=\"http:\/\/hoycordobaweb.com\/wp-content\/uploads\/2025\/10\/ear-cuffs-que-suben-el-nivel-de-cualquier-look-la-joya-moderna-que-necesitas-para-otono-4.jpg\" class=\"v-a-img\" width=\"650\" height=\"650\" alt data-voc-vtm-id=\"in-text-traffic\"><\/p>\n<div class=\"v-pill-m v-pill-m--z \">\n<p class=\"v-pill-m__c\">\n<span class=\"v-pill-m__i\"><br \/>\n<svg width=\"24\" height=\"23.997\" viewBox=\"0 0 24 23.997\">\n<path data-name=\"Uni\u00f3n 15\" d=\"M21,24v0H12V21h9V12h3V24ZM0,24V22.939l0,0,0,0V18H1.5v3.439l6.984-6.984,1.061,1.061L2.562,22.5H6V24ZM0,12V0H12V3H3v9ZM14.454,8.482,21.44,1.5H18V0h6V6H22.5V2.562L15.515,9.543Z\" transform=\"translate(0 0)\" \/>\n<\/svg><br \/>\n<\/span><br \/>\n<span class=\"v-pill-m__p\">Ampliar<\/span>\n<\/p>\n<\/div>\n<p><\/button>\n<\/div>\n<\/div>\n<div id=\"photo-786\" popover class=\"v-mdl v-mdl--fw\">\n<button class=\"v-x\" popovertarget=\"photo-786\" popovertargetaction=\"hide\"><br \/>\n<span class=\"v-i\"><br \/>\n<svg width=\"24\" height=\"23.996\" viewBox=\"0 0 24 23.996\">\n<path data-name=\"Uni\u00f3n 29\" d=\"M12,14.03,2.031,24,0,21.963,9.968,12,0,2.033,2.031,0,12,9.966,21.969,0,24,2.033,14.032,12,24,21.963,21.969,24Z\" \/>\n<\/svg><br \/>\n<\/span><br \/>\n<\/button><\/p>\n<div class=\"v-mdl__c\">\n<div class=\"v-mdl__w\">\n<img loading=\"lazy\" src=\"http:\/\/hoycordobaweb.com\/wp-content\/uploads\/2025\/10\/ear-cuffs-que-suben-el-nivel-de-cualquier-look-la-joya-moderna-que-necesitas-para-otono-4.jpg\" class=\"v-mdl__img-z\" width=\"650\" height=\"650\" alt>\n<\/div>\n<\/div>\n<\/div>\n<p><span class=\"v-bdp\"><\/span><br \/>\n<\/article>\n<\/div>\n<\/div>\n<p><h3 class=\"v-cmp-suh\">\nLow cost<br \/>\n<\/h3>\n<\/p>\n<p class=\"voc-paragraph\">Pack de cuatro earcuffs diferentes de <strong>Parfois<\/strong>. Est\u00e1n fabricados en un acero inoxidable que se caracterizan por ser resistentes al agua. Destacan por su durabilidad y resistencia, pues ni se oxidan ni se desti\u00f1en. Precio: 17,99 euros.<\/p>\n<div class=\"v-c-cmp v-c-cmp--s\">\n<div class=\"v-cmp-m \">\n<article class=\"v-a v-a--cmp-m v-c-cmp--m-z\">\n<div class=\"v-a-img-c \">\n<div class=\"v-a-fig\">\n<button class=\"v-a-link\" popovertarget=\"photo-446\"><br \/>\n<img loading=\"lazy\" src=\"http:\/\/hoycordobaweb.com\/wp-content\/uploads\/2025\/10\/ear-cuffs-que-suben-el-nivel-de-cualquier-look-la-joya-moderna-que-necesitas-para-otono.png\" class=\"v-a-img\" width=\"650\" height=\"650\" alt data-voc-vtm-id=\"in-text-traffic\"><\/p>\n<div class=\"v-pill-m v-pill-m--z \">\n<p class=\"v-pill-m__c\">\n<span class=\"v-pill-m__i\"><br \/>\n<svg width=\"24\" height=\"23.997\" viewBox=\"0 0 24 23.997\">\n<path data-name=\"Uni\u00f3n 15\" d=\"M21,24v0H12V21h9V12h3V24ZM0,24V22.939l0,0,0,0V18H1.5v3.439l6.984-6.984,1.061,1.061L2.562,22.5H6V24ZM0,12V0H12V3H3v9ZM14.454,8.482,21.44,1.5H18V0h6V6H22.5V2.562L15.515,9.543Z\" transform=\"translate(0 0)\" \/>\n<\/svg><br \/>\n<\/span><br \/>\n<span class=\"v-pill-m__p\">Ampliar<\/span>\n<\/p>\n<\/div>\n<p><\/button>\n<\/div>\n<\/div>\n<div id=\"photo-446\" popover class=\"v-mdl v-mdl--fw\">\n<button class=\"v-x\" popovertarget=\"photo-446\" popovertargetaction=\"hide\"><br \/>\n<span class=\"v-i\"><br \/>\n<svg width=\"24\" height=\"23.996\" viewBox=\"0 0 24 23.996\">\n<path data-name=\"Uni\u00f3n 29\" d=\"M12,14.03,2.031,24,0,21.963,9.968,12,0,2.033,2.031,0,12,9.966,21.969,0,24,2.033,14.032,12,24,21.963,21.969,24Z\" \/>\n<\/svg><br \/>\n<\/span><br \/>\n<\/button><\/p>\n<div class=\"v-mdl__c\">\n<div class=\"v-mdl__w\">\n<img loading=\"lazy\" src=\"http:\/\/hoycordobaweb.com\/wp-content\/uploads\/2025\/10\/ear-cuffs-que-suben-el-nivel-de-cualquier-look-la-joya-moderna-que-necesitas-para-otono.png\" class=\"v-mdl__img-z\" width=\"650\" height=\"650\" alt>\n<\/div>\n<\/div>\n<\/div>\n<p><span class=\"v-bdp\"><\/span><br \/>\n<\/article>\n<\/div>\n<\/div>\n<p><h3 class=\"v-cmp-suh\">\nCon diamantes<br \/>\n<\/h3>\n<\/p>\n<p class=\"voc-paragraph\">Este es un pendiente clip de estilo ear cuff fabricado en oro amarillo y diamantes. Es de <strong>Dinh Van<\/strong>, queda al ras de la piel y envuelve el l\u00f3bul. Est\u00e1 realzada por diamantes engastados como las notas de una partitura musical. Precio: 1.990 euros.<\/p>\n<div class=\"v-c-cmp v-c-cmp--s\">\n<div class=\"v-cmp-m \">\n<article class=\"v-a v-a--cmp-m v-c-cmp--m-z\">\n<div class=\"v-a-img-c \">\n<div class=\"v-a-fig\">\n<button class=\"v-a-link\" popovertarget=\"photo-223\"><br \/>\n<img loading=\"lazy\" src=\"http:\/\/hoycordobaweb.com\/wp-content\/uploads\/2025\/10\/ear-cuffs-que-suben-el-nivel-de-cualquier-look-la-joya-moderna-que-necesitas-para-otono-5.jpg\" class=\"v-a-img\" width=\"650\" height=\"650\" alt data-voc-vtm-id=\"in-text-traffic\"><\/p>\n<div class=\"v-pill-m v-pill-m--z \">\n<p class=\"v-pill-m__c\">\n<span class=\"v-pill-m__i\"><br \/>\n<svg width=\"24\" height=\"23.997\" viewBox=\"0 0 24 23.997\">\n<path data-name=\"Uni\u00f3n 15\" d=\"M21,24v0H12V21h9V12h3V24ZM0,24V22.939l0,0,0,0V18H1.5v3.439l6.984-6.984,1.061,1.061L2.562,22.5H6V24ZM0,12V0H12V3H3v9ZM14.454,8.482,21.44,1.5H18V0h6V6H22.5V2.562L15.515,9.543Z\" transform=\"translate(0 0)\" \/>\n<\/svg><br \/>\n<\/span><br \/>\n<span class=\"v-pill-m__p\">Ampliar<\/span>\n<\/p>\n<\/div>\n<p><\/button>\n<\/div>\n<\/div>\n<div id=\"photo-223\" popover class=\"v-mdl v-mdl--fw\">\n<button class=\"v-x\" popovertarget=\"photo-223\" popovertargetaction=\"hide\"><br \/>\n<span class=\"v-i\"><br \/>\n<svg width=\"24\" height=\"23.996\" viewBox=\"0 0 24 23.996\">\n<path data-name=\"Uni\u00f3n 29\" d=\"M12,14.03,2.031,24,0,21.963,9.968,12,0,2.033,2.031,0,12,9.966,21.969,0,24,2.033,14.032,12,24,21.963,21.969,24Z\" \/>\n<\/svg><br \/>\n<\/span><br \/>\n<\/button><\/p>\n<div class=\"v-mdl__c\">\n<div class=\"v-mdl__w\">\n<img loading=\"lazy\" src=\"http:\/\/hoycordobaweb.com\/wp-content\/uploads\/2025\/10\/ear-cuffs-que-suben-el-nivel-de-cualquier-look-la-joya-moderna-que-necesitas-para-otono-5.jpg\" class=\"v-mdl__img-z\" width=\"650\" height=\"650\" alt>\n<\/div>\n<\/div>\n<\/div>\n<p><span class=\"v-bdp\"><\/span><br \/>\n<\/article>\n<\/div>\n<\/div>\n<p><h3 class=\"v-cmp-suh\">\nForma de estrella<br \/>\n<\/h3>\n<\/p>\n<p class=\"voc-paragraph\">Este es un earcuff de <strong>Suma Cruz<\/strong> adornado con el motivo de estrella en base de lat\u00f3n ba\u00f1ado en oro rosa envejecido de 18 quilates y un cristal Swarovski en el centro. Precio: 120 euros.<\/p>\n<div class=\"v-c-cmp v-c-cmp--s\">\n<div class=\"v-cmp-m \">\n<article class=\"v-a v-a--cmp-m v-c-cmp--m-z\">\n<div class=\"v-a-img-c \">\n<div class=\"v-a-fig\">\n<button class=\"v-a-link\" popovertarget=\"photo-758\"><br \/>\n<img loading=\"lazy\" src=\"http:\/\/hoycordobaweb.com\/wp-content\/uploads\/2025\/10\/ear-cuffs-que-suben-el-nivel-de-cualquier-look-la-joya-moderna-que-necesitas-para-otono-6.jpg\" class=\"v-a-img\" width=\"650\" height=\"650\" alt data-voc-vtm-id=\"in-text-traffic\"><\/p>\n<div class=\"v-pill-m v-pill-m--z \">\n<p class=\"v-pill-m__c\">\n<span class=\"v-pill-m__i\"><br \/>\n<svg width=\"24\" height=\"23.997\" viewBox=\"0 0 24 23.997\">\n<path data-name=\"Uni\u00f3n 15\" d=\"M21,24v0H12V21h9V12h3V24ZM0,24V22.939l0,0,0,0V18H1.5v3.439l6.984-6.984,1.061,1.061L2.562,22.5H6V24ZM0,12V0H12V3H3v9ZM14.454,8.482,21.44,1.5H18V0h6V6H22.5V2.562L15.515,9.543Z\" transform=\"translate(0 0)\" \/>\n<\/svg><br \/>\n<\/span><br \/>\n<span class=\"v-pill-m__p\">Ampliar<\/span>\n<\/p>\n<\/div>\n<p><\/button>\n<\/div>\n<\/div>\n<div id=\"photo-758\" popover class=\"v-mdl v-mdl--fw\">\n<button class=\"v-x\" popovertarget=\"photo-758\" popovertargetaction=\"hide\"><br \/>\n<span class=\"v-i\"><br \/>\n<svg width=\"24\" height=\"23.996\" viewBox=\"0 0 24 23.996\">\n<path data-name=\"Uni\u00f3n 29\" d=\"M12,14.03,2.031,24,0,21.963,9.968,12,0,2.033,2.031,0,12,9.966,21.969,0,24,2.033,14.032,12,24,21.963,21.969,24Z\" \/>\n<\/svg><br \/>\n<\/span><br \/>\n<\/button><\/p>\n<div class=\"v-mdl__c\">\n<div class=\"v-mdl__w\">\n<img loading=\"lazy\" src=\"http:\/\/hoycordobaweb.com\/wp-content\/uploads\/2025\/10\/ear-cuffs-que-suben-el-nivel-de-cualquier-look-la-joya-moderna-que-necesitas-para-otono-6.jpg\" class=\"v-mdl__img-z\" width=\"650\" height=\"650\" alt>\n<\/div>\n<\/div>\n<\/div>\n<p><span class=\"v-bdp\"><\/span><br \/>\n<\/article>\n<\/div>\n<\/div>\n<p><h3 class=\"v-cmp-suh\">\nCon cristales<br \/>\n<\/h3>\n<\/p>\n<p class=\"voc-paragraph\">En <strong>Paulet <\/strong>tienes este vistoso earcuff fabricado en plata ba\u00f1ada en oro de 18 quilates. Destaca por su dise\u00f1o grueso decoradas con cristales de alta calidad de fabricaci\u00f3n europea. Precio: 145 euros.<\/p>\n<div class=\"v-c-cmp v-c-cmp--s\">\n<div class=\"v-cmp-m \">\n<article class=\"v-a v-a--cmp-m v-c-cmp--m-z\">\n<div class=\"v-a-img-c \">\n<div class=\"v-a-fig\">\n<button class=\"v-a-link\" popovertarget=\"photo-461\"><br \/>\n<img loading=\"lazy\" src=\"http:\/\/hoycordobaweb.com\/wp-content\/uploads\/2025\/10\/ear-cuffs-que-suben-el-nivel-de-cualquier-look-la-joya-moderna-que-necesitas-para-otono-7.jpg\" class=\"v-a-img\" width=\"650\" height=\"650\" alt data-voc-vtm-id=\"in-text-traffic\"><\/p>\n<div class=\"v-pill-m v-pill-m--z \">\n<p class=\"v-pill-m__c\">\n<span class=\"v-pill-m__i\"><br \/>\n<svg width=\"24\" height=\"23.997\" viewBox=\"0 0 24 23.997\">\n<path data-name=\"Uni\u00f3n 15\" d=\"M21,24v0H12V21h9V12h3V24ZM0,24V22.939l0,0,0,0V18H1.5v3.439l6.984-6.984,1.061,1.061L2.562,22.5H6V24ZM0,12V0H12V3H3v9ZM14.454,8.482,21.44,1.5H18V0h6V6H22.5V2.562L15.515,9.543Z\" transform=\"translate(0 0)\" \/>\n<\/svg><br \/>\n<\/span><br \/>\n<span class=\"v-pill-m__p\">Ampliar<\/span>\n<\/p>\n<\/div>\n<p><\/button>\n<\/div>\n<\/div>\n<div id=\"photo-461\" popover class=\"v-mdl v-mdl--fw\">\n<button class=\"v-x\" popovertarget=\"photo-461\" popovertargetaction=\"hide\"><br \/>\n<span class=\"v-i\"><br \/>\n<svg width=\"24\" height=\"23.996\" viewBox=\"0 0 24 23.996\">\n<path data-name=\"Uni\u00f3n 29\" d=\"M12,14.03,2.031,24,0,21.963,9.968,12,0,2.033,2.031,0,12,9.966,21.969,0,24,2.033,14.032,12,24,21.963,21.969,24Z\" \/>\n<\/svg><br \/>\n<\/span><br \/>\n<\/button><\/p>\n<div class=\"v-mdl__c\">\n<div class=\"v-mdl__w\">\n<img loading=\"lazy\" src=\"http:\/\/hoycordobaweb.com\/wp-content\/uploads\/2025\/10\/ear-cuffs-que-suben-el-nivel-de-cualquier-look-la-joya-moderna-que-necesitas-para-otono-7.jpg\" class=\"v-mdl__img-z\" width=\"650\" height=\"650\" alt>\n<\/div>\n<\/div>\n<\/div>\n<p><span class=\"v-bdp\"><\/span><br \/>\n<\/article>\n<\/div>\n<\/div>\n<p><h3 class=\"v-cmp-suh\">\nCon circonita<br \/>\n<\/h3>\n<\/p>\n<p class=\"voc-paragraph\">Un efecto piercing de lo m\u00e1s cool. Es el modelo de <strong>Thomas Sabo <\/strong>que est\u00e1 realizado en plata de ley 925, este pendiente de cart\u00edlago lleva una circonita blanca en el centro. Precio: 29,90 euros.<\/p>\n<div class=\"voc-mdl-sponsor voc-mdl-sponsor--brd-top voc-mdl-sponsor--brd-bottom\">\n<div class=\"voc-grid voc-grid--3-cols\">\n<div class=\"voc-grid__col\">\n<div class=\"voc-article-container\">\n<article class=\"voc-article voc-article--spr voc-article--spr--t3 voc-article--photo-top voc-article--photo-top--right-xs voc-article--s\">\n<div class=\"v-a-img-c\">\n<figure class=\"v-a-fig\">\n<a href=\"http:\/\/pubads.g.doubleclick.net\/gampad\/clk?id=7117203569&amp;iu=\/4900\/vocento.hoymujer\/portada\" class=\"v-a-link\" title=\"Macarena Garc\u00eda apadrina el libro que celebra la fuerza de la comunidad frente al c\u00e1ncer de mama\" target=\"_blank\" rel=\"noopener noreferrer\"><br \/>\n<img loading=\"lazy\" src=\"http:\/\/hoycordobaweb.com\/wp-content\/uploads\/2025\/10\/ear-cuffs-que-suben-el-nivel-de-cualquier-look-la-joya-moderna-que-necesitas-para-otono-1.png\" class=\"v-a-img\" width=\"302\" height=\"302\" alt=\"Macarena Garc\u00eda apadrina el libro que celebra la fuerza de la comunidad frente al c\u00e1ncer de mama\"><br \/>\n<\/a><br \/>\n<\/figure>\n<\/div>\n<div class=\"voc-info-container \">\n<h3 class=\"voc-title\">\n<a href=\"http:\/\/pubads.g.doubleclick.net\/gampad\/clk?id=7117203569&amp;iu=\/4900\/vocento.hoymujer\/portada\" title=\"Macarena Garc\u00eda apadrina el libro que celebra la fuerza de la comunidad frente al c\u00e1ncer de mama\" rel=\"sponsored\"><br \/>\nMacarena Garc\u00eda apadrina el libro que celebra la fuerza de la comunidad frente al c\u00e1ncer de mama<br \/>\n<\/a><br \/>\n<\/h3>\n<div class=\"voc-author-onplus-container\">\n<span class=\"voc-article-author\"><br \/>\n<author readability=\"1\"><br \/>\n<span readability=\"2\"><\/p>\n<p>MUJERHOY PARA SOL\u00c1N DE CABRAS<\/p>\n<p><\/span><br \/>\n<\/author><br \/>\n<\/span>\n<\/div>\n<\/div>\n<\/article>\n<\/div>\n<\/div>\n<div class=\"voc-grid__col\">\n<div class=\"voc-article-container\">\n<article class=\"voc-article voc-article--spr voc-article--spr--t3 voc-article--photo-top voc-article--photo-top--right-xs voc-article--s\">\n<div class=\"v-a-img-c\">\n<figure class=\"v-a-fig\">\n<a href=\"http:\/\/pubads.g.doubleclick.net\/gampad\/clk?id=7114613018&amp;iu=\/4900\/vocento.hoymujer\/portada\" class=\"v-a-link\" title=\"La alianza entre Xiaomi y Leica logra calidad cinematogr\u00e1fica profesional\" target=\"_blank\" rel=\"noopener noreferrer\"><br \/>\n<img loading=\"lazy\" src=\"http:\/\/hoycordobaweb.com\/wp-content\/uploads\/2025\/10\/ear-cuffs-que-suben-el-nivel-de-cualquier-look-la-joya-moderna-que-necesitas-para-otono-8.jpg\" class=\"v-a-img\" width=\"302\" height=\"302\" alt=\"La alianza entre Xiaomi y Leica logra calidad cinematogr\u00e1fica profesional\"><br \/>\n<\/a><br \/>\n<\/figure>\n<\/div>\n<div class=\"voc-info-container \">\n<h3 class=\"voc-title\">\n<a href=\"http:\/\/pubads.g.doubleclick.net\/gampad\/clk?id=7114613018&amp;iu=\/4900\/vocento.hoymujer\/portada\" title=\"La alianza entre Xiaomi y Leica logra calidad cinematogr\u00e1fica profesional\" rel=\"sponsored\"><br \/>\nLa alianza entre Xiaomi y Leica logra calidad cinematogr\u00e1fica profesional<br \/>\n<\/a><br \/>\n<\/h3>\n<div class=\"voc-author-onplus-container\">\n<span class=\"voc-article-author\"><br \/>\n<author><br \/>\n<span><\/p>\n<p>MUJERHOY PARA XIAOMI<\/p>\n<p><\/span><br \/>\n<\/author><br \/>\n<\/span>\n<\/div>\n<\/div>\n<\/article>\n<\/div>\n<\/div>\n<div class=\"voc-grid__col\">\n<div class=\"voc-article-container\">\n<article class=\"voc-article voc-article--spr voc-article--spr--t3 voc-article--photo-top voc-article--photo-top--right-xs voc-article--s\">\n<div class=\"v-a-img-c\">\n<figure class=\"v-a-fig\">\n<a href=\"http:\/\/pubads.g.doubleclick.net\/gampad\/clk?id=7108326199&amp;iu=\/4900\/vocento.hoymujer\/portada\" class=\"v-a-link\" title=\"Claridad, estilo y tecnolog\u00eda que mejoran tu vida diaria: as\u00ed es la nueva propuesta de ZEISS\" target=\"_blank\" rel=\"noopener noreferrer\"><br \/>\n<img loading=\"lazy\" src=\"http:\/\/hoycordobaweb.com\/wp-content\/uploads\/2025\/10\/ear-cuffs-que-suben-el-nivel-de-cualquier-look-la-joya-moderna-que-necesitas-para-otono-9.jpg\" class=\"v-a-img\" width=\"302\" height=\"302\" alt=\"Claridad, estilo y tecnolog\u00eda que mejoran tu vida diaria: as\u00ed es la nueva propuesta de ZEISS\"><br \/>\n<\/a><br \/>\n<\/figure>\n<\/div>\n<div class=\"voc-info-container \">\n<h3 class=\"voc-title\">\n<a href=\"http:\/\/pubads.g.doubleclick.net\/gampad\/clk?id=7108326199&amp;iu=\/4900\/vocento.hoymujer\/portada\" title=\"Claridad, estilo y tecnolog\u00eda que mejoran tu vida diaria: as\u00ed es la nueva propuesta de ZEISS\" rel=\"sponsored\"><br \/>\nClaridad, estilo y tecnolog\u00eda que mejoran tu vida diaria: as\u00ed es la nueva propuesta de ZEISS<br \/>\n<\/a><br \/>\n<\/h3>\n<div class=\"voc-author-onplus-container\">\n<span class=\"voc-article-author\"><br \/>\n<author readability=\"1\"><br \/>\n<span readability=\"2\"><\/p>\n<p>MUJERHOY PARA ZEISS VISION<\/p>\n<p><\/span><br \/>\n<\/author><br \/>\n<\/span>\n<\/div>\n<\/div>\n<\/article>\n<\/div>\n<\/div>\n<\/div>\n<\/div>\n<div class=\"v-c-cmp v-c-cmp--s\">\n<div class=\"v-cmp-m \">\n<article class=\"v-a v-a--cmp-m v-c-cmp--m-z\">\n<div class=\"v-a-img-c \">\n<div class=\"v-a-fig\">\n<button class=\"v-a-link\" popovertarget=\"photo-166\"><br \/>\n<img loading=\"lazy\" src=\"http:\/\/hoycordobaweb.com\/wp-content\/uploads\/2025\/10\/ear-cuffs-que-suben-el-nivel-de-cualquier-look-la-joya-moderna-que-necesitas-para-otono-10.jpg\" class=\"v-a-img\" width=\"650\" height=\"650\" alt data-voc-vtm-id=\"in-text-traffic\"><\/p>\n<div class=\"v-pill-m v-pill-m--z \">\n<p class=\"v-pill-m__c\">\n<span class=\"v-pill-m__i\"><br \/>\n<svg width=\"24\" height=\"23.997\" viewBox=\"0 0 24 23.997\">\n<path data-name=\"Uni\u00f3n 15\" d=\"M21,24v0H12V21h9V12h3V24ZM0,24V22.939l0,0,0,0V18H1.5v3.439l6.984-6.984,1.061,1.061L2.562,22.5H6V24ZM0,12V0H12V3H3v9ZM14.454,8.482,21.44,1.5H18V0h6V6H22.5V2.562L15.515,9.543Z\" transform=\"translate(0 0)\" \/>\n<\/svg><br \/>\n<\/span><br \/>\n<span class=\"v-pill-m__p\">Ampliar<\/span>\n<\/p>\n<\/div>\n<p><\/button>\n<\/div>\n<\/div>\n<div id=\"photo-166\" popover class=\"v-mdl v-mdl--fw\">\n<button class=\"v-x\" popovertarget=\"photo-166\" popovertargetaction=\"hide\"><br \/>\n<span class=\"v-i\"><br \/>\n<svg width=\"24\" height=\"23.996\" viewBox=\"0 0 24 23.996\">\n<path data-name=\"Uni\u00f3n 29\" d=\"M12,14.03,2.031,24,0,21.963,9.968,12,0,2.033,2.031,0,12,9.966,21.969,0,24,2.033,14.032,12,24,21.963,21.969,24Z\" \/>\n<\/svg><br \/>\n<\/span><br \/>\n<\/button><\/p>\n<div class=\"v-mdl__c\">\n<div class=\"v-mdl__w\">\n<img loading=\"lazy\" src=\"http:\/\/hoycordobaweb.com\/wp-content\/uploads\/2025\/10\/ear-cuffs-que-suben-el-nivel-de-cualquier-look-la-joya-moderna-que-necesitas-para-otono-10.jpg\" class=\"v-mdl__img-z\" width=\"650\" height=\"650\" alt>\n<\/div>\n<\/div>\n<\/div>\n<p><span class=\"v-bdp\"><\/span><br \/>\n<\/article>\n<\/div>\n<\/div>\n<p><h3 class=\"v-cmp-suh\">\nCombinado<br \/>\n<\/h3>\n<\/p>\n<p class=\"voc-paragraph\">Este earcuff de <strong>Aristocrazy <\/strong>es de la colecci\u00f3n Corset y explora el dise\u00f1o contempor\u00e1neo a trav\u00e9s de su forma y volumen, una pieza \u00fanica que te acompa\u00f1ar\u00e1 dondequiera que vayas. Combina el oro amarillo con piedras blancas. Precio: 199 euros.<\/p>\n<div class=\"v-c-cmp v-c-cmp--s\">\n<div class=\"v-cmp-m \">\n<article class=\"v-a v-a--cmp-m v-c-cmp--m-z\">\n<div class=\"v-a-img-c \">\n<div class=\"v-a-fig\">\n<button class=\"v-a-link\" popovertarget=\"photo-754\"><br \/>\n<img loading=\"lazy\" src=\"http:\/\/hoycordobaweb.com\/wp-content\/uploads\/2025\/10\/ear-cuffs-que-suben-el-nivel-de-cualquier-look-la-joya-moderna-que-necesitas-para-otono-11.jpg\" class=\"v-a-img\" width=\"650\" height=\"650\" alt data-voc-vtm-id=\"in-text-traffic\"><\/p>\n<div class=\"v-pill-m v-pill-m--z \">\n<p class=\"v-pill-m__c\">\n<span class=\"v-pill-m__i\"><br \/>\n<svg width=\"24\" height=\"23.997\" viewBox=\"0 0 24 23.997\">\n<path data-name=\"Uni\u00f3n 15\" d=\"M21,24v0H12V21h9V12h3V24ZM0,24V22.939l0,0,0,0V18H1.5v3.439l6.984-6.984,1.061,1.061L2.562,22.5H6V24ZM0,12V0H12V3H3v9ZM14.454,8.482,21.44,1.5H18V0h6V6H22.5V2.562L15.515,9.543Z\" transform=\"translate(0 0)\" \/>\n<\/svg><br \/>\n<\/span><br \/>\n<span class=\"v-pill-m__p\">Ampliar<\/span>\n<\/p>\n<\/div>\n<p><\/button>\n<\/div>\n<\/div>\n<div id=\"photo-754\" popover class=\"v-mdl v-mdl--fw\">\n<button class=\"v-x\" popovertarget=\"photo-754\" popovertargetaction=\"hide\"><br \/>\n<span class=\"v-i\"><br \/>\n<svg width=\"24\" height=\"23.996\" viewBox=\"0 0 24 23.996\">\n<path data-name=\"Uni\u00f3n 29\" d=\"M12,14.03,2.031,24,0,21.963,9.968,12,0,2.033,2.031,0,12,9.966,21.969,0,24,2.033,14.032,12,24,21.963,21.969,24Z\" \/>\n<\/svg><br \/>\n<\/span><br \/>\n<\/button><\/p>\n<div class=\"v-mdl__c\">\n<div class=\"v-mdl__w\">\n<img loading=\"lazy\" src=\"http:\/\/hoycordobaweb.com\/wp-content\/uploads\/2025\/10\/ear-cuffs-que-suben-el-nivel-de-cualquier-look-la-joya-moderna-que-necesitas-para-otono-11.jpg\" class=\"v-mdl__img-z\" width=\"650\" height=\"650\" alt>\n<\/div>\n<\/div>\n<\/div>\n<p><span class=\"v-bdp\"><\/span><br \/>\n<\/article>\n<\/div>\n<\/div>\n<p><h3 class=\"v-cmp-suh\">\nDe plata<br \/>\n<\/h3>\n<\/p>\n<p class=\"voc-paragraph\">El pendiente suelto de <strong>Singularu <\/strong>es un ear-cuff cruzado con un lado liso y otro con bolitas. Un ear-cuff de Plata de Ley 925 para completar tu ear-look. Precio: rebajado a 9,99 euros.<\/p>\n<div class=\"v-c-cmp v-c-cmp--t1 \">\n<div class=\"v-cmp-rld v-cmp-rld--2 \">\n<div class=\"v-cnt-m v-cnt-m--m\">\n<div class=\"v-cnt-m__c\">\n<div class=\"v-cnt-m__w v-cnt-m__w--1\">\n<p class=\"v-cnt-m__t\">\nTAMBI\u00c9N TE INTERESA\n<\/p>\n<\/div>\n<\/div>\n<\/div>\n<div class=\"v-g v-g--2-c v-g--bdr-min-xs\">\n<div class=\"v-g__c \">\n<article class=\"v-a v-a--cmp-rld v-a--cmp-rld-2 v-a--p-l\">\n<div class=\"v-a-img-c\">\n<figure class=\"v-a-fig\">\n<a href=\"https:\/\/www.mujerhoy.com\/moda\/no-te-pierdas\/pendientes-tendencia-novias-2026-20251001094737-nt.html#vtm_modulosEngag=mod-rel:moda:noticia:1:cmp:2-not\" class=\"v-a-link\" title=\"Estos son los pendientes tendencia que van a llevar las novias en 2026\"><br \/>\n<img loading=\"lazy\" class=\"v-a-img\" src=\"http:\/\/hoycordobaweb.com\/wp-content\/uploads\/2025\/10\/ear-cuffs-que-suben-el-nivel-de-cualquier-look-la-joya-moderna-que-necesitas-para-otono-12.jpg\" alt=\"Estos son los pendientes tendencia que van a llevar las novias en 2026\"><br \/>\n<\/a><br \/>\n<\/figure>\n<\/div>\n<div class=\"v-a-info-c \">\n<h4 class=\"v-a-t\">\n<a href=\"https:\/\/www.mujerhoy.com\/moda\/no-te-pierdas\/pendientes-tendencia-novias-2026-20251001094737-nt.html#vtm_modulosEngag=mod-rel:moda:noticia:1:cmp:2-not\" title=\"Estos son los pendientes tendencia que van a llevar las novias en 2026\"><br \/>\nEstos son los pendientes tendencia que van a llevar las novias en 2026<br \/>\n<\/a><br \/>\n<\/h4>\n<\/div>\n<\/article>\n<\/div>\n<div class=\"v-g__c \">\n<article class=\"v-a v-a--cmp-rld v-a--cmp-rld-2 v-a--p-l\">\n<div class=\"v-a-img-c\">\n<figure class=\"v-a-fig\">\n<a href=\"https:\/\/www.mujerhoy.com\/moda\/no-te-pierdas\/anillos-vintage-comprar-joyas-buscadas-antiqua-sortijas-20250914132442-nt.html#vtm_modulosEngag=mod-rel:moda:noticia:2:cmp:2-not\" class=\"v-a-link\" title=\"Anillos vintage: d\u00f3nde comprar las joyas m\u00e1s buscadas del a\u00f1o\"><br \/>\n<img loading=\"lazy\" class=\"v-a-img\" src=\"http:\/\/hoycordobaweb.com\/wp-content\/uploads\/2025\/10\/ear-cuffs-que-suben-el-nivel-de-cualquier-look-la-joya-moderna-que-necesitas-para-otono-13.jpg\" alt=\"Anillos vintage: d\u00f3nde comprar las joyas m\u00e1s buscadas del a\u00f1o\"><br \/>\n<\/a><br \/>\n<\/figure>\n<\/div>\n<div class=\"v-a-info-c \">\n<h4 class=\"v-a-t\">\n<a href=\"https:\/\/www.mujerhoy.com\/moda\/no-te-pierdas\/anillos-vintage-comprar-joyas-buscadas-antiqua-sortijas-20250914132442-nt.html#vtm_modulosEngag=mod-rel:moda:noticia:2:cmp:2-not\" title=\"Anillos vintage: d\u00f3nde comprar las joyas m\u00e1s buscadas del a\u00f1o\"><br \/>\nAnillos vintage: d\u00f3nde comprar las joyas m\u00e1s buscadas del a\u00f1o<br \/>\n<\/a><br \/>\n<\/h4>\n<\/div>\n<\/article>\n<\/div>\n<\/div>\n<\/div>\n<\/div>\n<div class=\"media_block\"><\/div>\n","protected":false},"excerpt":{"rendered":"<p>Raquel Rodr\u00edguez Publicado \u00b7 21 de octubre de 2025, 19:02 h Hay joyas y joyas. Algunas est\u00e1n para hacer que nuestro look se vea m\u00e1s elegante. Otras son un imprescindible diario por su significado especial e incluso hay algunas que tienen un mensaje espec\u00edfico como puede ser un anillo de compromiso o una alianza. Ahora [&hellip;]<\/p>\n","protected":false},"author":1,"featured_media":120063,"comment_status":"closed","ping_status":"closed","sticky":false,"template":"","format":"standard","meta":[],"categories":[],"tags":[],"_links":{"self":[{"href":"http:\/\/hoycordobaweb.com\/index.php\/wp-json\/wp\/v2\/posts\/120062"}],"collection":[{"href":"http:\/\/hoycordobaweb.com\/index.php\/wp-json\/wp\/v2\/posts"}],"about":[{"href":"http:\/\/hoycordobaweb.com\/index.php\/wp-json\/wp\/v2\/types\/post"}],"author":[{"embeddable":true,"href":"http:\/\/hoycordobaweb.com\/index.php\/wp-json\/wp\/v2\/users\/1"}],"replies":[{"embeddable":true,"href":"http:\/\/hoycordobaweb.com\/index.php\/wp-json\/wp\/v2\/comments?post=120062"}],"version-history":[{"count":0,"href":"http:\/\/hoycordobaweb.com\/index.php\/wp-json\/wp\/v2\/posts\/120062\/revisions"}],"wp:featuredmedia":[{"embeddable":true,"href":"http:\/\/hoycordobaweb.com\/index.php\/wp-json\/wp\/v2\/media\/120063"}],"wp:attachment":[{"href":"http:\/\/hoycordobaweb.com\/index.php\/wp-json\/wp\/v2\/media?parent=120062"}],"wp:term":[{"taxonomy":"category","embeddable":true,"href":"http:\/\/hoycordobaweb.com\/index.php\/wp-json\/wp\/v2\/categories?post=120062"},{"taxonomy":"post_tag","embeddable":true,"href":"http:\/\/hoycordobaweb.com\/index.php\/wp-json\/wp\/v2\/tags?post=120062"}],"curies":[{"name":"wp","href":"https:\/\/api.w.org\/{rel}","templated":true}]}}