{"id":120058,"date":"2025-10-22T11:26:00","date_gmt":"2025-10-22T11:26:00","guid":{"rendered":"http:\/\/hoycordobaweb.com\/index.php\/2025\/10\/22\/passerini-sobre-la-gestion-de-milei-esta-saliendo-mal-el-experimento\/"},"modified":"2025-10-22T11:26:00","modified_gmt":"2025-10-22T11:26:00","slug":"passerini-sobre-la-gestion-de-milei-esta-saliendo-mal-el-experimento","status":"publish","type":"post","link":"http:\/\/hoycordobaweb.com\/index.php\/2025\/10\/22\/passerini-sobre-la-gestion-de-milei-esta-saliendo-mal-el-experimento\/","title":{"rendered":"Passerini sobre la gesti\u00f3n de Milei: \u00abEst\u00e1 saliendo mal el experimento\u00bb"},"content":{"rendered":"<div class=\"media_block\"><\/div>\n<div><img src=\"http:\/\/hoycordobaweb.com\/wp-content\/uploads\/2025\/10\/passerini-sobre-la-gestion-de-milei-esta-saliendo-mal-el-experimento.jpg\" class=\"ff-og-image-inserted\"><\/div>\n<p>El intendente de C\u00f3rdoba, <a target=\"_blank\" href=\"https:\/\/www.perfil.com\/Personalidaes\/passerini\" rel=\"noopener noreferrer\"><strong>Daniel Passerini<\/strong><\/a>, cuestion\u00f3 la gesti\u00f3n del presidente <strong>Javier Milei <\/strong>al asegurar que \u201c<strong>est\u00e1 saliendo mal el experimento<\/strong>\u201d.<\/p>\n<h2>\u201cPandemia social\u201d<\/h2>\n<p>\u00ab<strong>Estamos atravesando una pandemia social, con un incremento exponencial de problem\u00e1ticas de salud mental y consumo<\/strong>\u201d, sostuvo en el acto de celebraci\u00f3n por el cuarto aniversario de <strong>Tarjeta Activa<\/strong>. <\/p>\n<p>\u201cUn mont\u00f3n de problemas para los cuales, quiz\u00e1s, no todos estaban preparados y, tambi\u00e9n \u2014lo digo con dolor\u2014, <strong>no todos tienen la voluntad pol\u00edtica de reconocerlos, sobre todo desde el Gobierno nacional, que no tiene inter\u00e9s, ni voluntad ni decisi\u00f3n <\/strong>frente a estos temas\u201d, agreg\u00f3 en declaraciones difundidas por <em>SRT Media<\/em>.<\/p>\n<p class=\"destacadoNota\"><a target=\"_blank\" href=\"https:\/\/www.perfil.com\/noticias\/cordoba\/donde-voto-en-cordoba-en-las-elecciones-2025-consulta-el-padron-para-los-comicios-del-26-de-octubre.phtml\" rel=\"noopener noreferrer\">D\u00f3nde voto en C\u00f3rdoba en las elecciones 2025: consult\u00e1 el padr\u00f3n para los comicios del 26 de octubre<\/a><\/p>\n<h2>\u201cEst\u00e1 saliendo mal el experimento\u201d<\/h2>\n<p>\u00ab<strong>Est\u00e1 saliendo mal el experimento<\/strong>. Nosotros pensamos que la pol\u00edtica es la que tiene que decidir por la gente. En C\u00f3rdoba hacemos eso y queremos que eso pase en la Argentina\u201d, asever\u00f3 <strong>Passerini<\/strong>.<\/p>\n<p>Adem\u00e1s se\u00f1al\u00f3 que \u201c<strong>en un a\u00f1o en que han querido aplastar la educaci\u00f3n p\u00fablica, suprimir la universidad p\u00fablica<\/strong>, desde C\u00f3rdoba no solo nos resistimos a trav\u00e9s de nuestras expresiones, sino que ponemos recursos y decisi\u00f3n pol\u00edtica para enfrentar todo eso\u201d. <\/p>\n<p>\u201c<strong>Esta idea de econom\u00eda social y solidaria naci\u00f3 en la pandemia<\/strong>. Hoy estamos duplicando la cantidad de proyectos e incrementando la inversi\u00f3n. C\u00f3rdoba es una ciudad activa que se pone al lado de la gente que necesita, fortaleciendo el tejido social de las organizaciones\u201d, recalc\u00f3 el jefe capitalino.<\/p>\n<p>\u201cEso es lo que tiene que hacer la pol\u00edtica: transformar problemas en soluciones y demandas en respuestas.<strong> Las decisiones pol\u00edticas tienen que estar centradas en las personas<\/strong>\u201d, concluy\u00f3.<\/p>\n<p class=\"destacadoNota\"><a target=\"_blank\" href=\"https:\/\/www.perfil.com\/noticias\/cordoba\/voto-accesible-en-cordoba-prioridades-apoyos-y-cabina-de-votacion-accesible-para-el-domingo-26.phtml\" rel=\"noopener noreferrer\">Voto accesible en C\u00f3rdoba: prioridades, apoyos y Cabina de Votaci\u00f3n Accesible para el domingo 26<\/a><\/p>\n<h2>Acto por el aniversario de la Tarjeta Activa<\/h2>\n<p>El intendente estuvo acompa\u00f1ado en la ceremonia del viceintendente, <strong>Javier Pretto<\/strong>; el secretario de Gobierno y presidente del Ente Metropolitano, <strong>Rodrigo Fern\u00e1ndez<\/strong>; el secretario de Administraci\u00f3n P\u00fablica y Capital Humano,<strong> Sergio Lorenzatti<\/strong>; el secretario de Pol\u00edticas Sociales y Desarrollo Humano, <strong>Ra\u00fal La Cava<\/strong>; el secretario de Fortalecimiento Vecinal y Deportes, <strong>H\u00e9ctor Campana<\/strong>; la secretaria de Educaci\u00f3n, <strong>Alicia La Terza<\/strong>; el director General de Tarjeta Activa, <strong>Pablo Bianco<\/strong>, entre otros funcionarios. <\/p>\n","protected":false},"excerpt":{"rendered":"<p>El intendente de C\u00f3rdoba, Daniel Passerini, cuestion\u00f3 la gesti\u00f3n del presidente Javier Milei al asegurar que \u201cest\u00e1 saliendo mal el experimento\u201d. \u201cPandemia social\u201d \u00abEstamos atravesando una pandemia social, con un incremento exponencial de problem\u00e1ticas de salud mental y consumo\u201d, sostuvo en el acto de celebraci\u00f3n por el cuarto aniversario de Tarjeta Activa. \u201cUn mont\u00f3n de [&hellip;]<\/p>\n","protected":false},"author":1,"featured_media":120059,"comment_status":"closed","ping_status":"closed","sticky":false,"template":"","format":"standard","meta":[],"categories":[19],"tags":[41,2180,2161,80,1293,2181],"_links":{"self":[{"href":"http:\/\/hoycordobaweb.com\/index.php\/wp-json\/wp\/v2\/posts\/120058"}],"collection":[{"href":"http:\/\/hoycordobaweb.com\/index.php\/wp-json\/wp\/v2\/posts"}],"about":[{"href":"http:\/\/hoycordobaweb.com\/index.php\/wp-json\/wp\/v2\/types\/post"}],"author":[{"embeddable":true,"href":"http:\/\/hoycordobaweb.com\/index.php\/wp-json\/wp\/v2\/users\/1"}],"replies":[{"embeddable":true,"href":"http:\/\/hoycordobaweb.com\/index.php\/wp-json\/wp\/v2\/comments?post=120058"}],"version-history":[{"count":0,"href":"http:\/\/hoycordobaweb.com\/index.php\/wp-json\/wp\/v2\/posts\/120058\/revisions"}],"wp:featuredmedia":[{"embeddable":true,"href":"http:\/\/hoycordobaweb.com\/index.php\/wp-json\/wp\/v2\/media\/120059"}],"wp:attachment":[{"href":"http:\/\/hoycordobaweb.com\/index.php\/wp-json\/wp\/v2\/media?parent=120058"}],"wp:term":[{"taxonomy":"category","embeddable":true,"href":"http:\/\/hoycordobaweb.com\/index.php\/wp-json\/wp\/v2\/categories?post=120058"},{"taxonomy":"post_tag","embeddable":true,"href":"http:\/\/hoycordobaweb.com\/index.php\/wp-json\/wp\/v2\/tags?post=120058"}],"curies":[{"name":"wp","href":"https:\/\/api.w.org\/{rel}","templated":true}]}}