{"id":120046,"date":"2025-10-22T10:00:44","date_gmt":"2025-10-22T10:00:44","guid":{"rendered":"https:\/\/www.ole.com.ar\/racing\/racing-sigali-flamengo-libertadores_0_rpV1kWJsmL.html"},"modified":"2025-10-22T10:00:44","modified_gmt":"2025-10-22T10:00:44","slug":"sigali-ex-capitan-de-racing-con-ole-la-energia-del-equipo-te-lleva-puesto-sera-dificil-para-flamengo","status":"publish","type":"post","link":"http:\/\/hoycordobaweb.com\/index.php\/2025\/10\/22\/sigali-ex-capitan-de-racing-con-ole-la-energia-del-equipo-te-lleva-puesto-sera-dificil-para-flamengo\/","title":{"rendered":"Sigali, ex capit\u00e1n de Racing, con Ol\u00e9: \u00abLa energ\u00eda del equipo te lleva puesto, ser\u00e1 dif\u00edcil para Flamengo\u00bb"},"content":{"rendered":"<p><img src=\"http:\/\/hoycordobaweb.com\/wp-content\/uploads\/2025\/10\/sigali-ex-capitan-de-racing-con-ole-la-energia-del-equipo-te-lleva-puesto-sera-dificil-para-flamengo.jpg\"><\/p>\n<p><time class=\"createDate\" datetime=\"2025-10-22T07:00:44-03:00\">22\/10\/2025 07:00hs.<\/time><\/p>\n<div id=\"storyBody\">\n<div class=\"custom-text \" readability=\"37.072941176471\">\n<p><strong><a href=\"https:\/\/www.ole.com.ar\/tema\/leonardo-sigali.html\" title=\"Leonardo Sigali\" alt=\"Leonardo Sigali\" class=\"slug\">Leonardo Sigali<\/a><\/strong>nunca se fue completamente de<strong><a href=\"https:\/\/www.ole.com.ar\/tema\/racing.html\" title=\"Racing\" alt=\"Racing\" class=\"slug\"> Racing<\/a><\/strong>. Se alej\u00f3 geogr\u00e1ficamente, pero su sentimiento lo mantiene cerca del club con que gan\u00f3 cinco t\u00edtulos. Desde Croacia, donde defiende los colores del Lokomotiv, el defensor de 38 a\u00f1os siempre est\u00e1 pendiente del andar de la Academia. <strong>Mira los partidos que puede (cuando la diferencia horaria se lo permite), a menudo se contacta con ex compa\u00f1eros y manda buenas vibras.<\/strong><\/p>\n<\/div>\n<div class=\"custom-text \" readability=\"41.423670668954\">\n<p>Por estas horas, entonces, su atenci\u00f3n esta puesta en R\u00edo de Janeiro, a a 9.682 kil\u00f3metros de Zagreb. En territorio brasile\u00f1o Racing iniciar\u00e1 este mi\u00e9rcoles su aventura en la semifinal de la Libertadores, en el partido de ida ante<strong><a href=\"https:\/\/www.ole.com.ar\/tema\/flamengo.html\" title=\"Flamengo\" alt=\"Flamengo\" class=\"slug\">Flamengo<\/a><\/strong>. Ser\u00e1 en el Maracan\u00e1, escenario en el que el Oso dej\u00f3 sus trazos en una p\u00e1gina hist\u00f3rica para la Academia: hizo un gol en el 1-1 y otro en la definici\u00f3n por penales, en el primer triunfo de la historia del club en esa cancha. <strong>Y eso le vali\u00f3 la clasificaci\u00f3n a cuartos de final de la Libertadores 2020, con Beccacece como t\u00e9cnico.<\/strong><\/p>\n<\/div>\n<div class=\"custom-text \" readability=\"36.121661721068\">\n<p>\u00abLo veo a Racing. Sigo en contacto con ex compa\u00f1eros y gente del club. De vez en cuando les mando mensajes a los utileros y m\u00e9dicos. Lo vi con<strong><a href=\"https:\/\/www.ole.com.ar\/tema\/aldosivi.html\" title=\"Aldosivi\" alt=\"Aldosivi\" class=\"slug\"> Aldosivi<\/a><\/strong>. Sacaron un resultado muy importante parar el torneo y de cara lo que ser\u00e1 el partido con Flamengo\u00bb, arranca Sigali la charla con Ole, en plena recuperaci\u00f3n de una lesi\u00f3n muscular.<\/p>\n<\/div>\n<div class=\"sc-e7b891c4-0 ifHnQL image-embed\"><img alt=\"Sigali, a sus 38 a\u00f1os, juega en el Lokomotiv. Se recupera de una lesi\u00f3n.\" loading=\"lazy\" width=\"720\" height=\"100\" decoding=\"async\" data-nimg=\"1\" src=\"http:\/\/hoycordobaweb.com\/wp-content\/uploads\/2025\/10\/sigali-ex-capitan-de-racing-con-ole-la-energia-del-equipo-te-lleva-puesto-sera-dificil-para-flamengo-2.jpg\"><span class=\"epigraphe\">Sigali, a sus 38 a\u00f1os, juega en el Lokomotiv. Se recupera de una lesi\u00f3n.<\/span><\/div>\n<div class=\"custom-text \" readability=\"32\">\n<p> <strong>-\u00bfQu\u00e9 esper\u00e1s para este arranque se serie?<\/strong><\/p>\n<\/div>\n<div class=\"custom-text \" readability=\"43\">\n<p>-A Racing lo veo entusiasmado, con esas ganas, esa energ\u00eda&#8230; Todos quieren estar, todos quieren jugar. Eso habla del nivel grupal, de una competencia que se ve sana. Ninguno se quiere perder este partido, la motivaci\u00f3n es extra para estos partidos tan importantes. despu\u00e9s de tantos a\u00f1os (28) Racing vuelve a jugar una semi de Copa. Imagino que la euforia y ganas de los muchachos, dentro del vestuario, debe ser mucha. Les deseo lo mejor siempre, a la distancia vana&nbsp;tener un hincha m\u00e1s que los va a apoyar.<\/p>\n<\/div>\n<div class=\"custom-text \" readability=\"32\">\n<p><strong>-\u00bfQu\u00e9 te comentaban tus ex en las \u00faltimas charlas?<\/strong><\/p>\n<\/div>\n<div class=\"custom-text \" readability=\"36\">\n<p>-Hubo palabras de apoyo de mi parte, les pregunt\u00e9 c\u00f3mo estaban. Hay algunos que est\u00e1n tocados, pero ojal\u00e1 lleguen lo mejor posible. S\u00e9 que tratar\u00e1n de llegar de gran manera. Hay muchos chicos con los que soy amigo al d\u00eda de hoy. Trato de estar al tanto de lo que les pasa.<\/p>\n<\/div>\n<div class=\"sc-e7b891c4-0 ifHnQL image-embed\"><img alt=\"&quot;Lokomotiv no tiene hinchadas, van la familia de los jugadores y amigos a la cancha&quot;, cont\u00f3.\" loading=\"lazy\" width=\"720\" height=\"100\" decoding=\"async\" data-nimg=\"1\" src=\"http:\/\/hoycordobaweb.com\/wp-content\/uploads\/2025\/10\/sigali-ex-capitan-de-racing-con-ole-la-energia-del-equipo-te-lleva-puesto-sera-dificil-para-flamengo-3.jpg\"><span class=\"epigraphe\">\u00abLokomotiv no tiene hinchadas, van la familia de los jugadores y amigos a la cancha\u00bb, cont\u00f3.<\/span><\/div>\n<div class=\"custom-text \" readability=\"32\">\n<p><strong>-\u00bfCon qui\u00e9nes habl\u00e1s m\u00e1s?<\/strong><\/p>\n<\/div>\n<div class=\"custom-text \" readability=\"38\">\n<p>-Soy bastante molesto con Gabi, je. Tambi\u00e9n hablo con Agus Basso, con Santi Sosa, Facu Cambeses&#8230; Tambi\u00e9n hablo con Dami, uno de los muchachos de utiler\u00eda, sobre el Ascenso.<\/p>\n<\/div>\n<div class=\"custom-text \" readability=\"32\">\n<p><strong>-\u00bfPor qu\u00e9 Racing se hace tan fuerte en las Copas?<\/strong><\/p>\n<\/div>\n<div class=\"custom-text \" readability=\"39\">\n<p>-Lo que yo sent\u00eda en la Sudamericana&#8230; Ve\u00eda a los compa\u00f1eros con ese brillo en los ojos de querer ganar, se sab\u00edan y sent\u00edan ganadores, sab\u00edas que se iban a tirar de cabeza adentro de la cancha. En la entrada en calor ya los ve\u00edas con esa concentraci\u00f3n y ojos que se les sal\u00edan de la cara. Las ganas de meter y corre. El hincha se siente muy representado desde esa actitud, esa garra.&nbsp; Y esa pasi\u00f3n que transmite el cuerpo t\u00e9cnico de Gustavo (Costas), se lleva adentro de la cancha.<\/p>\n<\/div>\n<div class=\"sc-e7b891c4-0 ifHnQL image-embed\"><img alt=\"Sigali disfruta de la vida en Croacia. \" loading=\"lazy\" width=\"720\" height=\"100\" decoding=\"async\" data-nimg=\"1\" src=\"http:\/\/hoycordobaweb.com\/wp-content\/uploads\/2025\/10\/sigali-ex-capitan-de-racing-con-ole-la-energia-del-equipo-te-lleva-puesto-sera-dificil-para-flamengo-4.jpg\"><span class=\"epigraphe\">Sigali disfruta de la vida en Croacia. <\/span><\/div>\n<p><h2>El Oso no le tiene miedo al Flamengo <\/h2>\n<\/p>\n<div class=\"custom-text \">\n<p><strong>-\u00bfFlamengo es un cuco?<\/strong><\/p>\n<\/div>\n<div class=\"custom-text \" readability=\"38\">\n<p>-Eeeehhh. Las ganas y energ\u00eda que tiene Racing te llevan puesto. Porque esa mentalidad ganadora, esa m\u00edstica copera que viene del a\u00f1o pasado&#8230; Esas caracter\u00edsticas son mucho en este equipo a la hora de plantarse en cualquier estadio por Copas. Lo hizo en la zona de grupos, en cuartos, en octavos. Es un equipo al que cuesta ganarle. Yo se que Flamengo por delante no se lo va a levar a Racing. Les ser\u00e1 un rival dif\u00edcil Racing. Ojal\u00e1 que estos muchachos demuestren ma\u00f1ana esas ganas de quedar en la historia del club. Para ellos y para los hinchas.<\/p>\n<\/div>\n<div class=\"custom-text \" readability=\"33\">\n<p><strong>-\u00bfQu\u00e9 record\u00e1s de aquel partido con triunfo por penales contra Flamengo, en el Maracan\u00e1?<\/strong><\/p>\n<\/div>\n<div class=\"custom-text \" readability=\"37\">\n<p>-Fue en plena Pandemia. Una serie muy pareja en los 180 minutos, muy peleada (1-1 los dos partidos). Nadie regal\u00f3 nada. Los dos equipos ten\u00edan grandes jugadores. Por suerte en ese momento estuvimos iluminados en los penales. Gabi, tambi\u00e9n. Yo tuve al suerte de hacer un gol en la revancha y despu\u00e9s en la tanda de penales.<\/p>\n<\/div>\n<div class=\"custom-text \" readability=\"32\">\n<p><strong>-\u00bfC\u00f3mo debe prepararse un equipo para jugar en un Maracan\u00e1 explotado?<\/strong><\/p>\n<\/div>\n<div class=\"custom-text \" readability=\"34\">\n<p>-Seguramente ser\u00e1 un marco imponente, con el empuje de su gente. Ah\u00ed estar\u00e1 todo el apoyo de las 4.000 personas de Racing que seguramente se har\u00e1n sentir.<\/p>\n<\/div>\n<div class=\"custom-text \" readability=\"35\">\n<p><strong>-Vos siempre recordabas algo que Licha L\u00f3pez reiteraba: que Racing deb\u00eda acostumbrarse a jugar siempre copas porque, de tanto hacerlo, alguna iba a poder ganar&#8230;<\/strong><\/p>\n<\/div>\n<div class=\"custom-text \" readability=\"40\">\n<p>-S\u00ed, Licha dec\u00eda que a medida que jug\u00e1ramos Copas, jugadores, cuerpo t\u00e9cnicos, dirigentes e hinchas se ir\u00edan adaptando a las competencias internacionales. En cualquier momento iba a llegar. Se dio en al Sudamericana&nbsp; y ahora es una experiencia para una generaci\u00f3n de hinchas j\u00f3venes volver a vivir una semifinal. Est\u00e1n muy contentos, no se conforman con eso y quieren llegar a lo m\u00e1s alto.<\/p>\n<\/div>\n<div class=\"custom-text \" readability=\"33\">\n<p><strong>-Despu\u00e9s del partido con Aldosivi, Costas dijo que se imaginaba en la final en Lima\u2026<\/strong><\/p>\n<\/div>\n<div class=\"custom-text \" readability=\"35\">\n<p>-Me encantar\u00eda velo campe\u00f3n de la Libertadores. Lo veo y por algo el entrenador lo dice. Est\u00e1 convencido porque ve que los jugadores le est\u00e1 respondiendo. Y que cu\u00e1nto m\u00e1s juntos est\u00e1n, seguramente las cosas se pueden conseguir de alguna manera u otra.<\/p>\n<\/div>\n<div class=\"custom-text \" readability=\"32\">\n<p><strong>-\u00bfC\u00f3mo es tu actualidad en Lokomotiv?<\/strong><\/p>\n<\/div>\n<div class=\"custom-text \" readability=\"38\">\n<p>-Ahora estoy pasando una lesi\u00f3n muscular, no estoy jugando, Pero disfrutando desde otro lugar, de la familia, viajando. Uno a esta edad (38 a\u00f1os) est\u00e1 acostumbrado a que los dolores duren un poco m\u00e1s. Y la recuperaci\u00f3n es mayor. Hay que saber hasta cu\u00e1ndo puede ser una lesi\u00f3n mayor o menor.<\/p>\n<\/div>\n<div class=\"custom-text \">\n<p><strong>-\u00bfPens\u00e1s en el retiro?<\/strong><\/p>\n<\/div>\n<div class=\"custom-text \" readability=\"38\">\n<p>-No me pongo ning\u00fan plazo. El tiempo lo dir\u00e1. Disfruto de ir e entrenarme, de estar en el vestuario. Aunque es otro idioma, totalmente diferente, je. Yo lo manejo igual. Los compa\u00f1eros me integran. Todav\u00eda tengo ganas de seguir entrenando Y mientras duren, la voy a seguir pelando.<\/p>\n<\/div>\n<p><h2>La diferencia entre la pasi\u00f3n de Racing y un club que no tiene hinchada <\/h2>\n<\/p>\n<div class=\"custom-text \" readability=\"32\">\n<p><strong>-\u00bfC\u00f3mo fue pasar de Racing al f\u00fatbol de Croacia?<\/strong><\/p>\n<\/div>\n<div class=\"custom-text \" readability=\"44\">\n<p> -Mi cambio fue radical. Pas\u00e9 de un club tan gigante como Racing, con una hinchada enorme en el pa\u00eds y en el mundo, a estar en un club mucho m\u00e1s tranquilo, sin hinchada. La gente que va el estadio son nuestro familiares, amigos y no mucho m\u00e1s, je. Pero es un club que compite mucho, que est\u00e1 todo el tiempo en los primeros puestos, siempre creciendo, con jugadores proyectados para otros clubes, sea a Croacia o para afuera.<\/p>\n<\/div>\n<div class=\"sc-a7166897-0 eoLsBE\" readability=\"6\">\n<section readability=\"2\"><picture><img alt=\"Hinchas de Racing en Ipanema: ilusi\u00f3n intacta y una historia especial con Costas\" loading=\"lazy\" width=\"290\" height=\"290\" decoding=\"async\" data-nimg=\"1\" src=\"http:\/\/hoycordobaweb.com\/wp-content\/uploads\/2025\/10\/sigali-ex-capitan-de-racing-con-ole-la-energia-del-equipo-te-lleva-puesto-sera-dificil-para-flamengo-5.jpg\"><\/picture>\n<p><span>Mir\u00e1 tambi\u00e9n<\/span><\/p>\n<hr>\n<h3>Hinchas de Racing en Ipanema: ilusi\u00f3n intacta y una historia especial con Costas<\/h3>\n<\/p>\n<\/section>\n<\/div>\n<div class=\"sc-a7166897-0 eoLsBE\" readability=\"6\">\n<section readability=\"2\"><picture><img alt=\"El\u00edas Torres fue operado con \u00e9xito: \u00bfcu\u00e1nto tiempo estar\u00e1 de baja?\" loading=\"lazy\" width=\"290\" height=\"290\" decoding=\"async\" data-nimg=\"1\" src=\"http:\/\/hoycordobaweb.com\/wp-content\/uploads\/2025\/10\/sigali-ex-capitan-de-racing-con-ole-la-energia-del-equipo-te-lleva-puesto-sera-dificil-para-flamengo-6.jpg\"><\/picture>\n<p><span>Mir\u00e1 tambi\u00e9n<\/span><\/p>\n<hr>\n<h3>El\u00edas Torres fue operado con \u00e9xito: \u00bfcu\u00e1nto tiempo estar\u00e1 de baja?<\/h3>\n<\/p>\n<\/section>\n<\/div>\n<div class=\"sc-a7166897-0 eoLsBE\" readability=\"6\">\n<section readability=\"2\"><picture><img alt=\"Ol\u00e9 en R\u00edo: Flamengo se agranda y dicen que golea \" loading=\"lazy\" width=\"290\" height=\"290\" decoding=\"async\" data-nimg=\"1\" src=\"http:\/\/hoycordobaweb.com\/wp-content\/uploads\/2025\/10\/sigali-ex-capitan-de-racing-con-ole-la-energia-del-equipo-te-lleva-puesto-sera-dificil-para-flamengo-7.jpg\"><\/picture>\n<p><span>Mir\u00e1 tambi\u00e9n<\/span><\/p>\n<hr>\n<h3>Ol\u00e9 en R\u00edo: Flamengo se agranda y dicen que golea<br \/>\n<\/h3>\n<\/p>\n<\/section>\n<\/div>\n<div class=\"sc-a7166897-0 eoLsBE\" readability=\"6\">\n<section readability=\"2\"><picture><img alt=\"La formaci\u00f3n de Racing para visitar a Flamengo en el Maracan\u00e1\" loading=\"lazy\" width=\"290\" height=\"290\" decoding=\"async\" data-nimg=\"1\" src=\"http:\/\/hoycordobaweb.com\/wp-content\/uploads\/2025\/10\/sigali-ex-capitan-de-racing-con-ole-la-energia-del-equipo-te-lleva-puesto-sera-dificil-para-flamengo-8.jpg\"><\/picture>\n<p><span>Mir\u00e1 tambi\u00e9n<\/span><\/p>\n<hr>\n<h3>La formaci\u00f3n de Racing para visitar a Flamengo en el Maracan\u00e1<\/h3>\n<\/p>\n<\/section>\n<\/div>\n<\/div>\n","protected":false},"excerpt":{"rendered":"<p>22\/10\/2025 07:00hs. Leonardo Sigalinunca se fue completamente de Racing. Se alej\u00f3 geogr\u00e1ficamente, pero su sentimiento lo mantiene cerca del club con que gan\u00f3 cinco t\u00edtulos. Desde Croacia, donde defiende los colores del Lokomotiv, el defensor de 38 a\u00f1os siempre est\u00e1 pendiente del andar de la Academia. Mira los partidos que puede (cuando la diferencia horaria [&hellip;]<\/p>\n","protected":false},"author":1,"featured_media":120047,"comment_status":"open","ping_status":"closed","sticky":false,"template":"","format":"standard","meta":[],"categories":[16],"tags":[],"_links":{"self":[{"href":"http:\/\/hoycordobaweb.com\/index.php\/wp-json\/wp\/v2\/posts\/120046"}],"collection":[{"href":"http:\/\/hoycordobaweb.com\/index.php\/wp-json\/wp\/v2\/posts"}],"about":[{"href":"http:\/\/hoycordobaweb.com\/index.php\/wp-json\/wp\/v2\/types\/post"}],"author":[{"embeddable":true,"href":"http:\/\/hoycordobaweb.com\/index.php\/wp-json\/wp\/v2\/users\/1"}],"replies":[{"embeddable":true,"href":"http:\/\/hoycordobaweb.com\/index.php\/wp-json\/wp\/v2\/comments?post=120046"}],"version-history":[{"count":0,"href":"http:\/\/hoycordobaweb.com\/index.php\/wp-json\/wp\/v2\/posts\/120046\/revisions"}],"wp:featuredmedia":[{"embeddable":true,"href":"http:\/\/hoycordobaweb.com\/index.php\/wp-json\/wp\/v2\/media\/120047"}],"wp:attachment":[{"href":"http:\/\/hoycordobaweb.com\/index.php\/wp-json\/wp\/v2\/media?parent=120046"}],"wp:term":[{"taxonomy":"category","embeddable":true,"href":"http:\/\/hoycordobaweb.com\/index.php\/wp-json\/wp\/v2\/categories?post=120046"},{"taxonomy":"post_tag","embeddable":true,"href":"http:\/\/hoycordobaweb.com\/index.php\/wp-json\/wp\/v2\/tags?post=120046"}],"curies":[{"name":"wp","href":"https:\/\/api.w.org\/{rel}","templated":true}]}}