{"id":120044,"date":"2025-10-22T11:32:42","date_gmt":"2025-10-22T11:32:42","guid":{"rendered":"https:\/\/www.ole.com.ar\/futbol-primera\/racing-flamengo-copa-libertadores_0_2BOUoOGHWI.html"},"modified":"2025-10-22T11:32:42","modified_gmt":"2025-10-22T11:32:42","slug":"asi-amanecio-racing-del-maracanazo-de-sus-hinchas-al-cuidado-extremo-en-la-previa","status":"publish","type":"post","link":"http:\/\/hoycordobaweb.com\/index.php\/2025\/10\/22\/asi-amanecio-racing-del-maracanazo-de-sus-hinchas-al-cuidado-extremo-en-la-previa\/","title":{"rendered":"As\u00ed amaneci\u00f3 Racing: del Maracanazo de sus hinchas al cuidado extremo en la previa"},"content":{"rendered":"<p><img src=\"http:\/\/hoycordobaweb.com\/wp-content\/uploads\/2025\/10\/asi-amanecio-racing-del-maracanazo-de-sus-hinchas-al-cuidado-extremo-en-la-previa.jpg\"><\/p>\n<p><time class=\"createDate\" datetime=\"2025-10-22T08:32:42-03:00\">22\/10\/2025 08:32hs.<\/time><\/p>\n<div id=\"storyBody\">\n<div class=\"custom-text \" readability=\"35.83595505618\">\n<p>Amanece en R\u00edo de Janeiro<strong>. Atr\u00e1s qued\u00f3 otra noche conmovedora de <a href=\"https:\/\/www.ole.com.ar\/tema\/racing.html\" title=\"Racing\" alt=\"Racing\" class=\"slug\">Racing<\/a> en el exterior<\/strong>. Hubo reminiscencias de Asunci\u00f3n, en la previa a la final de la Copa Sudamericana.<strong> Los hinchas de la Academia toman la semifinal de la Copa Libertadores con la misma magnitud de lo que fue el duelo contra Cruzeiro<\/strong>. Preguntan sobre<a href=\"https:\/\/www.ole.com.ar\/tema\/flamengo.html\" title=\"Flamengo\" alt=\"Flamengo\" class=\"slug\"> Flamengo<\/a>. Bajas, puntos flacos. Lo analizan en los chiringuitos frente a la concentraci\u00f3n de la Acad\u00e9 en Barra de Tijuca.<\/p>\n<\/div>\n<p><h2>El gran recibimiento al plantel y lo que se viene<\/h2>\n<\/p>\n<div class=\"custom-text \" readability=\"40\">\n<p><strong>La noche termin\u00f3 en paz. Tras el Maracanazo de los hinchas, un recibimiento \u00fanico que emocion\u00f3 a los jugadores y el momento compartido, el sol volvi\u00f3 a salir en tierras cariocas<\/strong>. D\u00eda parcialmente nublado, que invita a ir a la playa. En R\u00edo hay extremo cuidado con los hinchas de Racing. Ellos mismas se cuidan, con un comportamiento que por el momento viene siendo ejemplar, y tambi\u00e9n los cuidan.<\/p>\n<\/div>\n<div class=\"custom-text \" readability=\"35\">\n<p>A priori, <strong>los movimientos del grueso de la masa acad\u00e9mica ya est\u00e1n estipulados. No quieren que haya sorpresas desagradables<\/strong>. Flamengo respeta mucho a Racing. Su local\u00eda. A su hinchada. A Avellaneda. Desde muy temprano comenzar\u00e1 el operativo especial para los visitantes.<\/p>\n<\/div>\n<div class=\"sc-3c5a76cc-1 idjLTd\" readability=\"6.5\">\n<div class=\"sc-e8b2828-0 fBmEJc vertical\" type=\"embedvertical\">\n<div class=\"sc-e8b2828-1 iPLbWT videoText\" id=\"contentTitleembedverticalFPJXpugS\" type=\"embedvertical\"><svg fill=\"#ffffff\"><symbol id=\"play\" viewBox=\"0 0 512 512\"><path d=\"M512 256C512 397.4 397.4 512 256 512C114.6 512 0 397.4 0 256C0 114.6 114.6 0 256 0C397.4 0 512 114.6 512 256zM176 168V344C176 352.7 180.7 360.7 188.3 364.9C195.8 369.2 205.1 369 212.5 364.5L356.5 276.5C363.6 272.1 368 264.4 368 256C368 247.6 363.6 239.9 356.5 235.5L212.5 147.5C205.1 142.1 195.8 142.8 188.3 147.1C180.7 151.3 176 159.3 176 168V168z\" \/><\/symbol><use xlink:href=\"#play\" \/><\/svg><\/p>\n<div class=\"right\">\n<p>Racing<!-- --> &#8211; <span>&nbsp;<\/span><\/p>\n<h2 class=\"title-vid\">\u00a1As\u00ed fue la llegada de Racing a R\u00edo de Janeiro!<\/h2>\n<\/div>\n<\/div>\n<p><span class=\"back\" id=\"spanBackembedverticalFPJXpugS\"><\/span><\/div>\n<div class=\"JWvideoNota_title\" readability=\"8\">\n<p>Este mi\u00e9rcoles a las 21:30 La Academia visita a Flamengo por las semis de la Libertadores. Video: @nandomaderna &#8211; enviado especial Ol\u00e9<\/p>\n<\/div>\n<\/div>\n<div class=\"custom-text \" readability=\"38\">\n<p>Si bien tendr\u00e1n libertad previa en las primeras horas del mi\u00e9rcoles, <strong>desde las 10 tendr\u00e1n abiertas las puertas de lo que ser\u00e1 una especie de Fan Fest.<\/strong> En el Terreirao de Samba, al lado del Samb\u00f3dromo en el centro de R\u00edo, los hinchas tendr\u00e1n venta de bebidas y comidas para empezar a concentrarse y a la tarde salir encapsulados al Maracan\u00e1.<\/p>\n<\/div>\n<div class=\"sc-e7b891c4-0 ifHnQL image-embed\"><img alt=\"Racing saludando a su gente.\" loading=\"lazy\" width=\"720\" height=\"100\" decoding=\"async\" data-nimg=\"1\" src=\"http:\/\/hoycordobaweb.com\/wp-content\/uploads\/2025\/10\/asi-amanecio-racing-del-maracanazo-de-sus-hinchas-al-cuidado-extremo-en-la-previa-2.jpg\"><span class=\"epigraphe\">Racing saludando a su gente.<\/span><\/div>\n<div class=\"custom-text \" readability=\"35\">\n<p><strong>Se espera que unos 100 micros empiecen a salir desde media tarde. Ser\u00e1n en tandas cada 15 o 20 minutos para ir organizando el ingreso al M\u00edtico estadio. Las 4.000 entradas que Racing tuvo a disposici\u00f3n volaron en un abrir y cerrar de ojos<\/strong>. La avanzada acad\u00e9mica empez\u00f3 a llegar en avi\u00f3n a principios de semana y otra oleada lo har\u00e1 en las pr\u00f3ximas horas por tierra. Nadie se quiere quedar afuera de otro partido hist\u00f3rico para el equipo de Gustavo Costas.<\/p>\n<\/div>\n<\/div>\n","protected":false},"excerpt":{"rendered":"<p>22\/10\/2025 08:32hs. Amanece en R\u00edo de Janeiro. Atr\u00e1s qued\u00f3 otra noche conmovedora de Racing en el exterior. Hubo reminiscencias de Asunci\u00f3n, en la previa a la final de la Copa Sudamericana. Los hinchas de la Academia toman la semifinal de la Copa Libertadores con la misma magnitud de lo que fue el duelo contra Cruzeiro. [&hellip;]<\/p>\n","protected":false},"author":1,"featured_media":120045,"comment_status":"open","ping_status":"closed","sticky":false,"template":"","format":"standard","meta":[],"categories":[16],"tags":[],"_links":{"self":[{"href":"http:\/\/hoycordobaweb.com\/index.php\/wp-json\/wp\/v2\/posts\/120044"}],"collection":[{"href":"http:\/\/hoycordobaweb.com\/index.php\/wp-json\/wp\/v2\/posts"}],"about":[{"href":"http:\/\/hoycordobaweb.com\/index.php\/wp-json\/wp\/v2\/types\/post"}],"author":[{"embeddable":true,"href":"http:\/\/hoycordobaweb.com\/index.php\/wp-json\/wp\/v2\/users\/1"}],"replies":[{"embeddable":true,"href":"http:\/\/hoycordobaweb.com\/index.php\/wp-json\/wp\/v2\/comments?post=120044"}],"version-history":[{"count":0,"href":"http:\/\/hoycordobaweb.com\/index.php\/wp-json\/wp\/v2\/posts\/120044\/revisions"}],"wp:featuredmedia":[{"embeddable":true,"href":"http:\/\/hoycordobaweb.com\/index.php\/wp-json\/wp\/v2\/media\/120045"}],"wp:attachment":[{"href":"http:\/\/hoycordobaweb.com\/index.php\/wp-json\/wp\/v2\/media?parent=120044"}],"wp:term":[{"taxonomy":"category","embeddable":true,"href":"http:\/\/hoycordobaweb.com\/index.php\/wp-json\/wp\/v2\/categories?post=120044"},{"taxonomy":"post_tag","embeddable":true,"href":"http:\/\/hoycordobaweb.com\/index.php\/wp-json\/wp\/v2\/tags?post=120044"}],"curies":[{"name":"wp","href":"https:\/\/api.w.org\/{rel}","templated":true}]}}