{"id":119970,"date":"2025-10-21T14:34:48","date_gmt":"2025-10-21T14:34:48","guid":{"rendered":"https:\/\/cordobaturismo.gov.ar\/?p=898903"},"modified":"2025-10-21T14:34:48","modified_gmt":"2025-10-21T14:34:48","slug":"mercado-de-viajes-2025-cordoba-vuelve-a-ser-el-gran-punto-de-encuentro-del-turismo-nacional","status":"publish","type":"post","link":"http:\/\/hoycordobaweb.com\/index.php\/2025\/10\/21\/mercado-de-viajes-2025-cordoba-vuelve-a-ser-el-gran-punto-de-encuentro-del-turismo-nacional\/","title":{"rendered":"Mercado de Viajes 2025: C\u00f3rdoba vuelve a ser el gran punto de encuentro del turismo nacional"},"content":{"rendered":"<p>La feria tur\u00edstica m\u00e1s importante del interior del pa\u00eds regresa al Centro de Convenciones C\u00f3rdoba con m\u00e1s expositores, promociones, experiencias y destinos para todos los<\/p>\n<p>El pr\u00f3ximo s\u00e1bado 1\u00b0 de noviembre, de 12 a 21 hs, el Centro de Convenciones C\u00f3rdoba Brigadier Juan Bautista Bustos ser\u00e1 sede de una nueva edici\u00f3n de Mercado de Viajes, el evento que re\u00fane a los principales actores del turismo y que se consolida como la feria m\u00e1s importante del interior del pa\u00eds.<\/p>\n<p>Con m\u00e1s de 150 expositores \u2014entre agencias de viajes, aerol\u00edneas, hoteles, asistencias al viajero y destinos nacionales e internacionales\u2014, la propuesta invita al p\u00fablico a recorrer stands con ofertas, descuentos, experiencias y charlas que inspirar\u00e1n a planificar su pr\u00f3ximo viaje. Habr\u00e1 adem\u00e1s degustaciones, sorteos y un patio gastron\u00f3mico con sabores del mundo, en una jornada pensada para disfrutar del turismo en todas sus formas.<\/p>\n<p><em>\u201c<strong>Mercado de Viajes es una gran vidriera para mostrar todo lo que C\u00f3rdoba tiene para ofrecer<\/strong><strong>. Cada visitante se convierte en un potencial embajador de nuestros destinos y experiencias, lo que reafirma el lugar de la provincia como epicentro del turismo nacional\u201d,<\/strong><\/em> destac\u00f3 Dar\u00edo Capitani, presidente de la Agencia C\u00f3rdoba Turismo.<\/p>\n<figure class=\"wp-block-image size-full\"><img loading=\"lazy\" fetchpriority=\"high\" decoding=\"async\" width=\"896\" height=\"512\" src=\"http:\/\/hoycordobaweb.com\/wp-content\/uploads\/2025\/10\/mercado-de-viajes-2025-cordoba-vuelve-a-ser-el-gran-punto-de-encuentro-del-turismo-nacional.png\" alt class=\"wp-image-898907\" srcset=\"http:\/\/hoycordobaweb.com\/wp-content\/uploads\/2025\/10\/mercado-de-viajes-2025-cordoba-vuelve-a-ser-el-gran-punto-de-encuentro-del-turismo-nacional.png 896w, http:\/\/hoycordobaweb.com\/wp-content\/uploads\/2025\/10\/mercado-de-viajes-2025-cordoba-vuelve-a-ser-el-gran-punto-de-encuentro-del-turismo-nacional-1.png 300w, http:\/\/hoycordobaweb.com\/wp-content\/uploads\/2025\/10\/mercado-de-viajes-2025-cordoba-vuelve-a-ser-el-gran-punto-de-encuentro-del-turismo-nacional-2.png 768w\" sizes=\"(max-width: 896px) 100vw, 896px\"><\/figure>\n<p>Como antesala profesional, el viernes 31 de octubre se llevar\u00e1 a cabo el 64\u00b0 Workshop de ACAV, un encuentro exclusivo para el sector tur\u00edstico que reunir\u00e1 a m\u00e1s de 1.500 participantes y contar\u00e1 con la disertaci\u00f3n del especialista en innovaci\u00f3n Augusto Salvatto, quien abordar\u00e1 la creatividad y el futuro de la industria.<\/p>\n<p>Con entrada libre y gratuita (previa inscripci\u00f3n <a href=\"https:\/\/view.itlg.io\/event\/110\">https:\/\/view.itlg.io\/event\/110<\/a>), Mercado de Viajes se presenta como una oportunidad \u00fanica para descubrir destinos, planificar las pr\u00f3ximas vacaciones y conocer de cerca las tendencias del sector.<\/p>\n<figure class=\"wp-block-gallery has-nested-images columns-default is-cropped wp-block-gallery-1 is-layout-flex wp-block-gallery-is-layout-flex\">\n<figure class=\"wp-block-image size-large\"><img loading=\"lazy\" decoding=\"async\" width=\"819\" height=\"1024\" data-id=\"898909\" src=\"http:\/\/hoycordobaweb.com\/wp-content\/uploads\/2025\/10\/mercado-de-viajes-2025-cordoba-vuelve-a-ser-el-gran-punto-de-encuentro-del-turismo-nacional.jpg\" alt class=\"wp-image-898909\" srcset=\"http:\/\/hoycordobaweb.com\/wp-content\/uploads\/2025\/10\/mercado-de-viajes-2025-cordoba-vuelve-a-ser-el-gran-punto-de-encuentro-del-turismo-nacional.jpg 819w, http:\/\/hoycordobaweb.com\/wp-content\/uploads\/2025\/10\/mercado-de-viajes-2025-cordoba-vuelve-a-ser-el-gran-punto-de-encuentro-del-turismo-nacional-2.jpg 240w, http:\/\/hoycordobaweb.com\/wp-content\/uploads\/2025\/10\/mercado-de-viajes-2025-cordoba-vuelve-a-ser-el-gran-punto-de-encuentro-del-turismo-nacional-3.jpg 768w, http:\/\/hoycordobaweb.com\/wp-content\/uploads\/2025\/10\/mercado-de-viajes-2025-cordoba-vuelve-a-ser-el-gran-punto-de-encuentro-del-turismo-nacional-4.jpg 1080w\" sizes=\"(max-width: 819px) 100vw, 819px\"><\/figure>\n<figure class=\"wp-block-image size-large\"><img loading=\"lazy\" decoding=\"async\" width=\"819\" height=\"1024\" data-id=\"898908\" src=\"http:\/\/hoycordobaweb.com\/wp-content\/uploads\/2025\/10\/mercado-de-viajes-2025-cordoba-vuelve-a-ser-el-gran-punto-de-encuentro-del-turismo-nacional-1.jpg\" alt class=\"wp-image-898908\" srcset=\"http:\/\/hoycordobaweb.com\/wp-content\/uploads\/2025\/10\/mercado-de-viajes-2025-cordoba-vuelve-a-ser-el-gran-punto-de-encuentro-del-turismo-nacional-1.jpg 819w, http:\/\/hoycordobaweb.com\/wp-content\/uploads\/2025\/10\/mercado-de-viajes-2025-cordoba-vuelve-a-ser-el-gran-punto-de-encuentro-del-turismo-nacional-5.jpg 240w, http:\/\/hoycordobaweb.com\/wp-content\/uploads\/2025\/10\/mercado-de-viajes-2025-cordoba-vuelve-a-ser-el-gran-punto-de-encuentro-del-turismo-nacional-6.jpg 768w, http:\/\/hoycordobaweb.com\/wp-content\/uploads\/2025\/10\/mercado-de-viajes-2025-cordoba-vuelve-a-ser-el-gran-punto-de-encuentro-del-turismo-nacional-7.jpg 1080w\" sizes=\"(max-width: 819px) 100vw, 819px\"><\/figure>\n<\/figure>\n","protected":false},"excerpt":{"rendered":"<p>La feria tur\u00edstica m\u00e1s importante del interior del pa\u00eds regresa al Centro de Convenciones C\u00f3rdoba con m\u00e1s expositores, promociones, experiencias y destinos para todos los El pr\u00f3ximo s\u00e1bado 1\u00b0 de noviembre, de 12 a 21 hs, el Centro de Convenciones C\u00f3rdoba Brigadier Juan Bautista Bustos ser\u00e1 sede de una nueva edici\u00f3n de Mercado de Viajes, [&hellip;]<\/p>\n","protected":false},"author":1,"featured_media":119971,"comment_status":"closed","ping_status":"closed","sticky":false,"template":"","format":"standard","meta":[],"categories":[19],"tags":[],"_links":{"self":[{"href":"http:\/\/hoycordobaweb.com\/index.php\/wp-json\/wp\/v2\/posts\/119970"}],"collection":[{"href":"http:\/\/hoycordobaweb.com\/index.php\/wp-json\/wp\/v2\/posts"}],"about":[{"href":"http:\/\/hoycordobaweb.com\/index.php\/wp-json\/wp\/v2\/types\/post"}],"author":[{"embeddable":true,"href":"http:\/\/hoycordobaweb.com\/index.php\/wp-json\/wp\/v2\/users\/1"}],"replies":[{"embeddable":true,"href":"http:\/\/hoycordobaweb.com\/index.php\/wp-json\/wp\/v2\/comments?post=119970"}],"version-history":[{"count":0,"href":"http:\/\/hoycordobaweb.com\/index.php\/wp-json\/wp\/v2\/posts\/119970\/revisions"}],"wp:featuredmedia":[{"embeddable":true,"href":"http:\/\/hoycordobaweb.com\/index.php\/wp-json\/wp\/v2\/media\/119971"}],"wp:attachment":[{"href":"http:\/\/hoycordobaweb.com\/index.php\/wp-json\/wp\/v2\/media?parent=119970"}],"wp:term":[{"taxonomy":"category","embeddable":true,"href":"http:\/\/hoycordobaweb.com\/index.php\/wp-json\/wp\/v2\/categories?post=119970"},{"taxonomy":"post_tag","embeddable":true,"href":"http:\/\/hoycordobaweb.com\/index.php\/wp-json\/wp\/v2\/tags?post=119970"}],"curies":[{"name":"wp","href":"https:\/\/api.w.org\/{rel}","templated":true}]}}