{"id":119966,"date":"2025-10-21T11:31:00","date_gmt":"2025-10-21T11:31:00","guid":{"rendered":"https:\/\/www.trendencias.com\/shopping\/vuelve-a-lidl-tendedero-plegable-vileda-que-cualquier-rincon-esta-rebajado-justo-a-tiempo-para-lluvia"},"modified":"2025-10-21T11:31:00","modified_gmt":"2025-10-21T11:31:00","slug":"vuelve-a-lidl-el-tendedero-plegable-de-vileda-que-cabe-en-cualquier-rincon-y-esta-rebajado-justo-a-tiempo-para-la-lluvia","status":"publish","type":"post","link":"http:\/\/hoycordobaweb.com\/index.php\/2025\/10\/21\/vuelve-a-lidl-el-tendedero-plegable-de-vileda-que-cabe-en-cualquier-rincon-y-esta-rebajado-justo-a-tiempo-para-la-lluvia\/","title":{"rendered":"Vuelve a Lidl el tendedero plegable de Vileda que cabe en cualquier rinc\u00f3n y est\u00e1 rebajado justo a tiempo para la lluvia"},"content":{"rendered":"<p>La lluvia ha llegado y nos ha sorprendido a muchas con la lavadora llena. Con la llegada del oto\u00f1o es muy com\u00fan que esto ocurra y en Lidl he encontrado el mejor salvavidas para d\u00edas grises. Se trata del tendedero plegable de Vileda que cada a\u00f1o es el m\u00e1s vendido. Una opci\u00f3n que <strong>ocupa poco espacio y nos salvar\u00e1 de poner la secadora en m\u00e1s de una ocasi\u00f3n<\/strong>.&nbsp;<\/p>\n<p><!-- BREAK 1 --> <!-- PIVOT START --><\/p>\n<div class=\"pivot-ecommerce-container m-pivot-ecommerce-redesign article-asset-normal article-asset-center\" readability=\"24.452830188679\">\n<div class=\"pivot-ecommerce\">\n<div class=\"pivot-ecommerce-figure\"> <a rel=\"nofollow, sponsored, noopener, noreferrer noopener\" target=\"_blank\" href=\"https:\/\/www.webedia-afilia.com\/redirect?site=trendencias&amp;url=https%3A%2F%2Fwww.lidl.es%2Fes%2Fvileda-tendedero%2Fp82592%3FsearchTrackingQuery%3D%2A%2Atendedero%26searchTrackingId%3DProduct.82592%26searchTrackingPos%3D5%26searchTrackingOrigPos%3D5%26searchTrackingRelevancy%3D%26searchTrackingPage%3D1%26searchTrackingPageSize%3D24%26searchTrackingOrigPageSize%3D24&amp;affiliate_id=&amp;ecomPostExpiration=perish&amp;postId=647987\"> <img loading=\"lazy\" src=\"http:\/\/hoycordobaweb.com\/wp-content\/uploads\/2025\/10\/vuelve-a-lidl-el-tendedero-plegable-de-vileda-que-cabe-en-cualquier-rincon-y-esta-rebajado-justo-a-tiempo-para-la-lluvia.jpg\" alt=\"Tendedero Vileda\" width=\"1125\" height=\"1125\"> <\/a>\n<\/div>\n<div class=\"pivot-ecommerce-summary\">\n<p class=\"pivot-ecommerce-desc\">Tendedero Vileda<\/p>\n<\/p><\/div><\/div>\n<p>El precio podr\u00eda variar. Obtenemos comisi\u00f3n por estos enlaces<\/p>\n<\/div>\n<p><!-- PIVOT END --><\/p>\n<p>Es estable y la mejor elecci\u00f3n para tender desde prendas peque\u00f1as que se secar\u00e1n en un visto y no visto hasta toallas, vaqueros y jers\u00e9is, las prendas claves de la temporada. Adem\u00e1s, ahora que se acerca el <a class=\"text-outboundlink\" href=\"https:\/\/www.trendencias.com\/shopping\/como-hacer-cambio-armario-paso-a-paso-trucos-productos-todo-que-necesitas-para-orden-perfecto\" data-vars-post-title=\"C\u00f3mo hacer el cambio de armario paso a paso | Trucos, productos y todo lo que necesitas para un orden perfecto\" data-vars-post-url=\"https:\/\/www.trendencias.com\/shopping\/como-hacer-cambio-armario-paso-a-paso-trucos-productos-todo-que-necesitas-para-orden-perfecto\">cambio de armario<\/a>, necesitaremos refuerzos y esta es una de las herramientas que nos vendr\u00e1 de perlas incluso en d\u00edas soleados para <strong>quitar la colada en el m\u00ednimo tiempo posible<\/strong>.&nbsp;<\/p>\n<p>Este modelo incorpora unos ganchos ideales para los calcetines, ya que si ahorraremos espacios en las cuerdas del <a class=\"text-outboundlink\" href=\"https:\/\/www.trendencias.com\/shopping\/mejores-tendederos-extensibles-cuales-comprar-consejos-recomendaciones-1\" data-vars-post-title=\"Los mejores tendederos extensibles | \u00bfCu\u00e1les comprar? Consejos y recomendaciones\" data-vars-post-url=\"https:\/\/www.trendencias.com\/shopping\/mejores-tendederos-extensibles-cuales-comprar-consejos-recomendaciones-1\">tendedero<\/a>. <strong>La sencillez es una de sus virtudes y el color negro,<\/strong> aporta un toque decorativo que queda genial tanto en los cuartos de la colada como en el sal\u00f3n, si es el \u00fanico espacio donde puedes ponerlo.&nbsp;<\/p>\n<p><!-- BREAK 2 --><\/p>\n<div class=\"article-asset-image article-asset-normal article-asset-center\">\n<div class=\"asset-content\"> <a rel=\"nofollow, sponsored, noopener, noreferrer noopener\" target=\"_blank\" class=\"js-ecommerce\" id=\"link-ecommerce-1\" href=\"https:\/\/www.webedia-afilia.com\/redirect?url=https%3A%2F%2Fwww.lidl.es%2Fes%2Fvileda-tendedero%2Fp82592%3FsearchTrackingQuery%3D%2A%2Atendedero%26searchTrackingId%3DProduct.82592%26searchTrackingPos%3D5%26searchTrackingOrigPos%3D5%26searchTrackingRelevancy%3D%26searchTrackingPage%3D1%26searchTrackingPageSize%3D24%26searchTrackingOrigPageSize%3D24&amp;category=shopping&amp;site=trendencias&amp;ecomPostExpiration=perish&amp;postId=647987\" data-vars-affiliate-url=\"https:\/\/www.lidl.es\/es\/vileda-tendedero\/p82592?searchTrackingQuery=**tendedero&amp;searchTrackingId=Product.82592&amp;searchTrackingPos=5&amp;searchTrackingOrigPos=5&amp;searchTrackingRelevancy=&amp;searchTrackingPage=1&amp;searchTrackingPageSize=24&amp;searchTrackingOrigPageSize=24\"> <img class=\"centro_sinmarco\" height=\"1125\" width=\"1500\" loading=\"lazy\" decoding=\"async\" sizes=\"100vw\" fetchpriority=\"high\" srcset=\"http:\/\/hoycordobaweb.com\/wp-content\/uploads\/2025\/10\/vuelve-a-lidl-el-tendedero-plegable-de-vileda-que-cabe-en-cualquier-rincon-y-esta-rebajado-justo-a-tiempo-para-la-lluvia-1.jpg 450w, http:\/\/hoycordobaweb.com\/wp-content\/uploads\/2025\/10\/vuelve-a-lidl-el-tendedero-plegable-de-vileda-que-cabe-en-cualquier-rincon-y-esta-rebajado-justo-a-tiempo-para-la-lluvia-6.jpg 681w, http:\/\/hoycordobaweb.com\/wp-content\/uploads\/2025\/10\/vuelve-a-lidl-el-tendedero-plegable-de-vileda-que-cabe-en-cualquier-rincon-y-esta-rebajado-justo-a-tiempo-para-la-lluvia-7.jpg 1024w, http:\/\/hoycordobaweb.com\/wp-content\/uploads\/2025\/10\/vuelve-a-lidl-el-tendedero-plegable-de-vileda-que-cabe-en-cualquier-rincon-y-esta-rebajado-justo-a-tiempo-para-la-lluvia-8.jpg 1366w\" src=\"http:\/\/hoycordobaweb.com\/wp-content\/uploads\/2025\/10\/vuelve-a-lidl-el-tendedero-plegable-de-vileda-que-cabe-en-cualquier-rincon-y-esta-rebajado-justo-a-tiempo-para-la-lluvia-1.jpg\" alt=\"Vileda Tendedero Zoom 2\"> <noscript><img alt=\"Vileda Tendedero Zoom 2\" class=\"centro_sinmarco\" src=\"http:\/\/hoycordobaweb.com\/wp-content\/uploads\/2025\/10\/vuelve-a-lidl-el-tendedero-plegable-de-vileda-que-cabe-en-cualquier-rincon-y-esta-rebajado-justo-a-tiempo-para-la-lluvia-1.jpg\"><\/noscript> <\/a> <\/div>\n<\/div>\n<p>Cuenta con <strong>ruedas que facilitan su transporte y unos protectores que no rayar\u00e1n el suelo<\/strong>. En cuanto a las medidas, se dispone de 18 metros para tender hasta dos coladas al mismo tiempo, aunque depender\u00e1 mucho de la carga y del tipo de prendas que sea. Es genial tanto para exteriores como una terraza o jard\u00edn como para interiores. El precio en la web oficial de Lidl es <a rel=\"nofollow, sponsored, noopener, noreferrer noopener\" target=\"_blank\" class=\"js-ecommerce\" id=\"link-ecommerce-2\" href=\"https:\/\/www.webedia-afilia.com\/redirect?url=https%3A%2F%2Fwww.lidl.es%2Fes%2Fvileda-tendedero%2Fp82592%3FsearchTrackingQuery%3D%2A%2Atendedero%26searchTrackingId%3DProduct.82592%26searchTrackingPos%3D5%26searchTrackingOrigPos%3D5%26searchTrackingRelevancy%3D%26searchTrackingPage%3D1%26searchTrackingPageSize%3D24%26searchTrackingOrigPageSize%3D24&amp;category=shopping&amp;site=trendencias&amp;ecomPostExpiration=perish&amp;postId=647987\" data-vars-affiliate-url=\"https:\/\/www.lidl.es\/es\/vileda-tendedero\/p82592?searchTrackingQuery=**tendedero&amp;searchTrackingId=Product.82592&amp;searchTrackingPos=5&amp;searchTrackingOrigPos=5&amp;searchTrackingRelevancy=&amp;searchTrackingPage=1&amp;searchTrackingPageSize=24&amp;searchTrackingOrigPageSize=24\">24,99 euros<\/a> (antes 31,99 euros).&nbsp;<\/p>\n<p><!-- BREAK 3 --> <\/p>\n<h2>Otros tendederos similares&nbsp;<\/h2>\n<p><!-- PIVOT START --><\/p>\n<div class=\"pivot-ecommerce-container m-pivot-ecommerce-redesign article-asset-normal article-asset-center\" readability=\"26.511326860841\">\n<div class=\"pivot-ecommerce\" readability=\"5.0938775510204\">\n<div class=\"pivot-ecommerce-figure\"> <a rel=\"nofollow, sponsored, noopener, noreferrer noopener\" target=\"_blank\" href=\"https:\/\/www.webedia-afilia.com\/redirect?site=trendencias&amp;url=https%3A%2F%2Fwww.leroymerlin.es%2Fproductos%2Fferreteria-y-seguridad%2Flavado-y-planchado%2Ftendederos%2Ftendedero-plegable%2Ftendedero-rayen-0333-84975830.html%3FhighlightedOfferCode%3Dba616be72ee4f027ef5c46dfaf45a2fa59502aa0&amp;affiliate_id=&amp;ecomPostExpiration=perish&amp;postId=647987\"> <img loading=\"lazy\" src=\"http:\/\/hoycordobaweb.com\/wp-content\/uploads\/2025\/10\/vuelve-a-lidl-el-tendedero-plegable-de-vileda-que-cabe-en-cualquier-rincon-y-esta-rebajado-justo-a-tiempo-para-la-lluvia-2.jpg\" alt=\"Rayen | Tendedero con alas | Superficie de tendido de 19 m | Sistema de bloqueo de alas | Tendedero plegable y antideslizante|Para interior y exterior|182 x 55 x 102 cm Color Acero|19 metros\" width=\"500\" height=\"500\"> <\/a>\n<\/div>\n<div class=\"pivot-ecommerce-summary\" readability=\"6.269387755102\">\n<p class=\"pivot-ecommerce-desc\">Rayen | Tendedero con alas | Superficie de tendido de 19 m | Sistema de bloqueo de alas | Tendedero plegable y antideslizante|Para interior y exterior|182 x 55 x 102 cm Color Acero|19 metros<\/p>\n<\/p><\/div><\/div>\n<p>El precio podr\u00eda variar. Obtenemos comisi\u00f3n por estos enlaces<\/p>\n<\/div>\n<p><!-- PIVOT END --><br \/>\n<!-- PIVOT START --><\/p>\n<div class=\"pivot-ecommerce-container m-pivot-ecommerce-redesign article-asset-normal article-asset-center\" readability=\"28.530120481928\">\n<div class=\"pivot-ecommerce\" readability=\"6.4054054054054\">\n<div class=\"pivot-ecommerce-figure\"> <a rel=\"nofollow, sponsored, noopener, noreferrer noopener\" target=\"_blank\" href=\"https:\/\/www.webedia-afilia.com\/redirect?site=trendencias&amp;url=https%3A%2F%2Fwww.amazon.es%2Fdp%2FB095X9JBWP%3Ftag%3Dtrendencias-21%26linkCode%3Dogi%26th%3D1%26psc%3D1&amp;affiliate_id=&amp;ecomPostExpiration=perish&amp;postId=647987\"> <img loading=\"lazy\" src=\"http:\/\/hoycordobaweb.com\/wp-content\/uploads\/2025\/10\/vuelve-a-lidl-el-tendedero-plegable-de-vileda-que-cabe-en-cualquier-rincon-y-esta-rebajado-justo-a-tiempo-para-la-lluvia-3.jpg\" alt=\"Leifheit Tendedero con alas Pegasus 200 Solid Comfort, tendedero de ropa plegable con m\u00faltiples accesorios, tendedero exterior e interior [Amazon Exclusive]\" width=\"444\" height=\"500\"> <\/a>\n<\/div>\n<div class=\"pivot-ecommerce-summary\" readability=\"8.5405405405405\">\n<p class=\"pivot-ecommerce-desc\">Leifheit Tendedero con alas Pegasus 200 Solid Comfort, tendedero de ropa plegable con m\u00faltiples accesorios, tendedero exterior e interior [Amazon Exclusive]<\/p>\n<\/p><\/div><\/div>\n<p>El precio podr\u00eda variar. Obtenemos comisi\u00f3n por estos enlaces<\/p>\n<\/div>\n<p><!-- PIVOT END --><br \/>\n<!-- PIVOT START --><\/p>\n<div class=\"pivot-ecommerce-container m-pivot-ecommerce-redesign article-asset-normal article-asset-center\" readability=\"22.47191011236\">\n<div class=\"pivot-ecommerce\" readability=\"4.0131578947368\">\n<div class=\"pivot-ecommerce-figure\"> <a rel=\"nofollow, sponsored, noopener, noreferrer noopener\" target=\"_blank\" href=\"https:\/\/www.webedia-afilia.com\/redirect?site=trendencias&amp;url=https%3A%2F%2Fwww.amazon.es%2Fdp%2FB077X5C3DF%3Ftag%3Dtrendencias-21%26linkCode%3Dogi%26th%3D1%26psc%3D1&amp;affiliate_id=&amp;ecomPostExpiration=perish&amp;postId=647987\"> <img loading=\"lazy\" src=\"http:\/\/hoycordobaweb.com\/wp-content\/uploads\/2025\/10\/vuelve-a-lidl-el-tendedero-plegable-de-vileda-que-cabe-en-cualquier-rincon-y-esta-rebajado-justo-a-tiempo-para-la-lluvia-4.jpg\" alt=\"DOMO PACK LIVING Cubre Tendedero, Negro, 0,1 x 120 x 260 cm\" width=\"500\" height=\"490\"> <\/a>\n<\/div>\n<div class=\"pivot-ecommerce-summary\" readability=\"5.3508771929825\">\n<p class=\"pivot-ecommerce-desc\">DOMO PACK LIVING Cubre Tendedero, Negro, 0,1 x 120 x 260 cm<\/p>\n<\/p><\/div><\/div>\n<p>El precio podr\u00eda variar. Obtenemos comisi\u00f3n por estos enlaces<\/p>\n<\/div>\n<p><!-- PIVOT END --><\/p>\n<p>Nota: algunos de los enlaces de este art\u00edculo son afiliados y pueden reportar un beneficio a Trendencias. En caso de no disponibilidad, las ofertas pueden variar.&nbsp;&nbsp;&nbsp;&nbsp;&nbsp;&nbsp;<\/p>\n<p><!-- BREAK 4 --><\/p>\n<p>Fotos |Lidl,&nbsp;Freepik<\/p>\n<p>En Trendencias |&nbsp;<a class=\"text-outboundlink\" href=\"https:\/\/www.trendencias.com\/shopping\/mejores-tendederos-electricos-cual-comprar-consejos-recomendaciones\" data-vars-post-title=\"Los mejores tendederos el\u00e9ctricos | \u00bfCu\u00e1l comprar? Consejos y recomendaciones\" data-vars-post-url=\"https:\/\/www.trendencias.com\/shopping\/mejores-tendederos-electricos-cual-comprar-consejos-recomendaciones\">Los mejores tendederos el\u00e9ctricos | \u00bfCu\u00e1l comprar? Consejos y recomendaciones<\/a><\/p>\n","protected":false},"excerpt":{"rendered":"<p>La lluvia ha llegado y nos ha sorprendido a muchas con la lavadora llena. Con la llegada del oto\u00f1o es muy com\u00fan que esto ocurra y en Lidl he encontrado el mejor salvavidas para d\u00edas grises. Se trata del tendedero plegable de Vileda que cada a\u00f1o es el m\u00e1s vendido. Una opci\u00f3n que ocupa poco [&hellip;]<\/p>\n","protected":false},"author":1,"featured_media":119967,"comment_status":"closed","ping_status":"closed","sticky":false,"template":"","format":"standard","meta":[],"categories":[],"tags":[],"_links":{"self":[{"href":"http:\/\/hoycordobaweb.com\/index.php\/wp-json\/wp\/v2\/posts\/119966"}],"collection":[{"href":"http:\/\/hoycordobaweb.com\/index.php\/wp-json\/wp\/v2\/posts"}],"about":[{"href":"http:\/\/hoycordobaweb.com\/index.php\/wp-json\/wp\/v2\/types\/post"}],"author":[{"embeddable":true,"href":"http:\/\/hoycordobaweb.com\/index.php\/wp-json\/wp\/v2\/users\/1"}],"replies":[{"embeddable":true,"href":"http:\/\/hoycordobaweb.com\/index.php\/wp-json\/wp\/v2\/comments?post=119966"}],"version-history":[{"count":0,"href":"http:\/\/hoycordobaweb.com\/index.php\/wp-json\/wp\/v2\/posts\/119966\/revisions"}],"wp:featuredmedia":[{"embeddable":true,"href":"http:\/\/hoycordobaweb.com\/index.php\/wp-json\/wp\/v2\/media\/119967"}],"wp:attachment":[{"href":"http:\/\/hoycordobaweb.com\/index.php\/wp-json\/wp\/v2\/media?parent=119966"}],"wp:term":[{"taxonomy":"category","embeddable":true,"href":"http:\/\/hoycordobaweb.com\/index.php\/wp-json\/wp\/v2\/categories?post=119966"},{"taxonomy":"post_tag","embeddable":true,"href":"http:\/\/hoycordobaweb.com\/index.php\/wp-json\/wp\/v2\/tags?post=119966"}],"curies":[{"name":"wp","href":"https:\/\/api.w.org\/{rel}","templated":true}]}}