{"id":119956,"date":"2025-10-20T23:57:57","date_gmt":"2025-10-20T23:57:57","guid":{"rendered":"https:\/\/www.ole.com.ar\/futbol-internacional\/sudamericana\/independiente-valle-atletico-mineiro-dia-hora-ver-tv-online_0_PsOD7EZQhh.html"},"modified":"2025-10-20T23:57:57","modified_gmt":"2025-10-20T23:57:57","slug":"independiente-del-valle-vs-atletico-mineiro-por-la-copa-sudamericana-horario-y-como-ver-en-vivo","status":"publish","type":"post","link":"http:\/\/hoycordobaweb.com\/index.php\/2025\/10\/20\/independiente-del-valle-vs-atletico-mineiro-por-la-copa-sudamericana-horario-y-como-ver-en-vivo\/","title":{"rendered":"Independiente del Valle vs. Atl\u00e9tico Mineiro, por la Copa Sudamericana: horario y c\u00f3mo ver en vivo"},"content":{"rendered":"<p><img src=\"http:\/\/hoycordobaweb.com\/wp-content\/uploads\/2025\/10\/independiente-del-valle-vs-atletico-mineiro-por-la-copa-sudamericana-horario-y-como-ver-en-vivo.jpg\"><\/p>\n<p><time class=\"createDate\" datetime=\"2025-10-20T20:57:57-03:00\">20\/10\/2025 20:57hs.<\/time><\/p>\n<div id=\"storyBody\">\n<div class=\"custom-text \" readability=\"39\">\n<p>Comienza una semana de Copas, en la que se abrir\u00e1n las semifinales de la Libertadores y de la Sudamericana. Los primeros que saldr\u00e1n a la cancha ser\u00e1n <strong>Independiente del Valle<\/strong> y <strong>Atl\u00e9tico Mineiro<\/strong>, que este martes se enfrentar\u00e1n en Ecuador por el primer chico de la serie de la Gran Conquista. El equipo ecuatoriano buscar\u00e1 aprovechar la local\u00eda y sacar un buen resultado ante el conjunto de Sampaoli, que quiere evitar cualquier tipo de sobresaltos. En <strong>Ol\u00e9<\/strong>, te contamos todos los detalles de este partido.<\/p>\n<\/div>\n<p><h2><strong>As\u00ed llega Independiente del Valle al partido ante Atl\u00e9tico Mineiro<\/strong><\/h2>\n<\/p>\n<div class=\"custom-text \" readability=\"40\">\n<p>Independiente del Valle, dirigido por Javier Rabanal, buscar\u00e1 hacer valer su local\u00eda para obtener una ventaja en la serie. El equipo ecuatoriano, que accedi\u00f3 a esta instancia tras eliminar a Mushuc Runa (octavos) y Once Caldas (cuartos), ambos por penales, intentar\u00e1 conseguir un resultado positivo en casa de cara a la revancha que ser\u00e1 en Brasil la pr\u00f3xima semana.<\/p>\n<\/div>\n<div class=\"sc-e7b891c4-0 ifHnQL image-embed\"><img alt=\"Independiente del Valle arranca como local (API).\" loading=\"lazy\" width=\"720\" height=\"100\" decoding=\"async\" data-nimg=\"1\" src=\"http:\/\/hoycordobaweb.com\/wp-content\/uploads\/2025\/10\/independiente-del-valle-vs-atletico-mineiro-por-la-copa-sudamericana-horario-y-como-ver-en-vivo-2.jpg\"><span class=\"epigraphe\">Independiente del Valle arranca como local (API).<\/span><\/div>\n<p><h2><strong>\u00daltimos partidos de Independiente del Valle<\/strong><\/h2>\n<\/p>\n<div class=\"custom-text \">\n<ul>\n<li>Orense 1 &#8211; 2 Independiente del Valle | 17 de octubre de 2025 | LigaPro <\/li>\n<li>Independiente del Valle 1 &#8211; 2 Universidad Cat\u00f3lica | 13 de octubre de 2025 | Copa Ecuador <\/li>\n<li>Gualaceo 0 &#8211; 6 Independiente del Valle | 9 de octubre de 2025 | Copa Ecuador <\/li>\n<li>Barcelona 0 &#8211; 3 Independiente del Valle | 5 de octubre de 2025 | LigaPro <\/li>\n<li>Independiente del Valle 0 &#8211; 0 Delf\u00edn | 28 de septiembre de 2025 | LigaPro<\/li>\n<\/ul>\n<\/div>\n<p><h2><strong>As\u00ed llega Atl\u00e9tico Mineiro al partido vs. Independiente del Valle<\/strong><\/h2>\n<\/p>\n<div class=\"custom-text \" readability=\"41\">\n<p>Atl\u00e9tico Mineiro, dirigido por el experimentado Jorge Sampaoli (en su segundo ciclo desde septiembre), llega con experiencia en fases eliminatorias, pero con irregularidades en el Brasileirao, donde se ubican en la zona baja de la tabla. En la Copa Sudamericana, superaron a Bol\u00edvar en cuartos (3-2 en el global), a Godoy Cruz en octavos (3-1 en la serie) y a Bucaramanga en los playoffs (avanz\u00f3 por penales tras igualar 1-1 en el global)<\/p>\n<\/div>\n<div class=\"sc-e7b891c4-0 ifHnQL image-embed\"><img alt=\"Sampaoli en Mineiro (EFE).\" loading=\"lazy\" width=\"720\" height=\"100\" decoding=\"async\" data-nimg=\"1\" src=\"http:\/\/hoycordobaweb.com\/wp-content\/uploads\/2025\/10\/independiente-del-valle-vs-atletico-mineiro-por-la-copa-sudamericana-horario-y-como-ver-en-vivo-3.jpg\"><span class=\"epigraphe\">Sampaoli en Mineiro (EFE).<\/span><\/div>\n<p><h2><strong>\u00daltimos partidos de Atl\u00e9tico Mineiro<\/strong><\/h2>\n<\/p>\n<div class=\"custom-text \">\n<ul>\n<li>Corinthians 1 &#8211; 0 Atl\u00e9tico Mineiro | 18 de octubre de 2025 | Brasileirao <\/li>\n<li>Atl\u00e9tico Mineiro 1 &#8211; 1 Cruzeiro | 15 de octubre de 2025 | Brasileirao<\/li>\n<li>Atl\u00e9tico Mineiro 3 &#8211; 1 Sport Recife | 8 de octubre de 2025 | Brasileirao <\/li>\n<li>Fluminense 3 &#8211; 0 Atl\u00e9tico Mineiro | 4 de octubre de 2025 | Brasileirao <\/li>\n<li>Atl\u00e9tico Mineiro 0 &#8211; 0 Juventude | 30 de septiembre de 2025 | Brasileirao<\/li>\n<\/ul>\n<\/div>\n<p><h2><strong>\u00bfA qu\u00e9 hora juegan Independiente del Valle vs. Atl\u00e9tico Mineiro?<\/strong><\/h2>\n<\/p>\n<div class=\"custom-text \" readability=\"34\">\n<p>El partido se disputar\u00e1 <strong>el martes 21 de octubre de 2025 a las 21:30hs<\/strong> (de Argentina) en el Estadio Banco Guayaquil de Quito, Ecuador.<\/p>\n<\/div>\n<p><h2><strong>\u00bfPor d\u00f3nde ver en vivo Independiente del Valle vs Atl\u00e9tico Mineiro?<\/strong><\/h2>\n<\/p>\n<div class=\"custom-text \" readability=\"36\">\n<p>En Ecuador, el partido ser\u00e1 transmitido por las se\u00f1ales de <strong>ESPN<\/strong>, <strong>DSports<\/strong> y <strong>Disney+<\/strong> (streaming ambas). Tambi\u00e9n vas a poder seguir el minuto a minuto por la web de <strong>Ol\u00e9<\/strong>, como siempre.<\/p>\n<\/div>\n<div class=\"sc-a7166897-0 eoLsBE\" readability=\"6\">\n<section readability=\"2\"><picture><img alt=\"La fecha 13 dej\u00f3 a dos t\u00e9cnicos out: \u00bfcu\u00e1ntos van en este 2025?\" loading=\"lazy\" width=\"290\" height=\"290\" decoding=\"async\" data-nimg=\"1\" src=\"http:\/\/hoycordobaweb.com\/wp-content\/uploads\/2025\/10\/independiente-del-valle-vs-atletico-mineiro-por-la-copa-sudamericana-horario-y-como-ver-en-vivo-4.jpg\"><\/picture>\n<p><span>Mir\u00e1 tambi\u00e9n<\/span><\/p>\n<hr>\n<h3>La fecha 13 dej\u00f3 a dos t\u00e9cnicos out: \u00bfcu\u00e1ntos van en este 2025?<\/h3>\n<\/p>\n<\/section>\n<\/div>\n<div class=\"sc-a7166897-0 eoLsBE\" readability=\"7\">\n<section readability=\"4\"><picture><img alt=\"Libertadores y Sudamericana: d\u00edas, hora, TV y \u00e1rbitros de las semifinales\" loading=\"lazy\" width=\"290\" height=\"290\" decoding=\"async\" data-nimg=\"1\" src=\"http:\/\/hoycordobaweb.com\/wp-content\/uploads\/2025\/10\/independiente-del-valle-vs-atletico-mineiro-por-la-copa-sudamericana-horario-y-como-ver-en-vivo-5.jpg\"><\/picture>\n<p><span>Mir\u00e1 tambi\u00e9n<\/span><\/p>\n<hr>\n<h3>Libertadores y Sudamericana: d\u00edas, hora, TV y \u00e1rbitros de las semifinales<\/h3>\n<\/p>\n<\/section>\n<\/div>\n<div class=\"sc-a7166897-0 eoLsBE\" readability=\"6.5\">\n<section readability=\"3\"><picture><img alt=\"Nunca pudo: el flojo historial de Atl\u00e9tico Mineiro en Ecuador que ilusiona a Independiente del Valle\" loading=\"lazy\" width=\"290\" height=\"290\" decoding=\"async\" data-nimg=\"1\" src=\"http:\/\/hoycordobaweb.com\/wp-content\/uploads\/2025\/10\/independiente-del-valle-vs-atletico-mineiro-por-la-copa-sudamericana-horario-y-como-ver-en-vivo-6.jpg\"><\/picture>\n<p><span>Mir\u00e1 tambi\u00e9n<\/span><\/p>\n<hr>\n<h3>Nunca pudo: el flojo historial de Atl\u00e9tico Mineiro en Ecuador que ilusiona a Independiente del Valle<\/h3>\n<\/p>\n<\/section>\n<\/div>\n<div class=\"sc-a7166897-0 eoLsBE\" readability=\"6.5\">\n<section readability=\"3\"><picture><img alt=\"Javier Rabanal y el duelo ante Atl\u00e9tico Mineiro: del an\u00e1lisis t\u00e1ctico a la sensible baja de Juan Cazares\" loading=\"lazy\" width=\"290\" height=\"290\" decoding=\"async\" data-nimg=\"1\" src=\"http:\/\/hoycordobaweb.com\/wp-content\/uploads\/2025\/10\/independiente-del-valle-vs-atletico-mineiro-por-la-copa-sudamericana-horario-y-como-ver-en-vivo-7.jpg\"><\/picture>\n<p><span>Mir\u00e1 tambi\u00e9n<\/span><\/p>\n<hr>\n<h3>Javier Rabanal y el duelo ante Atl\u00e9tico Mineiro: del an\u00e1lisis t\u00e1ctico a la sensible baja de Juan Cazares<\/h3>\n<\/p>\n<\/section>\n<\/div>\n<\/div>\n","protected":false},"excerpt":{"rendered":"<p>20\/10\/2025 20:57hs. Comienza una semana de Copas, en la que se abrir\u00e1n las semifinales de la Libertadores y de la Sudamericana. Los primeros que saldr\u00e1n a la cancha ser\u00e1n Independiente del Valle y Atl\u00e9tico Mineiro, que este martes se enfrentar\u00e1n en Ecuador por el primer chico de la serie de la Gran Conquista. El equipo [&hellip;]<\/p>\n","protected":false},"author":1,"featured_media":119957,"comment_status":"open","ping_status":"closed","sticky":false,"template":"","format":"standard","meta":[],"categories":[16],"tags":[],"_links":{"self":[{"href":"http:\/\/hoycordobaweb.com\/index.php\/wp-json\/wp\/v2\/posts\/119956"}],"collection":[{"href":"http:\/\/hoycordobaweb.com\/index.php\/wp-json\/wp\/v2\/posts"}],"about":[{"href":"http:\/\/hoycordobaweb.com\/index.php\/wp-json\/wp\/v2\/types\/post"}],"author":[{"embeddable":true,"href":"http:\/\/hoycordobaweb.com\/index.php\/wp-json\/wp\/v2\/users\/1"}],"replies":[{"embeddable":true,"href":"http:\/\/hoycordobaweb.com\/index.php\/wp-json\/wp\/v2\/comments?post=119956"}],"version-history":[{"count":0,"href":"http:\/\/hoycordobaweb.com\/index.php\/wp-json\/wp\/v2\/posts\/119956\/revisions"}],"wp:featuredmedia":[{"embeddable":true,"href":"http:\/\/hoycordobaweb.com\/index.php\/wp-json\/wp\/v2\/media\/119957"}],"wp:attachment":[{"href":"http:\/\/hoycordobaweb.com\/index.php\/wp-json\/wp\/v2\/media?parent=119956"}],"wp:term":[{"taxonomy":"category","embeddable":true,"href":"http:\/\/hoycordobaweb.com\/index.php\/wp-json\/wp\/v2\/categories?post=119956"},{"taxonomy":"post_tag","embeddable":true,"href":"http:\/\/hoycordobaweb.com\/index.php\/wp-json\/wp\/v2\/tags?post=119956"}],"curies":[{"name":"wp","href":"https:\/\/api.w.org\/{rel}","templated":true}]}}