{"id":119946,"date":"2025-10-21T11:15:19","date_gmt":"2025-10-21T11:15:19","guid":{"rendered":"https:\/\/www.ole.com.ar\/futbol-primera\/independiente-rivadavia-gimnasia-mendoza-estadio-clasico-ambas-hinchadas-fernando-porretta_0_oCvg5xPwve.html"},"modified":"2025-10-21T11:15:19","modified_gmt":"2025-10-21T11:15:19","slug":"futbol-con-visitantes-se-confirma-el-primer-clasico-con-las-dos-hinchadas","status":"publish","type":"post","link":"http:\/\/hoycordobaweb.com\/index.php\/2025\/10\/21\/futbol-con-visitantes-se-confirma-el-primer-clasico-con-las-dos-hinchadas\/","title":{"rendered":"F\u00fatbol con visitantes: se confirma el primer cl\u00e1sico con las dos hinchadas"},"content":{"rendered":"<p><img src=\"http:\/\/hoycordobaweb.com\/wp-content\/uploads\/2025\/10\/futbol-con-visitantes-se-confirma-el-primer-clasico-con-las-dos-hinchadas.jpg\"><\/p>\n<p><time class=\"createDate\" datetime=\"2025-10-21T08:15:19-03:00\">21\/10\/2025 08:15hs.<\/time><\/p>\n<div id=\"storyBody\">\n<div class=\"custom-text \" readability=\"34.159574468085\">\n<p>El <strong><a href=\"https:\/\/www.ole.com.ar\/tema\/primera-division.html\" title=\"Primera Divisi\u00f3n\" alt=\"Primera Divisi\u00f3n\" class=\"slug\">f\u00fatbol argentino<\/a><\/strong> recuper\u00f3 en 2025 una de sus tradiciones m\u00e1s queridas (aunque sea muy a cuentagotas): <strong>los partidos con p\u00fablico local y visitante, <\/strong>como en los viejos tiempos. Aunque en algunos estadios ya se ven\u00eda permitiendo, la prueba formal comenz\u00f3 con el recordado <strong><a href=\"https:\/\/www.ole.com.ar\/tema\/lanus.html\" title=\"Lan\u00fas\" alt=\"Lan\u00fas\" class=\"slug\">Lan\u00fas <\/a><\/strong>vs. <strong><a href=\"https:\/\/www.ole.com.ar\/tema\/rosario-central.html\" title=\"Rosario Central\" alt=\"Rosario Central\" class=\"slug\">Rosario Central<\/a><\/strong> del 19 de julio, que marc\u00f3 el regreso &#8216;oficial&#8217; de ambas parcialidades. <\/p>\n<\/div>\n<div class=\"custom-text \" readability=\"33.230769230769\">\n<p>Ahora, con el ascenso de <strong><a href=\"https:\/\/www.ole.com.ar\/tema\/gimnasia-de-mendoza.html\" title=\"Gimnasia de Mendoza\" alt=\"Gimnasia de Mendoza\" class=\"slug\">Gimnasia de Mendoza<\/a><\/strong>, todo indica que <strong>se viene en 2026 el primer cl\u00e1sico confirmado con las dos hinchadas presentes<\/strong>. Algo similar ya se hab\u00eda visto con el derby cordob\u00e9s. Pero la historia parece que se extender\u00e1 a Cuyo.<\/p>\n<\/div>\n<div class=\"custom-text \" readability=\"38.300653594771\">\n<p>Resulta que, Fernando Porretta, presidente del Lobo Mendocino, confirm\u00f3 que habl\u00f3 con <strong><a href=\"https:\/\/www.ole.com.ar\/tema\/claudio-tapia.html\" title=\"Claudio Tapia\" alt=\"Claudio Tapia\" class=\"slug\">Claudio Tapia<\/a><\/strong>, y que le dio el visto bueno. \u00ab<strong>La idea es jugar con Independiente Rivadavia en el Malvinas Argentinas con ambos p\u00fablicos<\/strong>. Ya est\u00e1 hablado en AFA. Nos lo ofreci\u00f3 Tapia. Me encanta\u00bb, cont\u00f3 el dirigente.<\/p>\n<\/div>\n<div class=\"sc-e7b891c4-0 ifHnQL image-embed\"><img alt=\"Fernando Porretta, presidente de Gimnasia de Mendoza. Foto Marcelo Carroll - FTP CLARIN \" loading=\"lazy\" width=\"720\" height=\"100\" decoding=\"async\" data-nimg=\"1\" src=\"http:\/\/hoycordobaweb.com\/wp-content\/uploads\/2025\/10\/futbol-con-visitantes-se-confirma-el-primer-clasico-con-las-dos-hinchadas-2.jpg\"><span class=\"epigraphe\">Fernando Porretta, presidente de Gimnasia de Mendoza. Foto Marcelo Carroll &#8211; FTP CLARIN <\/span><\/div>\n<p><h2><strong>La ampliaci\u00f3n del estadio de Gimnasia de Mendoza de cara a jugar en Primera<\/strong><\/h2>\n<\/p>\n<div class=\"custom-text \" readability=\"36\">\n<p>Con su hist\u00f3rico ascenso a la m\u00e1xima categor\u00eda del f\u00fatbol argentino, Gimnasia de Mendoza <strong>comenzar\u00e1 tambi\u00e9n una serie de reformar de cara a modernizar su estadio y ponerlo a punto<\/strong>. Porreta coment\u00f3: \u00ab<strong>Vamos a correr el campo de juego 30 metros hacia el Sur<\/strong>. Esos 30 metros quedar\u00e1n arriba de los viejos camarines. Est\u00e1 el proyecto del estadio. El viernes lo vamos a mostrar\u00bb.<\/p>\n<\/div>\n<div class=\"custom-text \" readability=\"38.246376811594\">\n<p>\u00ab<strong>Ser\u00e1 un estadio modelo que tendr\u00e1 una capacidad para 33 mil personas<\/strong>. Estar\u00e1 preparado para las exigencias de <strong><a href=\"https:\/\/www.ole.com.ar\/tema\/conmebol.html\" title=\"Conmebol\" alt=\"Conmebol\" class=\"slug\">Conmebol<\/a><\/strong>. Nos ofrecieron el Malvinas, pero la idea es seguir jugando en nuestro estadio mientras desarrollamos las obras. <strong>No vamos a perder la local\u00eda de ninguna manera<\/strong>. El proyecto tendr\u00e1 dos t\u00faneles, uno para el local y otro para el visitante\u00bb, ampli\u00f3 en di\u00e1logo con Dos de Punta, por FM 91.3.<\/p>\n<\/div>\n<div class=\"sc-e7b891c4-0 ifHnQL image-embed\"><img alt=\"Fernando Porretta. (@DosDePunta_Mza)\" loading=\"lazy\" width=\"720\" height=\"100\" decoding=\"async\" data-nimg=\"1\" src=\"http:\/\/hoycordobaweb.com\/wp-content\/uploads\/2025\/10\/futbol-con-visitantes-se-confirma-el-primer-clasico-con-las-dos-hinchadas-3.jpg\"><span class=\"epigraphe\">Fernando Porretta. (@DosDePunta_Mza)<\/span><\/div>\n<div class=\"custom-text \" readability=\"37\">\n<p>Esta noticia va de la mano con lo recientemente comunicado por el club en sus redes sociales, donde compartieron fotos de Porreta con integrantes de la Subsecretar\u00eda de Deportes del Gobierno de Mendoza. En este sentido, comunicaron: \u00ab<strong>El Club Gimnasia y Esgrima firm\u00f3 un convenio con la Subsecretar\u00eda de Deportes del Gobierno de Mendoza<\/strong> con el fin de potenciar el plan de mejoras de infraestructura que nuestra Instituci\u00f3n llevar\u00e1 adelante para jugar en la Liga Profesional\u00bb.<\/p>\n<\/div>\n<div class=\"custom-text \" readability=\"42\">\n<p>Por su parte, la entidad de Mendoza public\u00f3: \u00abEl subsecretario de Deportes, <strong>Federico Chiapetta<\/strong>, visit\u00f3 al Club Gimnasia y Esgrima, que vive un momento hist\u00f3rico tras su ascenso a la Primera Divisi\u00f3n del f\u00fatbol argentino. Junto a su presidente, Fernando Porretta, <strong>recorrieron las instalaciones y dialogaron sobre el plan de mejoras en infraestructura<\/strong> que el club llevar\u00e1 adelante en su sede de calle Lencinas, con el acompa\u00f1amiento del Gobierno de Mendoza\u00bb.<\/p>\n<\/div>\n<div class=\"sc-e7b891c4-0 ifHnQL image-embed\"><img alt=\"Los festejos del Lobo campe\u00f3n. Foto Marcelo Carroll - FTP CLARIN \" loading=\"lazy\" width=\"720\" height=\"100\" decoding=\"async\" data-nimg=\"1\" src=\"http:\/\/hoycordobaweb.com\/wp-content\/uploads\/2025\/10\/futbol-con-visitantes-se-confirma-el-primer-clasico-con-las-dos-hinchadas-4.jpg\"><span class=\"epigraphe\">Los festejos del Lobo campe\u00f3n. Foto Marcelo Carroll &#8211; FTP CLARIN <\/span><\/div>\n<div class=\"custom-text \" readability=\"36\">\n<p>\u00ab<strong>Este apoyo econ\u00f3mico permitir\u00e1 modernizar espacios, mejorar la infraestructura y fortalecer la gesti\u00f3n deportiva,<\/strong> consolidando el crecimiento institucional de uno de los clubes m\u00e1s importantes de la provincia\u00bb.<\/p>\n<\/div>\n<p><h2><strong>El regreso de un viejo cl\u00e1sico<\/strong><\/h2>\n<\/p>\n<div class=\"custom-text \" readability=\"39.4\">\n<p>Con el ascenso de Gimnasia, <strong>Mendoza tendr\u00e1 tres representantes en la m\u00e1xima categor\u00eda<\/strong>, un hecho que no ocurr\u00eda desde 1974, cuando en Primera militaban <strong>Atl\u00e9tico San Mart\u00edn, Godoy Cruz y Hurac\u00e1n de San Rafael<\/strong>. Adem\u00e1s, se dar\u00e1 nuevamente el cl\u00e1sico mendocino entre Gimnasia e Independiente Rivadavia: el \u00faltimo fue el 22 de octubre de 2022, por los cuartos de final del Reducido de la <strong><a href=\"https:\/\/www.ole.com.ar\/tema\/primera-nacional.html\" title=\"Primera Nacional\" alt=\"Primera Nacional\" class=\"slug\">Primera Nacional<\/a><\/strong>.<\/p>\n<\/div>\n<div class=\"sc-e7b891c4-0 ifHnQL image-embed\"><img alt=\"La hinchada del Lobo mendozino. Foto: Ariel Carreras\" loading=\"lazy\" width=\"720\" height=\"100\" decoding=\"async\" data-nimg=\"1\" src=\"http:\/\/hoycordobaweb.com\/wp-content\/uploads\/2025\/10\/futbol-con-visitantes-se-confirma-el-primer-clasico-con-las-dos-hinchadas-5.jpg\"><span class=\"epigraphe\">La hinchada del Lobo mendozino. Foto: Ariel Carreras<\/span><\/div>\n<div class=\"sc-a7166897-0 eoLsBE\" readability=\"6\">\n<section readability=\"2\"><picture><img alt=\"Racing: por el Maracanazo vs el incre\u00edble valor del plantel de Flamengo\" loading=\"lazy\" width=\"290\" height=\"290\" decoding=\"async\" data-nimg=\"1\" src=\"http:\/\/hoycordobaweb.com\/wp-content\/uploads\/2025\/10\/futbol-con-visitantes-se-confirma-el-primer-clasico-con-las-dos-hinchadas-6.jpg\"><\/picture>\n<p><span>Mir\u00e1 tambi\u00e9n<\/span><\/p>\n<hr>\n<h3>Racing: por el Maracanazo vs el incre\u00edble valor del plantel de Flamengo<\/h3>\n<\/p>\n<\/section>\n<\/div>\n<div class=\"sc-a7166897-0 eoLsBE\" readability=\"6\">\n<section readability=\"2\"><picture><img alt=\"Torneo Clausura: ya hay tres clasificados a octavos de final\" loading=\"lazy\" width=\"290\" height=\"290\" decoding=\"async\" data-nimg=\"1\" src=\"http:\/\/hoycordobaweb.com\/wp-content\/uploads\/2025\/10\/futbol-con-visitantes-se-confirma-el-primer-clasico-con-las-dos-hinchadas-7.jpg\"><\/picture>\n<p><span>Mir\u00e1 tambi\u00e9n<\/span><\/p>\n<hr>\n<h3>Torneo Clausura: ya hay tres clasificados a octavos de final<\/h3>\n<\/p>\n<\/section>\n<\/div>\n<div class=\"sc-a7166897-0 eoLsBE\" readability=\"6.5\">\n<section readability=\"3\"><picture><img alt=\"Respira San Lorenzo: le gan\u00f3 a Atl\u00e9tico Tucum\u00e1n y se meti\u00f3 de nuevo en puestos de copas\" loading=\"lazy\" width=\"290\" height=\"290\" decoding=\"async\" data-nimg=\"1\" src=\"http:\/\/hoycordobaweb.com\/wp-content\/uploads\/2025\/10\/futbol-con-visitantes-se-confirma-el-primer-clasico-con-las-dos-hinchadas-8.jpg\"><\/picture>\n<p><span>Mir\u00e1 tambi\u00e9n<\/span><\/p>\n<hr>\n<h3>Respira San Lorenzo: le gan\u00f3 a Atl\u00e9tico Tucum\u00e1n y se meti\u00f3 de nuevo en puestos de copas<\/h3>\n<\/p>\n<\/section>\n<\/div>\n<\/div>\n","protected":false},"excerpt":{"rendered":"<p>21\/10\/2025 08:15hs. El f\u00fatbol argentino recuper\u00f3 en 2025 una de sus tradiciones m\u00e1s queridas (aunque sea muy a cuentagotas): los partidos con p\u00fablico local y visitante, como en los viejos tiempos. Aunque en algunos estadios ya se ven\u00eda permitiendo, la prueba formal comenz\u00f3 con el recordado Lan\u00fas vs. Rosario Central del 19 de julio, que [&hellip;]<\/p>\n","protected":false},"author":1,"featured_media":119947,"comment_status":"open","ping_status":"closed","sticky":false,"template":"","format":"standard","meta":[],"categories":[16],"tags":[],"_links":{"self":[{"href":"http:\/\/hoycordobaweb.com\/index.php\/wp-json\/wp\/v2\/posts\/119946"}],"collection":[{"href":"http:\/\/hoycordobaweb.com\/index.php\/wp-json\/wp\/v2\/posts"}],"about":[{"href":"http:\/\/hoycordobaweb.com\/index.php\/wp-json\/wp\/v2\/types\/post"}],"author":[{"embeddable":true,"href":"http:\/\/hoycordobaweb.com\/index.php\/wp-json\/wp\/v2\/users\/1"}],"replies":[{"embeddable":true,"href":"http:\/\/hoycordobaweb.com\/index.php\/wp-json\/wp\/v2\/comments?post=119946"}],"version-history":[{"count":0,"href":"http:\/\/hoycordobaweb.com\/index.php\/wp-json\/wp\/v2\/posts\/119946\/revisions"}],"wp:featuredmedia":[{"embeddable":true,"href":"http:\/\/hoycordobaweb.com\/index.php\/wp-json\/wp\/v2\/media\/119947"}],"wp:attachment":[{"href":"http:\/\/hoycordobaweb.com\/index.php\/wp-json\/wp\/v2\/media?parent=119946"}],"wp:term":[{"taxonomy":"category","embeddable":true,"href":"http:\/\/hoycordobaweb.com\/index.php\/wp-json\/wp\/v2\/categories?post=119946"},{"taxonomy":"post_tag","embeddable":true,"href":"http:\/\/hoycordobaweb.com\/index.php\/wp-json\/wp\/v2\/tags?post=119946"}],"curies":[{"name":"wp","href":"https:\/\/api.w.org\/{rel}","templated":true}]}}