{"id":119942,"date":"2025-10-21T11:21:17","date_gmt":"2025-10-21T11:21:17","guid":{"rendered":"https:\/\/ladecimaweb.com\/?p=33376"},"modified":"2025-10-21T11:21:17","modified_gmt":"2025-10-21T11:21:17","slug":"allanan-albergue-transitorio-por-venta-de-drogas-en-el-centro","status":"publish","type":"post","link":"http:\/\/hoycordobaweb.com\/index.php\/2025\/10\/21\/allanan-albergue-transitorio-por-venta-de-drogas-en-el-centro\/","title":{"rendered":"Allanan albergue transitorio por venta de drogas en el centro"},"content":{"rendered":"<div class=\"boldgrid-section\">\n<div class=\"container\">\n<div class=\"row\">\n<div class=\"col-md-12 col-xs-12 col-sm-12\">\n<p class=\"\"><a href=\"https:\/\/www.mpfcordoba.gob.ar\/cordoba-fpa-allano-un-albergue-transitorio-por-venta-de-cocaina-y-marihuana-en-barrio-centro-dos-detenidas\/\">Tras realizar intensas tareas de investigaciones<\/a>, equipos operativos de la Fuerza Policial Antinarcotr\u00e1fico dieron curso a una orden de allanamiento y cerraron un punto de venta en la ciudad de C\u00f3rdoba.<\/p>\n<p class=\"\">El operativo se desarroll\u00f3 en<strong> calle Tablada al 100 de barrio Centro<\/strong>, de la ciudad antes mencionada. En el lugar se detuvo a dos mujeres mayores de edad, <strong>se secuestraron varias dosis de coca\u00edna y marihuana y $548.500.<\/strong><\/p>\n<p class=\"\">Cabe destacar que <strong>el lugar funcionaba como albergue transitorio y espacio para la venta de sustancias il\u00edcitas<\/strong>. Adem\u00e1s, podemos mencionar que el lugar se encuentra a 100 metros del Mercado Norte de la ciudad.<\/p>\n<p class=\"\">Por \u00faltimo, autoridades de la Fiscal\u00eda de Lucha contra el Narcotr\u00e1fico del Primer Turno ordenaron la remisi\u00f3n de los secuestros y el traslado de las detenidas a sede judicial. Quedaron imputadas por el delito de Comercializaci\u00f3n de Estupefacientes.<\/p>\n<p>&nbsp;<\/p>\n<p class=\"\">\n<div class=\"ubm_banner\"><a href=\"https:\/\/cordoba.gob.ar\/hasta-el-ultimo-dia-de-octubre-la-municipalidad-ofrece-un-plan-para-ponerse-al-dia-con-las-contribuciones\/\" target=\"_blank\" rel=\"dofollow noopener noreferrer\"><img src=\"http:\/\/hoycordobaweb.com\/wp-content\/uploads\/2025\/10\/allanan-albergue-transitorio-por-venta-de-drogas-en-el-centro.gif\" alt=\"\"><\/a><\/div>\n<\/div>\n<\/div>\n<\/div>\n<\/div>\n<p>La entrada <a rel=\"nofollow\" href=\"https:\/\/ladecimaweb.com\/allanan-albergue-transitorio-por-venta-de-drogas-en-el-centro\/\">Allanan albergue transitorio por venta de drogas en el centro<\/a> se public\u00f3 primero en <a rel=\"nofollow\" href=\"https:\/\/ladecimaweb.com\">LaDecima<\/a>.<\/p>\n","protected":false},"excerpt":{"rendered":"<p>Tras realizar intensas tareas de investigaciones, equipos operativos de la Fuerza Policial Antinarcotr\u00e1fico dieron curso a una orden de allanamiento y cerraron un punto de venta en la ciudad de C\u00f3rdoba. El operativo se desarroll\u00f3 en calle Tablada al 100 de barrio Centro, de la ciudad antes mencionada. En el lugar se detuvo a dos [&hellip;]<\/p>\n","protected":false},"author":1,"featured_media":0,"comment_status":"closed","ping_status":"closed","sticky":false,"template":"","format":"standard","meta":[],"categories":[32],"tags":[],"_links":{"self":[{"href":"http:\/\/hoycordobaweb.com\/index.php\/wp-json\/wp\/v2\/posts\/119942"}],"collection":[{"href":"http:\/\/hoycordobaweb.com\/index.php\/wp-json\/wp\/v2\/posts"}],"about":[{"href":"http:\/\/hoycordobaweb.com\/index.php\/wp-json\/wp\/v2\/types\/post"}],"author":[{"embeddable":true,"href":"http:\/\/hoycordobaweb.com\/index.php\/wp-json\/wp\/v2\/users\/1"}],"replies":[{"embeddable":true,"href":"http:\/\/hoycordobaweb.com\/index.php\/wp-json\/wp\/v2\/comments?post=119942"}],"version-history":[{"count":0,"href":"http:\/\/hoycordobaweb.com\/index.php\/wp-json\/wp\/v2\/posts\/119942\/revisions"}],"wp:attachment":[{"href":"http:\/\/hoycordobaweb.com\/index.php\/wp-json\/wp\/v2\/media?parent=119942"}],"wp:term":[{"taxonomy":"category","embeddable":true,"href":"http:\/\/hoycordobaweb.com\/index.php\/wp-json\/wp\/v2\/categories?post=119942"},{"taxonomy":"post_tag","embeddable":true,"href":"http:\/\/hoycordobaweb.com\/index.php\/wp-json\/wp\/v2\/tags?post=119942"}],"curies":[{"name":"wp","href":"https:\/\/api.w.org\/{rel}","templated":true}]}}