{"id":119870,"date":"2025-10-20T13:24:32","date_gmt":"2025-10-20T13:24:32","guid":{"rendered":"https:\/\/cordobaturismo.gov.ar\/?p=898885"},"modified":"2025-10-20T13:24:32","modified_gmt":"2025-10-20T13:24:32","slug":"por-primera-vez-cordoba-sera-anfitriona-de-las-jornadas-nacionales-de-turismo-del-vino","status":"publish","type":"post","link":"http:\/\/hoycordobaweb.com\/index.php\/2025\/10\/20\/por-primera-vez-cordoba-sera-anfitriona-de-las-jornadas-nacionales-de-turismo-del-vino\/","title":{"rendered":"Por primera vez, C\u00f3rdoba ser\u00e1 anfitriona de las \u201cJornadas Nacionales de Turismo del Vino\u201d"},"content":{"rendered":"<p>La quinta edici\u00f3n se realizar\u00e1 el pr\u00f3xima 30 y 31 de octubre en el Centro de Convenciones C\u00f3rdoba, visibilizando la potencia enotur\u00edstica que tiene nuestra provincia.<\/p>\n<p>Este importante evento es la primera vez que se realiza fuera de la regi\u00f3n de Cuyo y C\u00f3rdoba fue elegida como sede, por su historia y desarrollo en la producci\u00f3n vitivin\u00edcola, la cual se complementa con servicios tur\u00edsticos de gran calidad en medio de paisajes serranos \u00fanicos.<\/p>\n<p>Las Jornadas Nacionales de Turismo del Vino son encuentros anuales que re\u00fanen a profesionales del sector vitivin\u00edcola, emprendedores y p\u00fablico interesado en el enoturismo. Su objetivo es fomentar el di\u00e1logo, el intercambio de experiencias, la capacitaci\u00f3n y la formaci\u00f3n para impulsar el desarrollo del turismo relacionado con la producci\u00f3n de vinos en el pa\u00eds.<\/p>\n<p>Al respecto, el Presidente de la Agencia C\u00f3rdoba Turismo, Dar\u00edo Capitani, explic\u00f3: \u201cTrabajamos comprometidamente para que C\u00f3rdoba sea elegida como sede de estas jornadas nacionales, las cuales contribuyen significativamente a la visibilizaci\u00f3n y al fortalecimiento del enoturismo local y nacional, promoviendo la colaboraci\u00f3n entre provincias y destacando la diversidad y riqueza de las experiencias vitivin\u00edcolas en el pa\u00eds. Sin lugar a duda, C\u00f3rdoba fue elegida como epicentro de este evento porque ha demostrado su capacidad para producir vinos de alt\u00edsima calidad, multipremiados a nivel internacional, con establecimiento que brindan servicios tur\u00edsticos\u201d.<\/p>\n<p>Estas jornadas son de acceso libre y gratuito, de 9.30 a 18.00 horas donde el p\u00fablico podr\u00e1 conocer el panorama actual del enoturismo nacional y espec\u00edficamente de la provincia de C\u00f3rdoba. Participan bodegas, sommeliers, restaurantes, escuelas de somm y gastronom\u00eda, agencias de viajes, referentes t\u00e9cnicos de destinos y provincias, estudiantes de turismo, gastronom\u00eda y hoteler\u00eda, prestadores de servicios tur\u00edsticos, alta gama y prensa especializada.<\/p>\n<p>Link para inscripciones:&nbsp; <a href=\"https:\/\/docs.google.com\/forms\/d\/e\/1FAIpQLSczM_zFp80glYYpIZauKnPckP8OxDXbq3tMA5RfXgxU76kGlg\/viewform\">https:\/\/docs.google.com\/forms\/d\/e\/1FAIpQLSczM_zFp80glYYpIZauKnPckP8OxDXbq3tMA5RfXgxU76kGlg\/viewform<\/a><\/p>\n<figure class=\"wp-block-image size-large\"><img loading=\"lazy\" fetchpriority=\"high\" decoding=\"async\" width=\"1024\" height=\"683\" src=\"http:\/\/hoycordobaweb.com\/wp-content\/uploads\/2025\/10\/por-primera-vez-cordoba-sera-anfitriona-de-las-jornadas-nacionales-de-turismo-del-vino.jpg\" alt class=\"wp-image-62854\" srcset=\"http:\/\/hoycordobaweb.com\/wp-content\/uploads\/2025\/10\/por-primera-vez-cordoba-sera-anfitriona-de-las-jornadas-nacionales-de-turismo-del-vino.jpg 1024w, http:\/\/hoycordobaweb.com\/wp-content\/uploads\/2025\/10\/por-primera-vez-cordoba-sera-anfitriona-de-las-jornadas-nacionales-de-turismo-del-vino-1.jpg 300w, http:\/\/hoycordobaweb.com\/wp-content\/uploads\/2025\/10\/por-primera-vez-cordoba-sera-anfitriona-de-las-jornadas-nacionales-de-turismo-del-vino-2.jpg 768w, http:\/\/hoycordobaweb.com\/wp-content\/uploads\/2025\/10\/por-primera-vez-cordoba-sera-anfitriona-de-las-jornadas-nacionales-de-turismo-del-vino-3.jpg 1500w\" sizes=\"(max-width: 1024px) 100vw, 1024px\"><\/figure>\n","protected":false},"excerpt":{"rendered":"<p>La quinta edici\u00f3n se realizar\u00e1 el pr\u00f3xima 30 y 31 de octubre en el Centro de Convenciones C\u00f3rdoba, visibilizando la potencia enotur\u00edstica que tiene nuestra provincia. Este importante evento es la primera vez que se realiza fuera de la regi\u00f3n de Cuyo y C\u00f3rdoba fue elegida como sede, por su historia y desarrollo en la [&hellip;]<\/p>\n","protected":false},"author":1,"featured_media":119871,"comment_status":"closed","ping_status":"closed","sticky":false,"template":"","format":"standard","meta":[],"categories":[19],"tags":[],"_links":{"self":[{"href":"http:\/\/hoycordobaweb.com\/index.php\/wp-json\/wp\/v2\/posts\/119870"}],"collection":[{"href":"http:\/\/hoycordobaweb.com\/index.php\/wp-json\/wp\/v2\/posts"}],"about":[{"href":"http:\/\/hoycordobaweb.com\/index.php\/wp-json\/wp\/v2\/types\/post"}],"author":[{"embeddable":true,"href":"http:\/\/hoycordobaweb.com\/index.php\/wp-json\/wp\/v2\/users\/1"}],"replies":[{"embeddable":true,"href":"http:\/\/hoycordobaweb.com\/index.php\/wp-json\/wp\/v2\/comments?post=119870"}],"version-history":[{"count":0,"href":"http:\/\/hoycordobaweb.com\/index.php\/wp-json\/wp\/v2\/posts\/119870\/revisions"}],"wp:featuredmedia":[{"embeddable":true,"href":"http:\/\/hoycordobaweb.com\/index.php\/wp-json\/wp\/v2\/media\/119871"}],"wp:attachment":[{"href":"http:\/\/hoycordobaweb.com\/index.php\/wp-json\/wp\/v2\/media?parent=119870"}],"wp:term":[{"taxonomy":"category","embeddable":true,"href":"http:\/\/hoycordobaweb.com\/index.php\/wp-json\/wp\/v2\/categories?post=119870"},{"taxonomy":"post_tag","embeddable":true,"href":"http:\/\/hoycordobaweb.com\/index.php\/wp-json\/wp\/v2\/tags?post=119870"}],"curies":[{"name":"wp","href":"https:\/\/api.w.org\/{rel}","templated":true}]}}