{"id":119868,"date":"2025-10-20T10:31:00","date_gmt":"2025-10-20T10:31:00","guid":{"rendered":"https:\/\/www.trendencias.com\/shopping\/llega-este-viernes-a-lidl-abrigo-ligero-calentito-que-vamos-a-llevar-24-7-este-otono-invierno-15-euros"},"modified":"2025-10-20T10:31:00","modified_gmt":"2025-10-20T10:31:00","slug":"llega-este-viernes-a-lidl-el-abrigo-ligero-mas-calentito-que-vamos-a-llevar-24-7-este-otono-invierno-por-menos-de-15-euros","status":"publish","type":"post","link":"http:\/\/hoycordobaweb.com\/index.php\/2025\/10\/20\/llega-este-viernes-a-lidl-el-abrigo-ligero-mas-calentito-que-vamos-a-llevar-24-7-este-otono-invierno-por-menos-de-15-euros\/","title":{"rendered":"Llega este viernes a Lidl el abrigo ligero m\u00e1s calentito que vamos a llevar 24\/7 este oto\u00f1o-invierno por menos de 15 euros"},"content":{"rendered":"<p>En unos d\u00edas, <strong>recibiremos a noviembre y una nueva bajada de las temperaturas<\/strong>. As\u00ed que es el momento perfecto para hacernos con un abrigo acolchado h\u00edper calentito que podamos llevar 24\/7. En los lanzamientos de Lidl, he encontrado un modelo muy ligero que no pesa nada y con un precio muy asequible ideal para que no nos duela el bolsillo.&nbsp;<\/p>\n<p><!-- BREAK 1 --> <!-- PIVOT START --><\/p>\n<div class=\"pivot-ecommerce-container m-pivot-ecommerce-redesign article-asset-normal article-asset-center\" readability=\"24.452830188679\">\n<div class=\"pivot-ecommerce\">\n<div class=\"pivot-ecommerce-figure\"> <a rel=\"nofollow, sponsored, noopener, noreferrer noopener\" target=\"_blank\" href=\"https:\/\/www.webedia-afilia.com\/redirect?site=trendencias&amp;url=https%3A%2F%2Fwww.lidl.es%2Fes%2Fabrigo-ligero-para-mujer%2Fp84276%3FsearchTrackingQuery%3Dchaqueta%26searchTrackingId%3DProduct.84276%26searchTrackingPos%3D21%26searchTrackingOrigPos%3D21%26searchTrackingRelevancy%3D%26searchTrackingPage%3D1%26searchTrackingPageSize%3D24%26searchTrackingOrigPageSize%3D24&amp;affiliate_id=&amp;ecomPostExpiration=perish&amp;postId=647948\"> <img loading=\"lazy\" src=\"http:\/\/hoycordobaweb.com\/wp-content\/uploads\/2025\/10\/llega-este-viernes-a-lidl-el-abrigo-ligero-mas-calentito-que-vamos-a-llevar-24-7-este-otono-invierno-por-menos-de-15-euros.jpg\" alt=\"Abrigo acolchado\" width=\"1125\" height=\"1125\"> <\/a>\n<\/div>\n<div class=\"pivot-ecommerce-summary\">\n<p class=\"pivot-ecommerce-desc\">Abrigo acolchado<\/p>\n<\/p><\/div><\/div>\n<p>El precio podr\u00eda variar. Obtenemos comisi\u00f3n por estos enlaces<\/p>\n<\/div>\n<p><!-- PIVOT END --><\/p>\n<p>El dise\u00f1o es minimalista e <strong>incluye una capucha por si nos sorprende la lluvia cualquier d\u00eda de la semana<\/strong>. Con \u00e9l podremos ir tanto a la oficina como de compras todas las tardes de la temporada. Su corte es midi, m\u00e1s elegante que aquellos que acaban en cadera y es impermeable.&nbsp;<\/p>\n<p><!-- BREAK 2 --><\/p>\n<div class=\"article-asset-image article-asset-normal article-asset-center\">\n<div class=\"asset-content\"> <a rel=\"nofollow, sponsored, noopener, noreferrer noopener\" target=\"_blank\" class=\"js-ecommerce\" id=\"link-ecommerce-1\" href=\"https:\/\/www.webedia-afilia.com\/redirect?url=https%3A%2F%2Fwww.lidl.es%2Fes%2Fabrigo-ligero-para-mujer%2Fp84276%3FsearchTrackingQuery%3Dchaqueta%26searchTrackingId%3DProduct.84276%26searchTrackingPos%3D21%26searchTrackingOrigPos%3D21%26searchTrackingRelevancy%3D%26searchTrackingPage%3D1%26searchTrackingPageSize%3D24%26searchTrackingOrigPageSize%3D24&amp;category=shopping&amp;site=trendencias&amp;ecomPostExpiration=perish&amp;postId=647948\" data-vars-affiliate-url=\"https:\/\/www.lidl.es\/es\/abrigo-ligero-para-mujer\/p84276?searchTrackingQuery=chaqueta&amp;searchTrackingId=Product.84276&amp;searchTrackingPos=21&amp;searchTrackingOrigPos=21&amp;searchTrackingRelevancy=&amp;searchTrackingPage=1&amp;searchTrackingPageSize=24&amp;searchTrackingOrigPageSize=24\"> <img class=\"centro_sinmarco\" height=\"1125\" width=\"1500\" loading=\"lazy\" decoding=\"async\" sizes=\"100vw\" fetchpriority=\"high\" srcset=\"http:\/\/hoycordobaweb.com\/wp-content\/uploads\/2025\/10\/llega-este-viernes-a-lidl-el-abrigo-ligero-mas-calentito-que-vamos-a-llevar-24-7-este-otono-invierno-por-menos-de-15-euros-1.jpg 450w, http:\/\/hoycordobaweb.com\/wp-content\/uploads\/2025\/10\/llega-este-viernes-a-lidl-el-abrigo-ligero-mas-calentito-que-vamos-a-llevar-24-7-este-otono-invierno-por-menos-de-15-euros-7.jpg 681w, http:\/\/hoycordobaweb.com\/wp-content\/uploads\/2025\/10\/llega-este-viernes-a-lidl-el-abrigo-ligero-mas-calentito-que-vamos-a-llevar-24-7-este-otono-invierno-por-menos-de-15-euros-8.jpg 1024w, http:\/\/hoycordobaweb.com\/wp-content\/uploads\/2025\/10\/llega-este-viernes-a-lidl-el-abrigo-ligero-mas-calentito-que-vamos-a-llevar-24-7-este-otono-invierno-por-menos-de-15-euros-9.jpg 1366w\" src=\"http:\/\/hoycordobaweb.com\/wp-content\/uploads\/2025\/10\/llega-este-viernes-a-lidl-el-abrigo-ligero-mas-calentito-que-vamos-a-llevar-24-7-este-otono-invierno-por-menos-de-15-euros-1.jpg\" alt=\"Abrigo Ligero Para Mujer Zoom 6\"> <noscript><img alt=\"Abrigo Ligero Para Mujer Zoom 6\" class=\"centro_sinmarco\" src=\"http:\/\/hoycordobaweb.com\/wp-content\/uploads\/2025\/10\/llega-este-viernes-a-lidl-el-abrigo-ligero-mas-calentito-que-vamos-a-llevar-24-7-este-otono-invierno-por-menos-de-15-euros-1.jpg\"><\/noscript> <\/a> <\/div>\n<\/div>\n<p>El cierre es de <strong>cremallera bidireccional <\/strong>y est\u00e1 disponible tanto en azul marino, negro y verde oliva. Todos est\u00e1n hechos con tejidos reciclados y para combinarlo, desde un vaquero hasta unos <a class=\"text-outboundlink\" href=\"https:\/\/www.trendencias.com\/shopping\/como-vestir-elegante-leggins-ropa-que-combinarlos-zapatos-accesorios\" data-vars-post-title=\"C\u00f3mo vestir elegante con leggins | Ropa con la que combinarlos, zapatos y accesorios\" data-vars-post-url=\"https:\/\/www.trendencias.com\/shopping\/como-vestir-elegante-leggins-ropa-que-combinarlos-zapatos-accesorios\"><em>leggings<\/em><\/a> y un jersey son buena elecci\u00f3n. El precio en la web oficial de Lidl es <a rel=\"nofollow, sponsored, noopener, noreferrer noopener\" target=\"_blank\" class=\"js-ecommerce\" id=\"link-ecommerce-2\" href=\"https:\/\/www.webedia-afilia.com\/redirect?url=https%3A%2F%2Fwww.lidl.es%2Fes%2Fabrigo-ligero-para-mujer%2Fp84276%3FsearchTrackingQuery%3Dchaqueta%26searchTrackingId%3DProduct.84276%26searchTrackingPos%3D21%26searchTrackingOrigPos%3D21%26searchTrackingRelevancy%3D%26searchTrackingPage%3D1%26searchTrackingPageSize%3D24%26searchTrackingOrigPageSize%3D24&amp;category=shopping&amp;site=trendencias&amp;ecomPostExpiration=perish&amp;postId=647948\" data-vars-affiliate-url=\"https:\/\/www.lidl.es\/es\/abrigo-ligero-para-mujer\/p84276?searchTrackingQuery=chaqueta&amp;searchTrackingId=Product.84276&amp;searchTrackingPos=21&amp;searchTrackingOrigPos=21&amp;searchTrackingRelevancy=&amp;searchTrackingPage=1&amp;searchTrackingPageSize=24&amp;searchTrackingOrigPageSize=24\">14,99 euros<\/a>.&nbsp;<\/p>\n<h2>C\u00f3mo combinar este abrigo&nbsp;<\/h2>\n<h2>Con un vestido negro efecto piel&nbsp;<\/h2>\n<p><!-- BREAK 3 --> <\/p>\n<div class=\"article-asset-image article-asset-normal article-asset-center\">\n<div class=\"asset-content\"> <a rel=\"noopener, noreferrer\" href=\"https:\/\/www.zara.com\/es\/es\/vestido-corto-efecto-piel-hombreras-p04764230.html?v1=494158698&amp;v2=2420834\"> <img class=\"centro_sinmarco\" height=\"1920\" width=\"1280\" loading=\"lazy\" decoding=\"async\" sizes=\"100vw\" fetchpriority=\"high\" srcset=\"http:\/\/hoycordobaweb.com\/wp-content\/uploads\/2025\/10\/llega-este-viernes-a-lidl-el-abrigo-ligero-mas-calentito-que-vamos-a-llevar-24-7-este-otono-invierno-por-menos-de-15-euros-2.jpg 450w, http:\/\/hoycordobaweb.com\/wp-content\/uploads\/2025\/10\/llega-este-viernes-a-lidl-el-abrigo-ligero-mas-calentito-que-vamos-a-llevar-24-7-este-otono-invierno-por-menos-de-15-euros-10.jpg 681w, http:\/\/hoycordobaweb.com\/wp-content\/uploads\/2025\/10\/llega-este-viernes-a-lidl-el-abrigo-ligero-mas-calentito-que-vamos-a-llevar-24-7-este-otono-invierno-por-menos-de-15-euros-11.jpg 1024w, http:\/\/hoycordobaweb.com\/wp-content\/uploads\/2025\/10\/llega-este-viernes-a-lidl-el-abrigo-ligero-mas-calentito-que-vamos-a-llevar-24-7-este-otono-invierno-por-menos-de-15-euros-12.jpg 1366w\" src=\"http:\/\/hoycordobaweb.com\/wp-content\/uploads\/2025\/10\/llega-este-viernes-a-lidl-el-abrigo-ligero-mas-calentito-que-vamos-a-llevar-24-7-este-otono-invierno-por-menos-de-15-euros-2.jpg\" alt=\"1\"> <noscript><img alt=\"1\" class=\"centro_sinmarco\" src=\"http:\/\/hoycordobaweb.com\/wp-content\/uploads\/2025\/10\/llega-este-viernes-a-lidl-el-abrigo-ligero-mas-calentito-que-vamos-a-llevar-24-7-este-otono-invierno-por-menos-de-15-euros-2.jpg\"><\/noscript> <\/a> <\/div>\n<\/div>\n<p>Los vestidos efecto piel son tendencia y este modelo es un acierto tanto para llevar con un abrigo acolchado siempre que est\u00e9 lloviendo o con una bomber en un rollo m\u00e1s <em>cool<\/em>. <strong>Cuenta con hombreras que agregan m\u00e1s <\/strong><strong><em>glamour<\/em><\/strong><strong> y tiene unos detalles de brunces<\/strong>. El cuello es estilo barco y el cierre de cremallera en la parte trasera. Con unas <a class=\"text-outboundlink\" href=\"https:\/\/www.trendencias.com\/shopping\/como-combinar-unas-botas-agua-para-ir-a-oficina-colores-accesorios-que-elevaran-nuestro-outfit\" data-vars-post-title=\"C\u00f3mo combinar unas botas de agua para ir a la oficina, los colores y accesorios que elevar\u00e1n nuestro outfit\" data-vars-post-url=\"https:\/\/www.trendencias.com\/shopping\/como-combinar-unas-botas-agua-para-ir-a-oficina-colores-accesorios-que-elevaran-nuestro-outfit\">botas de agua<\/a> en el mismo tono quedar\u00eda muy bien y resolver\u00eda tanto un <em>outfit<\/em> de d\u00eda como de noche. El precio en la web oficial de Zara es <a rel=\"noopener, noreferrer\" href=\"https:\/\/www.zara.com\/es\/es\/vestido-corto-efecto-piel-hombreras-p04764230.html?v1=494158698&amp;v2=2420834\">29,95 euros<\/a>.&nbsp;<\/p>\n<h2>Otros abrigos acolchados similares&nbsp;<\/h2>\n<p><!-- BREAK 4 --><!-- PIVOT START --><\/p>\n<div class=\"pivot-ecommerce-container m-pivot-ecommerce-redesign article-asset-normal article-asset-center\" readability=\"27.636363636364\">\n<div class=\"pivot-ecommerce\" readability=\"6.3880597014925\">\n<div class=\"pivot-ecommerce-figure\"> <a rel=\"nofollow, sponsored, noopener, noreferrer noopener\" target=\"_blank\" href=\"https:\/\/www.webedia-afilia.com\/redirect?site=trendencias&amp;url=https%3A%2F%2Fwww.amazon.es%2Fdp%2FB07CJLJ6H1%3Ftag%3Dtrendencias-21%26linkCode%3Dogi%26th%3D1%26psc%3D1&amp;affiliate_id=&amp;ecomPostExpiration=perish&amp;postId=647948\"> <img loading=\"lazy\" src=\"http:\/\/hoycordobaweb.com\/wp-content\/uploads\/2025\/10\/llega-este-viernes-a-lidl-el-abrigo-ligero-mas-calentito-que-vamos-a-llevar-24-7-este-otono-invierno-por-menos-de-15-euros-3.jpg\" alt=\"ONLY Onltahoe Hood Jacket Otw Noos, Chaqueta Mujer, Negro (Black Black), 40 (Talla del Fabricante: Medium)\" width=\"385\" height=\"500\"> <\/a>\n<\/div>\n<div class=\"pivot-ecommerce-summary\" readability=\"8.7835820895522\">\n<p class=\"pivot-ecommerce-desc\">ONLY Onltahoe Hood Jacket Otw Noos, Chaqueta Mujer, Negro (Black Black), 40 (Talla del Fabricante: Medium)<\/p>\n<\/p><\/div><\/div>\n<p>El precio podr\u00eda variar. Obtenemos comisi\u00f3n por estos enlaces<\/p>\n<\/div>\n<p><!-- PIVOT END --><br \/>\n<!-- PIVOT START --><\/p>\n<div class=\"pivot-ecommerce-container m-pivot-ecommerce-redesign article-asset-normal article-asset-center\" readability=\"26.826347305389\">\n<div class=\"pivot-ecommerce\" readability=\"5.1650485436893\">\n<div class=\"pivot-ecommerce-figure\"> <a rel=\"nofollow, sponsored, noopener, noreferrer noopener\" target=\"_blank\" href=\"https:\/\/www.webedia-afilia.com\/redirect?site=trendencias&amp;url=https%3A%2F%2Fwww.amazon.es%2Fdp%2FB0846G33XW%3Ftag%3Dtrendencias-21%26linkCode%3Dogi%26th%3D1%26psc%3D1&amp;affiliate_id=&amp;ecomPostExpiration=perish&amp;postId=647948\"> <img loading=\"lazy\" src=\"http:\/\/hoycordobaweb.com\/wp-content\/uploads\/2025\/10\/llega-este-viernes-a-lidl-el-abrigo-ligero-mas-calentito-que-vamos-a-llevar-24-7-este-otono-invierno-por-menos-de-15-euros-4.jpg\" alt=\"Vero Moda Vmhayle Ss20 3\/4 Jacket Noos Chaqueta Acolchada, Negro, S Mujeres\" width=\"356\" height=\"500\"> <\/a>\n<\/div>\n<div class=\"pivot-ecommerce-summary\" readability=\"6.6407766990291\">\n<p class=\"pivot-ecommerce-desc\">Vero Moda Vmhayle Ss20 3\/4 Jacket Noos Chaqueta Acolchada, Negro, S Mujeres<\/p>\n<\/p><\/div><\/div>\n<p>El precio podr\u00eda variar. Obtenemos comisi\u00f3n por estos enlaces<\/p>\n<\/div>\n<p><!-- PIVOT END --><br \/>\n<!-- PIVOT START --><\/p>\n<div class=\"pivot-ecommerce-container m-pivot-ecommerce-redesign article-asset-normal article-asset-center\" readability=\"27.005780346821\">\n<div class=\"pivot-ecommerce\" readability=\"5.2660550458716\">\n<div class=\"pivot-ecommerce-figure\"> <a rel=\"nofollow, sponsored, noopener, noreferrer noopener\" target=\"_blank\" href=\"https:\/\/www.webedia-afilia.com\/redirect?site=trendencias&amp;url=https%3A%2F%2Fwww.amazon.es%2Fdp%2FB09BR6JQ76%3Ftag%3Dtrendencias-21%26linkCode%3Dogi%26th%3D1%26psc%3D1&amp;affiliate_id=&amp;ecomPostExpiration=perish&amp;postId=647948\"> <img loading=\"lazy\" src=\"http:\/\/hoycordobaweb.com\/wp-content\/uploads\/2025\/10\/llega-este-viernes-a-lidl-el-abrigo-ligero-mas-calentito-que-vamos-a-llevar-24-7-este-otono-invierno-por-menos-de-15-euros-5.jpg\" alt=\"JACQUELINE DE YONG Jdyskylar OTW Noos - Chaqueta con capucha para mujer, Negro, M\" width=\"347\" height=\"500\"> <\/a>\n<\/div>\n<div class=\"pivot-ecommerce-summary\" readability=\"6.7706422018349\">\n<p class=\"pivot-ecommerce-desc\">JACQUELINE DE YONG Jdyskylar OTW Noos &#8211; Chaqueta con capucha para mujer, Negro, M<\/p>\n<\/p><\/div><\/div>\n<p>El precio podr\u00eda variar. Obtenemos comisi\u00f3n por estos enlaces<\/p>\n<\/div>\n<p><!-- PIVOT END --><\/p>\n<p>Nota: algunos de los enlaces de este art\u00edculo son afiliados y pueden reportar un beneficio a Trendencias. En caso de no disponibilidad, las ofertas pueden variar.&nbsp;&nbsp;&nbsp;&nbsp;&nbsp;&nbsp;<\/p>\n<p><!-- BREAK 5 --><\/p>\n<p>Fotos |Lidl, Zara,&nbsp;<a rel=\"noopener, noreferrer\" href=\"https:\/\/www.instagram.com\/p\/B2z7ztQA3Tj\/?utm_source=ig_web_copy_link&amp;igsh=MzRlODBiNWFlZA==\">@jen_wonders<\/a><\/p>\n<p>En Trendencias |&nbsp;<a class=\"text-outboundlink\" href=\"https:\/\/www.trendencias.com\/shopping\/como-vestir-elegante-trabajo-zapatos-zapatillas-comodas-estilosas\" data-vars-post-title=\"C\u00f3mo vestir elegante en el trabajo | Zapatos y zapatillas c\u00f3modas y estilosas \" data-vars-post-url=\"https:\/\/www.trendencias.com\/shopping\/como-vestir-elegante-trabajo-zapatos-zapatillas-comodas-estilosas\">C\u00f3mo vestir elegante en el trabajo | Zapatos y zapatillas c\u00f3modas y estilosas<\/a><\/p>\n","protected":false},"excerpt":{"rendered":"<p>En unos d\u00edas, recibiremos a noviembre y una nueva bajada de las temperaturas. As\u00ed que es el momento perfecto para hacernos con un abrigo acolchado h\u00edper calentito que podamos llevar 24\/7. En los lanzamientos de Lidl, he encontrado un modelo muy ligero que no pesa nada y con un precio muy asequible ideal para que [&hellip;]<\/p>\n","protected":false},"author":1,"featured_media":119869,"comment_status":"closed","ping_status":"closed","sticky":false,"template":"","format":"standard","meta":[],"categories":[],"tags":[],"_links":{"self":[{"href":"http:\/\/hoycordobaweb.com\/index.php\/wp-json\/wp\/v2\/posts\/119868"}],"collection":[{"href":"http:\/\/hoycordobaweb.com\/index.php\/wp-json\/wp\/v2\/posts"}],"about":[{"href":"http:\/\/hoycordobaweb.com\/index.php\/wp-json\/wp\/v2\/types\/post"}],"author":[{"embeddable":true,"href":"http:\/\/hoycordobaweb.com\/index.php\/wp-json\/wp\/v2\/users\/1"}],"replies":[{"embeddable":true,"href":"http:\/\/hoycordobaweb.com\/index.php\/wp-json\/wp\/v2\/comments?post=119868"}],"version-history":[{"count":0,"href":"http:\/\/hoycordobaweb.com\/index.php\/wp-json\/wp\/v2\/posts\/119868\/revisions"}],"wp:featuredmedia":[{"embeddable":true,"href":"http:\/\/hoycordobaweb.com\/index.php\/wp-json\/wp\/v2\/media\/119869"}],"wp:attachment":[{"href":"http:\/\/hoycordobaweb.com\/index.php\/wp-json\/wp\/v2\/media?parent=119868"}],"wp:term":[{"taxonomy":"category","embeddable":true,"href":"http:\/\/hoycordobaweb.com\/index.php\/wp-json\/wp\/v2\/categories?post=119868"},{"taxonomy":"post_tag","embeddable":true,"href":"http:\/\/hoycordobaweb.com\/index.php\/wp-json\/wp\/v2\/tags?post=119868"}],"curies":[{"name":"wp","href":"https:\/\/api.w.org\/{rel}","templated":true}]}}