{"id":119745,"date":"2025-10-19T02:49:05","date_gmt":"2025-10-19T02:49:05","guid":{"rendered":"https:\/\/www.ole.com.ar\/futbol-internacional\/america\/fortaleza-martin-palermo-perdio-complicado-zona-descenso_0_3IIMTxyFca.html"},"modified":"2025-10-19T02:49:05","modified_gmt":"2025-10-19T02:49:05","slug":"el-fortaleza-de-martin-palermo-perdio-y-esta-complicado-en-la-zona-de-descenso","status":"publish","type":"post","link":"http:\/\/hoycordobaweb.com\/index.php\/2025\/10\/19\/el-fortaleza-de-martin-palermo-perdio-y-esta-complicado-en-la-zona-de-descenso\/","title":{"rendered":"El Fortaleza de Mart\u00edn Palermo perdi\u00f3 y est\u00e1 complicado en la zona de descenso"},"content":{"rendered":"<p><img src=\"http:\/\/hoycordobaweb.com\/wp-content\/uploads\/2025\/10\/el-fortaleza-de-martin-palermo-perdio-y-esta-complicado-en-la-zona-de-descenso.jpg\"><\/p>\n<p><time class=\"createDate\" datetime=\"2025-10-18T23:49:05-03:00\">18\/10\/2025 23:49hs.<\/time><\/p>\n<div id=\"storyBody\">\n<div class=\"custom-text \" readability=\"30.641860465116\">\n<p>El <a href=\"https:\/\/www.ole.com.ar\/tema\/fortaleza.html\" title=\"Fortaleza\" alt=\"Fortaleza\" class=\"slug\">Fortaleza<\/a> de <a href=\"https:\/\/www.ole.com.ar\/tema\/martin-palermo.html\" title=\"Mart\u00edn Palermo\" alt=\"Mart\u00edn Palermo\" class=\"slug\">Mart\u00edn Palermo<\/a> cay\u00f3 por 1-0 ante <a href=\"https:\/\/www.ole.com.ar\/tema\/cruzeiro.html\" title=\"Cruzeiro\" alt=\"Cruzeiro\" class=\"slug\">Cruzeiro <\/a>este s\u00e1bado por la noche, en la fecha 29 del Brasileirao. Esta fue la segunda derrota consecutiva del equipo, <strong>que est\u00e1 complicado en la zona de descenso.<\/strong><\/p>\n<\/div>\n<div class=\"custom-text \" readability=\"42\">\n<p>Con esta ca\u00edda, producto del gol del brasile\u00f1o Christian a los 21&#8242;, <strong>el Le\u00f3n del Pici se encuentra en el 18\u00b0 lugar con 24 unidades. <\/strong>Arriba tiene, a cuatro puntos de distancia, a Vit\u00f3ria, 17\u00b0 con 28 y, despu\u00e9s, a Santos, 16\u00b0 con 31.<\/p>\n<\/div>\n<div class=\"custom-text \" readability=\"35\">\n<p>As\u00ed, el equipo del Tit\u00e1n est\u00e1 a siete unidades de distancia del lugar del Peixe, el primero fuera de la zona de descenso.<\/p>\n<\/div>\n<div class=\"custom-text \" readability=\"37\">\n<p>Vale recordar que bajan a la Segunda Divisi\u00f3n los \u00faltimos cuatro del Brasileirao, que adem\u00e1s de Vit\u00f3ria y Fortaleza, son Juventude, 19\u00b0 con 23 y Sport Recife, 20\u00b0 con 17.<\/p>\n<\/div>\n<div class=\"custom-text \" readability=\"44\">\n<p><strong>Fortaleza a\u00fan debe afrontar nueve partidos (27 puntos posibles) en el Brasileirao, por lo que debe empezar a sumar para acortar distancias y respirar. <\/strong>La pr\u00f3xima parada ser\u00e1 Flamengo (escolta de la tabla con 58 unidades), al que enfrentar\u00e1 el pr\u00f3ximo s\u00e1bado 25 de octubre a las 19:30 en condici\u00f3n de local. Despu\u00e9s, tiene a Santos como visitante, Cear\u00e1 (V), Gremio (L), Bah\u00eda (V), Atl\u00e9tico Mineiro (L), Bragantino (V), Corinthians (L) y Botafogo (V).<\/p>\n<\/div>\n<div class=\"custom-embedhtml\" readability=\"6.7692307692308\">\n<blockquote class=\"twitter-tweet\" readability=\"7.6153846153846\">\n<p lang=\"pt\" dir=\"ltr\">GOL DO CRUZEIRO! Arroyo sai da direita para a esquerda, chega \u00e0 linha de fundo e toca a bola para Christian, totalmente livre dentro da \u00e1rea. O volante manda para o fundo das redes e abre o placar no Mineir\u00e3o. <a href=\"https:\/\/t.co\/b0l5eAfwgH\">pic.twitter.com\/b0l5eAfwgH<\/a><\/p>\n<p>\u2014 ge (@geglobo) <a href=\"https:\/\/twitter.com\/geglobo\/status\/1979706889358414087?ref_src=twsrc%5Etfw\">October 19, 2025<\/a><\/p><\/blockquote><\/div>\n<p><h2><strong>El Mineiro de Sampaoli tambi\u00e9n perdi\u00f3 y est\u00e1 a cinco de la zona de descenso<\/strong><\/h2>\n<\/p>\n<div class=\"custom-text \" readability=\"40\">\n<p>Este s\u00e1bado tambi\u00e9n perdi\u00f3 el Mineiro de Jorge Sampaoli por 1-0 frente a Corinthians. Con esa derrota, el Galo se ubica 14\u00b0 con 33 unidades, fuera de la zona de copas y a cinco puntos del primero en la zona de descenso, que es Vit\u00f3ria (28). El pr\u00f3ximo martes 21 de octubre, a las 21:30 (hora argentina), afrontar\u00e1 las semifinales de la Copa Sudamericana ante Independiente del Valle.<\/p>\n<\/div>\n<div class=\"sc-e7b891c4-0 ifHnQL image-embed\"><img alt=\"Sampaoli, DT del Mineiro. (Foto: Reuters)\" loading=\"lazy\" width=\"720\" height=\"100\" decoding=\"async\" data-nimg=\"1\" src=\"http:\/\/hoycordobaweb.com\/wp-content\/uploads\/2025\/10\/el-fortaleza-de-martin-palermo-perdio-y-esta-complicado-en-la-zona-de-descenso-2.jpg\"><span class=\"epigraphe\">Sampaoli, DT del Mineiro. (Foto: Reuters)<\/span><\/div>\n<div class=\"sc-a7166897-0 eoLsBE\" readability=\"6\">\n<section readability=\"2\"><picture><img alt=\"Gallardo: as\u00ed vivi\u00f3 el partido y el silencio posterior\" loading=\"lazy\" width=\"290\" height=\"290\" decoding=\"async\" data-nimg=\"1\" src=\"http:\/\/hoycordobaweb.com\/wp-content\/uploads\/2025\/10\/el-fortaleza-de-martin-palermo-perdio-y-esta-complicado-en-la-zona-de-descenso-3.jpg\"><\/picture>\n<p><span>Mir\u00e1 tambi\u00e9n<\/span><\/p>\n<hr>\n<h3>Gallardo: as\u00ed vivi\u00f3 el partido y el silencio posterior<\/h3>\n<\/p>\n<\/section>\n<\/div>\n<div class=\"sc-a7166897-0 eoLsBE\" readability=\"6.5\">\n<section readability=\"3\"><picture><img alt=\"Montiel, su gol y una sentencia: &quot;No estamos acostumbrados a perder tan seguido&quot;\" loading=\"lazy\" width=\"290\" height=\"290\" decoding=\"async\" data-nimg=\"1\" src=\"http:\/\/hoycordobaweb.com\/wp-content\/uploads\/2025\/10\/el-fortaleza-de-martin-palermo-perdio-y-esta-complicado-en-la-zona-de-descenso-4.jpg\"><\/picture>\n<p><span>Mir\u00e1 tambi\u00e9n<\/span><\/p>\n<hr>\n<h3>Montiel, su gol y una sentencia: \u00abNo estamos acostumbrados a perder tan seguido\u00bb<\/h3>\n<\/p>\n<\/section>\n<\/div>\n<div class=\"sc-a7166897-0 eoLsBE\" readability=\"6.5\">\n<section readability=\"3\"><picture><img alt=\"Video: Quintero, del fastidio por el cambio al festejo por un gol especial para Meza\" loading=\"lazy\" width=\"290\" height=\"290\" decoding=\"async\" data-nimg=\"1\" src=\"http:\/\/hoycordobaweb.com\/wp-content\/uploads\/2025\/10\/el-fortaleza-de-martin-palermo-perdio-y-esta-complicado-en-la-zona-de-descenso-5.jpg\"><\/picture>\n<p><span>Mir\u00e1 tambi\u00e9n<\/span><\/p>\n<hr>\n<h3>Video: Quintero, del fastidio por el cambio al festejo por un gol especial para Meza<\/h3>\n<\/p>\n<\/section>\n<\/div>\n<\/div>\n","protected":false},"excerpt":{"rendered":"<p>18\/10\/2025 23:49hs. El Fortaleza de Mart\u00edn Palermo cay\u00f3 por 1-0 ante Cruzeiro este s\u00e1bado por la noche, en la fecha 29 del Brasileirao. Esta fue la segunda derrota consecutiva del equipo, que est\u00e1 complicado en la zona de descenso. Con esta ca\u00edda, producto del gol del brasile\u00f1o Christian a los 21&#8242;, el Le\u00f3n del Pici [&hellip;]<\/p>\n","protected":false},"author":1,"featured_media":119746,"comment_status":"open","ping_status":"closed","sticky":false,"template":"","format":"standard","meta":[],"categories":[16],"tags":[],"_links":{"self":[{"href":"http:\/\/hoycordobaweb.com\/index.php\/wp-json\/wp\/v2\/posts\/119745"}],"collection":[{"href":"http:\/\/hoycordobaweb.com\/index.php\/wp-json\/wp\/v2\/posts"}],"about":[{"href":"http:\/\/hoycordobaweb.com\/index.php\/wp-json\/wp\/v2\/types\/post"}],"author":[{"embeddable":true,"href":"http:\/\/hoycordobaweb.com\/index.php\/wp-json\/wp\/v2\/users\/1"}],"replies":[{"embeddable":true,"href":"http:\/\/hoycordobaweb.com\/index.php\/wp-json\/wp\/v2\/comments?post=119745"}],"version-history":[{"count":0,"href":"http:\/\/hoycordobaweb.com\/index.php\/wp-json\/wp\/v2\/posts\/119745\/revisions"}],"wp:featuredmedia":[{"embeddable":true,"href":"http:\/\/hoycordobaweb.com\/index.php\/wp-json\/wp\/v2\/media\/119746"}],"wp:attachment":[{"href":"http:\/\/hoycordobaweb.com\/index.php\/wp-json\/wp\/v2\/media?parent=119745"}],"wp:term":[{"taxonomy":"category","embeddable":true,"href":"http:\/\/hoycordobaweb.com\/index.php\/wp-json\/wp\/v2\/categories?post=119745"},{"taxonomy":"post_tag","embeddable":true,"href":"http:\/\/hoycordobaweb.com\/index.php\/wp-json\/wp\/v2\/tags?post=119745"}],"curies":[{"name":"wp","href":"https:\/\/api.w.org\/{rel}","templated":true}]}}