{"id":119733,"date":"2025-10-19T01:32:39","date_gmt":"2025-10-19T01:32:39","guid":{"rendered":"https:\/\/manoamanocba.com.ar\/?p=7332"},"modified":"2025-10-19T01:32:39","modified_gmt":"2025-10-19T01:32:39","slug":"mami-lili-un-corazon-de-pie-por-los-ninos-del-barrio-ampliacion-yapeyu","status":"publish","type":"post","link":"http:\/\/hoycordobaweb.com\/index.php\/2025\/10\/19\/mami-lili-un-corazon-de-pie-por-los-ninos-del-barrio-ampliacion-yapeyu\/","title":{"rendered":"\u00abMami Lili\u00bb: un coraz\u00f3n de pie por los ni\u00f1os del barrio Ampliaci\u00f3n Yapey\u00fa"},"content":{"rendered":"<p><span>El repiqueteo de las tazas contra el largo tabl\u00f3n de madera anticipa la merienda. Cuando el aroma del mate cocido impregna el lugar, todos se acomodan en sus asientos y esperan atentos. Entre las mesas se abre paso y aparece \u201cLili\u201d para servir la tan ansiada merienda. Algunos brazos se extienden elevando sus tazas, y otros buscando su abrazo. La escena se repite cada tarde, de mi\u00e9rcoles a viernes, cuando <\/span><b>Liliana P\u00e9rez<\/b><span> abre las puertas de su casa a m\u00e1s de 130 ni\u00f1os y ni\u00f1as del barrio Ampliaci\u00f3n Yapey\u00fa.<\/span><\/p>\n<p><span>Madre de 17 hijos, abuela de<\/span><span> 35<\/span> <span>nietos y bisabuela de un bisnieto, desde el 2006 sostiene un comedor y merendero comunitario en su casa. Hace un tiempo cumpli\u00f3 el sue\u00f1o de terminar la construcci\u00f3n -las paredes, el techo y el piso- para que los chicos no pasen fr\u00edo ni la lluvia no les impida dar la merienda y los lunes el almuerzo. Liliana no se queja. Asegura que<\/span> <i><span>\u201clo que falta es m\u00ednimo en comparaci\u00f3n con lo que faltaba antes\u201d<\/span><\/i><span>. Ahora su deseo es equiparse de utensilios y platos para que las familias almuercen all\u00ed y ella pueda asegurarse de que todos coman bien. <\/span><i><span>\u201cHacemos entre 200 y 230 viandas, las servimos abundantes, pero la mayor\u00eda son familias numerosas y no sabemos si les alcanza para todos\u201d<\/span><\/i><span>, coment\u00f3.&nbsp;<\/span><\/p>\n<p><span>El merendero celebr\u00f3 en septiembre su decimonoveno aniversario. Liliana recuerda el inicio como una acci\u00f3n de gracia. Cuando uno de sus hijos recuper\u00f3 la salud, luego de m\u00e1s de un a\u00f1o en el que no hab\u00eda hablado ni caminado, sinti\u00f3 que deb\u00eda agradecerle de alguna manera a Dios por haber escuchado sus rezos. <\/span><i><span>\u201cYo pensaba que era lo que pod\u00eda hacer y lo \u00fanico que ten\u00eda en mi casa era la cocina. Entonces un d\u00eda, con lo poco que ten\u00eda, les prepar\u00e9 la leche a cinco chicos que eran del barrio Maldonado y siempre andaban en el barrio (Yapey\u00fa). As\u00ed empec\u00e9, y cuando quise acordar me di cuenta de que ten\u00eda m\u00e1s de 30 chicos\u201d<\/span><\/i><span>, rememor\u00f3 <\/span><i><span>\u201cLili<\/span><\/i><span>\u201d sobre la apertura del comedor, cuando golpeaba -al igual que ahora- las puertas que fueran necesarias para conseguir el pan, la leche o la yerba para cubrir una demanda que cada vez era mayor.<\/span><\/p>\n<p><span>Para los chicos del barrio es \u201c<\/span><i><span>mam\u00e1<\/span><\/i><span>\u201d, \u201c<\/span><i><span>abu<\/span><\/i><span>\u201d, \u201c<\/span><i><span>t\u00eda<\/span><\/i><span>\u201d, \u201c<\/span><i><span>se\u00f1o<\/span><\/i><span>\u201d y Liliana -o \u201c<\/span><i><span>Lili<\/span><\/i><span>\u201d- al mismo tiempo. <\/span><i><span>\u201cTengo&nbsp; todos los sobrenombres que te imagines. <\/span><\/i><b><i>Pero son esas palabras que siempre las siento y me ayudan a seguir luchando<\/i><\/b><i><span>\u201d<\/span><\/i><span>, dice mientras su voz se entrecorta y la emoci\u00f3n la invade. Desde que perdi\u00f3 a dos de sus hijos hace dos a\u00f1os, el comedor la mantiene viva. No solo es el refugio de los m\u00e1s de 100 ni\u00f1os que all\u00ed se alimentan, sino que tambi\u00e9n es el lugar donde encuentra la fortaleza para salir adelante.<\/span><\/p>\n<h3><span>\u201cMami Lili\u201d<\/span><\/h3>\n<p><span>Sabe que las infancias de Ampliaci\u00f3n Yapey\u00fa, y de barrios aleda\u00f1os, la necesitan.<\/span> <span>Adem\u00e1s, en su memoria sigue latente el recuerdo de su propia infancia. Se acuerda de la ni\u00f1a que dorm\u00eda entre dos sillas ante la falta de camas para todos.&nbsp;<\/span><\/p>\n<p><span>A trav\u00e9s del comedor y merendero se encarga de sanar esa triste etapa de su vida. <\/span><i><span>\u201cMe incentiva a seguir la ni\u00f1a que yo fui. Mi mami era muy pobre, era ella solita para m\u00ed y mis cinco hermanos. Sufr\u00ed mucho, por eso quiero que ellos tengan todo lo que yo no tuve\u201d<\/span><\/i><span>, coment\u00f3 Liliana.<\/span><\/p>\n<p><span>Desde su primer embarazo luch\u00f3, junto a su esposo, para darle a sus hijos una ni\u00f1ez m\u00e1s feliz que la suya. Trabaj\u00f3 en casas particulares, ciruje\u00f3 y vendi\u00f3 comida cuando el \u00fanico ingreso que hab\u00eda en su hogar no era suficiente.. Ahora asegura que est\u00e1 mejor desde que trabaja como <\/span><span>personal de limpieza<\/span><span> en el Ministerio de Desarrollo Social.<\/span><\/p>\n<p><span>Se convirti\u00f3 en \u201cMami Lili\u201d para sus hijos, sus nietos, y para otros cientos de chicos que han pasado por su comedor. Para ella todos integran su gran familia, que va m\u00e1s all\u00e1 de v\u00ednculos sangu\u00edneos y solo se gu\u00eda por el amor. Un amor que para <\/span><i><span>Lili<\/span><\/i><span> pareciera ser infinito.&nbsp;&nbsp;<\/span><\/p>\n<p><span>El D\u00eda de la Madre, que se celebra hoy domingo, es una fecha especial, pero dolorosa para Liliana. Su deseo ser\u00eda reunir a sus 17 hijos en la misma mesa. No le importan los regalos. Lo \u00fanico que le calma el dolor es el amor que recibe: <\/span><i><span>\u201cCuando me abrazan, me dan un beso y unos d\u00edas antes me empiezan a saludar (los ni\u00f1os y ni\u00f1as del merendero) por el d\u00eda de la madre me dan la fuerza para pasar este d\u00eda\u201d.<\/span><\/i><\/p>\n<p><b>MM: \u00bfQu\u00e9 significa para vos ser \u201cMam\u00e1 Lili\u201d?<\/b><\/p>\n<p><b>LP:<\/b><span> Para mi mis hijos son todo. Son lo m\u00e1s grande del mundo, yo los amo con toda mi vida. No estaba en mis planes tener muchos hijos, pero empezaron a venir y yo los recib\u00ed a todos con el mismo amor. Los amo con toda mi vida.<\/span><\/p>\n<p><b>MM: \u00bfQu\u00e9 te gustar\u00eda dejarles como ense\u00f1anza a cada uno de ellos?<\/b><\/p>\n<p><b>LP:<\/b><span> M\u00e1s que ense\u00f1anza, dejarles amor. Que sepan que siempre se debe dar una mano al pr\u00f3jimo, que con amor siempre se puede. A veces ellos me dicen que yo estoy m\u00e1s presente para la gente de afuera, del comedor, que para ellos. Pero la verdad es que esa es mi ense\u00f1anza: hay que estar para los otros.<\/span><\/p>\n<p><span>El orgullo de mam\u00e1 aflora cuando reconoce que est\u00e1 dejando una huella en su ni\u00f1a m\u00e1s chica, de 7 a\u00f1os. En el festejo del D\u00eda de Los Ni\u00f1os \u2013 y Reyes tambi\u00e9n- Liliana se encarga de conseguir, con donaciones, que cada uno tenga un juguete. Este agosto uno de los aportes fue especial: su propia hija don\u00f3 su juguete para hacer feliz a otra ni\u00f1a.<\/span><\/p>\n<div id=\"attachment_7333\" class=\"wp-caption aligncenter\" readability=\"32\"><a href=\"http:\/\/hoycordobaweb.com\/wp-content\/uploads\/2025\/10\/mami-lili-un-corazon-de-pie-por-los-ninos-del-barrio-ampliacion-yapeyu.jpg\"><img loading=\"lazy\" fetchpriority=\"high\" decoding=\"async\" aria-describedby=\"caption-attachment-7333\" class=\"size-full wp-image-7333\" src=\"http:\/\/hoycordobaweb.com\/wp-content\/uploads\/2025\/10\/mami-lili-un-corazon-de-pie-por-los-ninos-del-barrio-ampliacion-yapeyu.jpg\" alt width=\"1280\" height=\"960\" srcset=\"http:\/\/hoycordobaweb.com\/wp-content\/uploads\/2025\/10\/mami-lili-un-corazon-de-pie-por-los-ninos-del-barrio-ampliacion-yapeyu.jpg 1280w, http:\/\/hoycordobaweb.com\/wp-content\/uploads\/2025\/10\/mami-lili-un-corazon-de-pie-por-los-ninos-del-barrio-ampliacion-yapeyu-1.jpg 300w, http:\/\/hoycordobaweb.com\/wp-content\/uploads\/2025\/10\/mami-lili-un-corazon-de-pie-por-los-ninos-del-barrio-ampliacion-yapeyu-2.jpg 1024w, http:\/\/hoycordobaweb.com\/wp-content\/uploads\/2025\/10\/mami-lili-un-corazon-de-pie-por-los-ninos-del-barrio-ampliacion-yapeyu-3.jpg 768w\" sizes=\"(max-width: 1280px) 100vw, 1280px\"><\/a><\/p>\n<p id=\"caption-attachment-7333\" class=\"wp-caption-text\"><em>Foto de archivo de un festejo realizado en el Comedor Liliana.<\/em><\/p>\n<\/div>\n<p><i><span>\u201cA mis hijas m\u00e1s grandes les digo que yo quiero que sigan lo que hago ac\u00e1. <\/span><\/i><b><i>Quiero que contin\u00faen con lo que a mi me gusta. Mejor dicho, con lo que yo am\u00f3. Porque amo lo que hago<\/i><\/b><i><span>\u201d<\/span><\/i><span>, cuenta la mujer que, con cuchara en mano, revuelve la olla para servirles una porci\u00f3n de alimento y amor a <\/span><i><span>\u201csus ni\u00f1os\u201d<\/span><\/i><span>.<\/span><\/p>\n<h3><span>Seguir de pie<\/span><\/h3>\n<p><span>Sus hijos e hijas la han acompa\u00f1ado desde el inicio en el merendero. Adem\u00e1s, Liliana no deja de agradecer a sus \u201c\u00e1ngeles\u201d. Ellos son quienes la han ayudado con mercader\u00eda, con muebles, con ropa para donar o con dinero para comprar lo necesario.<\/span><\/p>\n<p><i><span>\u201cLa gente siempre colabor\u00f3 y colabora mucho\u201d<\/span><\/i><span>, sostuvo. Y agreg\u00f3 que la \u00fanica ayuda gubernamental la reciben de la Municipalidad de C\u00f3rdoba con la Tarjeta Activa que, si bien ayuda, \u201cno alcanza\u201d.<\/span><\/p>\n<p><span>Para Liliana lo que falta es m\u00ednimo. Quiere cambiar el freezer, que es el mismo que tiene desde que convirti\u00f3 su casa en un merendero, y adquirir un anafe o cocina para preparar los almuerzos m\u00e1s c\u00f3modos. Mientras tanto, no se detiene y le busca la forma para continuar.<\/span><\/p>\n<p><span>La mujer que le pone el cuerpo y coraz\u00f3n, con una fortaleza incesante, a cada obst\u00e1culo que la vida le presenta, se rinde ante la emoci\u00f3n cuando recuerda las dificultades que atraviesa.&nbsp;<\/span><\/p>\n<p><b>MM: \u00bfQu\u00e9 te sostiene y te pone de pie cada d\u00eda?<\/b><\/p>\n<p><b><i>LP: Yo sigo igual, hago todo lo que m\u00e1s puedo.&nbsp; No paro, es todo por ellos. La gente del comedor es la que me sostiene. Mi familia, hijos y nietos tambi\u00e9n, pero son mis ni\u00f1os del comedor los que me dan las fuerzas para seguir y estar hoy ac\u00e1 parada.<\/i><\/b><\/p>\n<p><i><span>Quienes deseen colaborar con alimentos, ropa o art\u00edculos para el Comedor Liliana pueden acercarse a Lucrecio V\u00e1zquez, Casa 55, en el barrio Ampliaci\u00f3n Yapey\u00fa, o comunicarse al 351-3711240.<\/span><\/i><\/p>\n","protected":false},"excerpt":{"rendered":"<p>El repiqueteo de las tazas contra el largo tabl\u00f3n de madera anticipa la merienda. Cuando el aroma del mate cocido impregna el lugar, todos se acomodan en sus asientos y esperan atentos. Entre las mesas se abre paso y aparece \u201cLili\u201d para servir la tan ansiada merienda. Algunos brazos se extienden elevando sus tazas, y [&hellip;]<\/p>\n","protected":false},"author":1,"featured_media":119734,"comment_status":"closed","ping_status":"closed","sticky":false,"template":"","format":"standard","meta":[],"categories":[19],"tags":[],"_links":{"self":[{"href":"http:\/\/hoycordobaweb.com\/index.php\/wp-json\/wp\/v2\/posts\/119733"}],"collection":[{"href":"http:\/\/hoycordobaweb.com\/index.php\/wp-json\/wp\/v2\/posts"}],"about":[{"href":"http:\/\/hoycordobaweb.com\/index.php\/wp-json\/wp\/v2\/types\/post"}],"author":[{"embeddable":true,"href":"http:\/\/hoycordobaweb.com\/index.php\/wp-json\/wp\/v2\/users\/1"}],"replies":[{"embeddable":true,"href":"http:\/\/hoycordobaweb.com\/index.php\/wp-json\/wp\/v2\/comments?post=119733"}],"version-history":[{"count":0,"href":"http:\/\/hoycordobaweb.com\/index.php\/wp-json\/wp\/v2\/posts\/119733\/revisions"}],"wp:featuredmedia":[{"embeddable":true,"href":"http:\/\/hoycordobaweb.com\/index.php\/wp-json\/wp\/v2\/media\/119734"}],"wp:attachment":[{"href":"http:\/\/hoycordobaweb.com\/index.php\/wp-json\/wp\/v2\/media?parent=119733"}],"wp:term":[{"taxonomy":"category","embeddable":true,"href":"http:\/\/hoycordobaweb.com\/index.php\/wp-json\/wp\/v2\/categories?post=119733"},{"taxonomy":"post_tag","embeddable":true,"href":"http:\/\/hoycordobaweb.com\/index.php\/wp-json\/wp\/v2\/tags?post=119733"}],"curies":[{"name":"wp","href":"https:\/\/api.w.org\/{rel}","templated":true}]}}