{"id":119446,"date":"2025-10-16T07:32:07","date_gmt":"2025-10-16T07:32:07","guid":{"rendered":"https:\/\/www.mujerhoy.com\/moda\/pasarelas\/victoria-secret-desfile-nueva-york-adriana-lima-alessandra-ambrosio-karol-g-20251016022251-nt.html"},"modified":"2025-10-16T07:32:07","modified_gmt":"2025-10-16T07:32:07","slug":"victorias-secret-resurge-en-nueva-york-con-adriana-lima-y-alessandra-ambrosio-el-ritmo-latino-de-karol-g-y-la-nueva-era-de-la-inclusion","status":"publish","type":"post","link":"http:\/\/hoycordobaweb.com\/index.php\/2025\/10\/16\/victorias-secret-resurge-en-nueva-york-con-adriana-lima-y-alessandra-ambrosio-el-ritmo-latino-de-karol-g-y-la-nueva-era-de-la-inclusion\/","title":{"rendered":"Victoria&#8217;s Secret resurge en Nueva York con Adriana Lima y Alessandra Ambrosio: el ritmo latino de Karol G y la nueva era de la inclusi\u00f3n"},"content":{"rendered":"<p><!-- AUTHOR --><\/p>\n<div class=\"voc-author-timesocial \">\n<!-- AUTHOR --><\/p>\n<div class=\"voc-author-timesocial__signature \">\n<!-- IMAGE AUTHOR -->\n<picture class=\"voc-image-signature\">\n<img class=\"voc-image-signature__img\" src=\"http:\/\/hoycordobaweb.com\/wp-content\/uploads\/2025\/10\/victorias-secret-resurge-en-nueva-york-con-adriana-lima-y-alessandra-ambrosio-el-ritmo-latino-de-karol-g-y-la-nueva-era-de-la-inclusion.jpg\" alt=\"Diego Rueda\">\n<\/picture>\n<!-- INFO AUTHOR --><\/p>\n<div class=\"voc-author-timesocial__info\" data-mrf-recirculation=\"Autor\">\n<div class=\"voc-author-info\">\n<author><br \/>\n<a class=\"voc-author\" href=\"https:\/\/www.mujerhoy.com\/autor\/diego-rueda-5068.html\">Diego Rueda<\/a><br \/>\n<\/author><br \/>\n<!-- TIME --><br \/>\n<time datetime=\"2025-10-16T07:32:07Z\" data-timestamp><br \/>\nPublicado \u00b7 <span data-voc-date-modified-short> 16 de octubre de 2025, 09:32 h <\/span><br \/>\n<\/time>\n<\/div>\n<\/div>\n<\/div><\/div>\n<p><!-- COMPONENTS --><\/p>\n<p class=\"voc-paragraph\">Nueva York vuelve a te\u00f1irse de rosa para dar paso a los \u00e1ngeles con los que so\u00f1amos cada a\u00f1o. Tras un <strong>largo descanso desde 2018<\/strong>, el a\u00f1o pasado las alas m\u00e1s famosas del mundo regresaron a la pasarela, conjugadas con la lencer\u00eda m\u00e1s ic\u00f3nica. El desfile de<strong> Victoria&#8217;s Secret <\/strong>es un sue\u00f1o \u2014mires por donde lo mires\u2014, una fantas\u00eda de la que uno no quiere despertarse jam\u00e1s. Y no se trata de una pasarela cualquiera, como las que disfrutamos en la <a href=\"https:\/\/www.mujerhoy.com\/moda\/pasarelas\/semana-moda-milan-mejores-desfiles-primavera-verano-2026-gucci-fendi-max-mara-20250923160918-nt.html\" data-voc-vtm-id=\"in-text-traffic\" title=\"Semana de la Moda de Mil\u00e1n\" data-mrf-link=\"www.mujerhoy.com\">Semana de la Moda de Mil\u00e1n<\/a> o en el reciente debut de Matthieu Blazy para Chanel.<\/p>\n<p class=\"voc-paragraph\">Cabe destacar que <a href=\"https:\/\/www.mujerhoy.com\/moda\/no-te-pierdas\/carla-bruni-kate-moss-irina-shayk-desfile-victoria-secret-lenceria-20241016094307-nt.html\" data-voc-vtm-id=\"in-text-traffic\" title=\"Victoria's Secret ha experimentado una gran evoluci\u00f3n\" data-mrf-link=\"www.mujerhoy.com\">Victoria&#8217;s Secret ha experimentado una gran evoluci\u00f3n<\/a>. En sus \u00faltimas ediciones antes del par\u00f3n, la firma parec\u00eda haber perdido brillo; sin embargo, ahora apuesta por un casting mucho m\u00e1s diverso y contempor\u00e1neo. Este nuevo desfile re\u00fane nombres legendarios como <strong>Adriana Lima, Candice Swanepoel, Lily Aldridge y Gigi Hadid<\/strong>, un aut\u00e9ntico lujo para los nost\u00e1lgicos de los \u00e1ngeles de siempre. Pero tambi\u00e9n incorpora modelos curvy que reflejan la transformaci\u00f3n de la industria del modelaje, como es el caso de Ashley Graham.<\/p>\n<div class=\"v-c-cmp v-c-cmp--t1 \">\n<div class=\"v-cmp-rld v-cmp-rld--2 \">\n<div class=\"v-cnt-m v-cnt-m--m\">\n<div class=\"v-cnt-m__c\">\n<div class=\"v-cnt-m__w v-cnt-m__w--1\">\n<p class=\"v-cnt-m__t\">\nTAMBI\u00c9N TE INTERESA\n<\/p>\n<\/div>\n<\/div>\n<\/div>\n<div class=\"v-g v-g--2-c v-g--bdr-min-xs\">\n<div class=\"v-g__c \">\n<article class=\"v-a v-a--cmp-rld v-a--cmp-rld-2 v-a--p-l\">\n<div class=\"v-a-img-c\">\n<figure class=\"v-a-fig\">\n<a href=\"https:\/\/www.mujerhoy.com\/moda\/pasarelas\/chanel-desfile-debut-matthieu-blazy-iconos-universo-estrellas-tilda-swinton-20251007221849-nt.html#vtm_modulosEngag=mod-rel:moda:noticia:1:cmp:2-not\" class=\"v-a-link\" title=\"As\u00ed ha sido el primer desfile de Chanel bajo la direcci\u00f3n creativa de Matthieu Blazy: del firmamento de estrellas a la reinterpretaci\u00f3n de los iconos de la Maison\"><br \/>\n<img loading=\"lazy\" class=\"v-a-img\" src=\"http:\/\/hoycordobaweb.com\/wp-content\/uploads\/2025\/10\/victorias-secret-resurge-en-nueva-york-con-adriana-lima-y-alessandra-ambrosio-el-ritmo-latino-de-karol-g-y-la-nueva-era-de-la-inclusion-1.jpg\" alt=\"As\u00ed ha sido el primer desfile de Chanel bajo la direcci\u00f3n creativa de Matthieu Blazy: del firmamento de estrellas a la reinterpretaci\u00f3n de los iconos de la Maison\"><br \/>\n<\/a><br \/>\n<\/figure>\n<\/div>\n<\/article>\n<\/div>\n<div class=\"v-g__c \">\n<article class=\"v-a v-a--cmp-rld v-a--cmp-rld-2 v-a--p-l\">\n<div class=\"v-a-img-c\">\n<figure class=\"v-a-fig\">\n<a href=\"https:\/\/www.mujerhoy.com\/moda\/no-te-pierdas\/meghan-markle-nueva-chica-balenciaga-arrasa-dos-looks-elegantes-semana-moda-paris-20251005112050-nt.html#vtm_modulosEngag=mod-rel:moda:noticia:2:cmp:2-not\" class=\"v-a-link\" title=\"Meghan Markle, nueva chica Balenciaga: arrasa con dos looks muy elegantes en la Semana de la Moda de Par\u00eds\"><br \/>\n<img loading=\"lazy\" class=\"v-a-img\" src=\"http:\/\/hoycordobaweb.com\/wp-content\/uploads\/2025\/10\/victorias-secret-resurge-en-nueva-york-con-adriana-lima-y-alessandra-ambrosio-el-ritmo-latino-de-karol-g-y-la-nueva-era-de-la-inclusion-2.jpg\" alt=\"Meghan Markle, nueva chica Balenciaga: arrasa con dos looks muy elegantes en la Semana de la Moda de Par\u00eds\"><br \/>\n<\/a><br \/>\n<\/figure>\n<\/div>\n<\/article>\n<\/div>\n<\/div>\n<\/div>\n<\/div>\n<p class=\"voc-paragraph\">No podemos olvidar que <a href=\"https:\/\/www.mujerhoy.com\/temas\/personajes\/adriana-lima.html\" data-voc-vtm-id=\"in-text-traffic\" title=\"Adriana Lima\" data-mrf-link=\"www.mujerhoy.com\">Adriana Lima<\/a> colg\u00f3 sus alas en 2018 con una emotiva despedida que repasaba casi toda su carrera como uno de los principales \u00e1ngeles de Victoria&#8217;s Secret. Aquel dulce adi\u00f3s no fue definitivo: la top model brasile\u00f1a, hoy con 44 a\u00f1os, regres\u00f3 el a\u00f1o pasado y repite ahora en Nueva York. Un aut\u00e9ntico placer ver c\u00f3mo una firma de lencer\u00eda vuelve a escena con las modelos que ayud\u00f3 a descubrir y catapult\u00f3 hacia el estrellato.<\/p>\n<p class=\"voc-paragraph\">Adem\u00e1s, el nuevo director creativo ejecutivo, <strong>Adam Selman<\/strong>, ha dejado claro que, como parte de la estrategia de renovaci\u00f3n de la marca, el desfile se ha dividido en diferentes cap\u00edtulos, todos articulados en torno al <strong>concepto del \u00abd\u00eda a la noche\u00bb<\/strong>, comenzando con la ma\u00f1ana y culminando con etiqueta de gala. El dise\u00f1ador tambi\u00e9n ha compartido su visi\u00f3n respecto a la inclusi\u00f3n de tallas, un aspecto que ya impuls\u00f3 durante su etapa al frente de Savage x Fenty, y que durante a\u00f1os fue una de las grandes asignaturas pendientes de Victoria&#8217;s Secret \u2014un problema que, de hecho, contribuy\u00f3 a su ca\u00edda en 2019\u2014.<\/p>\n<div class=\"v-c-cmp\">\n<div class=\"v-cmp-cmb\">\n<figure class=\"v-cmp-cmb__fig\"><figcaption class=\"v-fc\">\n<span class=\"v-fc__t\"><br \/>\nOlympia de Grecia, Helena Christensen y Sarah Jessica Parker fueron algunas de las invitadas que posaron en la pink carpet del desfile de Victoria&#8217;s Secret.<br \/>\n<\/span><br \/>\n<span class=\"v-fc__p\"><br \/>\nGTRES<br \/>\n<\/span><br \/>\n<\/figcaption><\/figure>\n<\/div>\n<\/div>\n<div id=\"100\" popover class=\"v-mdl v-mdl--fw\">\n<button class=\"v-x\" popovertarget=\"100\" popovertargetaction=\"hide\"><br \/>\n<span class=\"v-i\"><br \/>\n<svg width=\"24\" height=\"23.996\" viewBox=\"0 0 24 23.996\">\n<path data-name=\"Uni\u00f3n 29\" d=\"M12,14.03,2.031,24,0,21.963,9.968,12,0,2.033,2.031,0,12,9.966,21.969,0,24,2.033,14.032,12,24,21.963,21.969,24Z\" \/>\n<\/svg><br \/>\n<\/span><br \/>\n<\/button><\/p>\n<div class=\"v-mdl__c\">\n<div class=\"v-mdl__w\">\n<img loading=\"lazy\" src=\"http:\/\/hoycordobaweb.com\/wp-content\/uploads\/2025\/10\/victorias-secret-resurge-en-nueva-york-con-adriana-lima-y-alessandra-ambrosio-el-ritmo-latino-de-karol-g-y-la-nueva-era-de-la-inclusion-3.jpg\" class=\"v-mdl__img-z\" width=\"1200\" height=\"841\" alt=\"Imagen principal - Olympia de Grecia, Helena Christensen y Sarah Jessica Parker fueron algunas de las invitadas que posaron en la pink carpet del desfile de Victoria's Secret. \">\n<\/div>\n<\/div>\n<\/div>\n<p><span class=\"v-bdp\"><\/span><\/p>\n<div id=\"101\" popover class=\"v-mdl v-mdl--fw\">\n<button class=\"v-x\" popovertarget=\"101\" popovertargetaction=\"hide\"><br \/>\n<span class=\"v-i\"><br \/>\n<svg width=\"24\" height=\"23.996\" viewBox=\"0 0 24 23.996\">\n<path data-name=\"Uni\u00f3n 29\" d=\"M12,14.03,2.031,24,0,21.963,9.968,12,0,2.033,2.031,0,12,9.966,21.969,0,24,2.033,14.032,12,24,21.963,21.969,24Z\" \/>\n<\/svg><br \/>\n<\/span><br \/>\n<\/button><\/p>\n<div class=\"v-mdl__c\">\n<div class=\"v-mdl__w\">\n<img loading=\"lazy\" src=\"http:\/\/hoycordobaweb.com\/wp-content\/uploads\/2025\/10\/victorias-secret-resurge-en-nueva-york-con-adriana-lima-y-alessandra-ambrosio-el-ritmo-latino-de-karol-g-y-la-nueva-era-de-la-inclusion-4.jpg\" class=\"v-mdl__img-z\" width=\"1200\" height=\"851\" alt=\"Imagen secundaria 1 - Olympia de Grecia, Helena Christensen y Sarah Jessica Parker fueron algunas de las invitadas que posaron en la pink carpet del desfile de Victoria's Secret. \">\n<\/div>\n<\/div>\n<\/div>\n<p><span class=\"v-bdp\"><\/span><\/p>\n<div id=\"102\" popover class=\"v-mdl v-mdl--fw\">\n<button class=\"v-x\" popovertarget=\"102\" popovertargetaction=\"hide\"><br \/>\n<span class=\"v-i\"><br \/>\n<svg width=\"24\" height=\"23.996\" viewBox=\"0 0 24 23.996\">\n<path data-name=\"Uni\u00f3n 29\" d=\"M12,14.03,2.031,24,0,21.963,9.968,12,0,2.033,2.031,0,12,9.966,21.969,0,24,2.033,14.032,12,24,21.963,21.969,24Z\" \/>\n<\/svg><br \/>\n<\/span><br \/>\n<\/button><\/p>\n<div class=\"v-mdl__c\">\n<div class=\"v-mdl__w\">\n<img loading=\"lazy\" src=\"http:\/\/hoycordobaweb.com\/wp-content\/uploads\/2025\/10\/victorias-secret-resurge-en-nueva-york-con-adriana-lima-y-alessandra-ambrosio-el-ritmo-latino-de-karol-g-y-la-nueva-era-de-la-inclusion-5.jpg\" class=\"v-mdl__img-z\" width=\"711\" height=\"841\" alt=\"Imagen secundaria 2 - Olympia de Grecia, Helena Christensen y Sarah Jessica Parker fueron algunas de las invitadas que posaron en la pink carpet del desfile de Victoria's Secret. \">\n<\/div>\n<\/div>\n<\/div>\n<p><span class=\"v-bdp\"><\/span><\/p>\n<p class=\"voc-paragraph\">Antes de comenzar el show, la pink carpet acapar\u00f3 todas las miradas con estilismos en clave sensual, aunque tambi\u00e9n hubo espacio para vestidos lenceros y blazers oversize. Sarah Jessica Parker, Jessica Stam, Alton Mason, Brittney Spencer, Indya Moore, Jessica Wang e incluso <a href=\"https:\/\/www.mujerhoy.com\/moda\/no-te-pierdas\/estilo-olimpia-grecia-princesa-royal-lujo-silencioso-socialite-marie-chantall-20240726133409-nt.html\" data-voc-vtm-id=\"in-text-traffic\" title=\"la princesa helena, Olympia de Grecia\" data-mrf-link=\"www.mujerhoy.com\">la princesa helena, Olympia de Grecia<\/a>, no quisieron perderse uno de los espect\u00e1culos m\u00e1s importantes del mundo de la moda.<\/p>\n<p><h3 class=\"v-cmp-suh\">\nSensualidad y el poder de Karol G en la pasarela<br \/>\n<\/h3>\n<\/p>\n<p class=\"voc-paragraph\">Maddison Beer inaugur\u00f3 el primer segmento con un grupo de baile al m\u00e1s puro estilo Moulin Rouge, con abanicos de plumas y puro sensualismo. Algunos de los temas que han marcado la pasarela fueron <strong>\u00abMake You Mine\u00bb y \u00abYes Baby\u00bb<\/strong>. Uno de los momentos m\u00e1s emocionantes fue ver a la modelo Jasmine Tookes desfilar con unas alas de brillantes y un look \u00edntegramente confeccionado con cristales, y lo m\u00e1s impresionante es que lo hizo embarazada.<\/p>\n<p class=\"voc-paragraph\">La nueva colecci\u00f3n Pink de Victoria&#8217;s Secret desfil\u00f3 con aires de los a\u00f1os 2000, record\u00e1ndonos a pel\u00edculas como Mean Girls, pero tambi\u00e9n a looks que podr\u00edan llevar artistas como Rosal\u00eda. <a href=\"https:\/\/www.mujerhoy.com\/lujo-slow\/chandal-prenda-lujo-favorita-famosas-influencers-looks-comodos-rosalia-20240121141024-nt.html\" data-voc-vtm-id=\"in-text-traffic\" title=\"\u00bfCh\u00e1ndal con tacones?\" data-mrf-link=\"www.mujerhoy.com\">\u00bfCh\u00e1ndal con tacones?<\/a> Todo es posible en esta nueva era de la firma de lencer\u00eda. Los estilismos m\u00e1s deportivos, reinterpretados en clave fancy, sorprendieron con ese aire college y juvenil. Este segmento fue amenizado por el grupo de K-Pop coreano TWICE, marcando la primera vez que un grupo femenino de este estilo musical debuta en el show de los \u00e1ngeles.<\/p>\n<p class=\"voc-paragraph\">Lo mejor de la noche fue <strong>Karol G, enfundada en un mono rojo<\/strong> con de transparencias y brillantes, un estilismo que realzaba su figura sobre la pasarela. Bella Hadid, una de las modelos m\u00e1s populares, abri\u00f3 el desfile con un look de lencer\u00eda rojo muy sexy, que hizo que el p\u00fablico no dejara de emocionarse. Como dice una de las canciones de la colombiana, \u00abesto es un esc\u00e1ndalo\u00bb, y no le faltaba raz\u00f3n.<\/p>\n<div class=\"v-c-cmp v-c-cmp--s\">\n<div class=\"v-cmp-m \">\n<article class=\"v-a v-a--cmp-m v-c-cmp--m-z\">\n<div class=\"v-a-img-c \">\n<div class=\"v-a-fig\">\n<button class=\"v-a-link\" popovertarget=\"photo-541\"><br \/>\n<img loading=\"lazy\" src=\"http:\/\/hoycordobaweb.com\/wp-content\/uploads\/2025\/10\/victorias-secret-resurge-en-nueva-york-con-adriana-lima-y-alessandra-ambrosio-el-ritmo-latino-de-karol-g-y-la-nueva-era-de-la-inclusion-6.jpg\" class=\"v-a-img\" width=\"650\" height=\"650\" alt=\"La cantante Karol G hizo una actuaci\u00f3n estelar durante el desfile de Victoria's Secret.\" data-voc-vtm-id=\"in-text-traffic\"> <\/button><figcaption class=\"v-fc\">\n<span class=\"v-fc__t\"><br \/>\nLa cantante Karol G hizo una actuaci\u00f3n estelar durante el desfile de Victoria&#8217;s Secret.<br \/>\n<\/span><br \/>\n<span class=\"v-fc__p\"><br \/>\nGTRES<br \/>\n<\/span><br \/>\n<\/figcaption><\/div>\n<\/div>\n<div id=\"photo-541\" popover class=\"v-mdl v-mdl--fw\">\n<button class=\"v-x\" popovertarget=\"photo-541\" popovertargetaction=\"hide\"><br \/>\n<span class=\"v-i\"><br \/>\n<svg width=\"24\" height=\"23.996\" viewBox=\"0 0 24 23.996\">\n<path data-name=\"Uni\u00f3n 29\" d=\"M12,14.03,2.031,24,0,21.963,9.968,12,0,2.033,2.031,0,12,9.966,21.969,0,24,2.033,14.032,12,24,21.963,21.969,24Z\" \/>\n<\/svg><br \/>\n<\/span><br \/>\n<\/button><\/p>\n<div class=\"v-mdl__c\">\n<div class=\"v-mdl__w\">\n<img loading=\"lazy\" src=\"http:\/\/hoycordobaweb.com\/wp-content\/uploads\/2025\/10\/victorias-secret-resurge-en-nueva-york-con-adriana-lima-y-alessandra-ambrosio-el-ritmo-latino-de-karol-g-y-la-nueva-era-de-la-inclusion-6.jpg\" class=\"v-mdl__img-z\" width=\"650\" height=\"650\" alt>\n<\/div>\n<\/div>\n<\/div>\n<p><span class=\"v-bdp\"><\/span><br \/>\n<\/article>\n<\/div>\n<\/div>\n<p class=\"voc-paragraph\">En este segmento, el rojo fue el claro protagonista, presente en estilismos con lentejuelas, monos con semitransparencias, capas et\u00e9reas y todo tipo de brillos. La caminata de las modelos se ajustaba a la perfecci\u00f3n a esa atm\u00f3sfera cargada de <strong>poder femenino y sensualidad<\/strong>, todo al ritmo de \u00abLatina Foreva\u00bb de Karol G. Sin duda, este fue uno de los segmentos donde se percibi\u00f3 que el p\u00fablico lo dio todo, dej\u00e1ndose llevar tanto por los impactantes looks como por la energ\u00eda de la m\u00fasica.<\/p>\n<p class=\"voc-paragraph\">Los vestidos de fiesta tambi\u00e9n han sido un enfoque interesante para la marca, especialmente aquellos que jugaban con la ropa interior visible, aunque no faltaron otros dise\u00f1os que perfectamente podr\u00edan brillar en una <a href=\"https:\/\/www.mujerhoy.com\/celebrities\/alfombra-roja\/\" data-voc-vtm-id=\"in-text-traffic\" title=\"alfombra roja\" data-mrf-link=\"www.mujerhoy.com\">alfombra roja<\/a>. Al mismo tiempo, tampoco han faltado piezas que cualquier mujer real podr\u00eda llevar para dormir, siempre en clave sexy y femenina. \u00bfSe puede pedir algo m\u00e1s?<\/p>\n<div class=\"v-c-cmp \">\n<div class=\"v-cmp-m v-cmp-m--t1\">\n<article class=\"v-a v-a--cmp-m v-c-cmp--m-p\">\n<div class=\"v-a-img-c v-a-img-c--fw-xs\">\n<div class=\"v-a-fig\">\n<div class=\"v-a-link\">\n<img loading=\"lazy\" src=\"http:\/\/hoycordobaweb.com\/wp-content\/uploads\/2025\/10\/victorias-secret-resurge-en-nueva-york-con-adriana-lima-y-alessandra-ambrosio-el-ritmo-latino-de-karol-g-y-la-nueva-era-de-la-inclusion-7.jpg\" class=\"v-a-img\" width=\"650\" height=\"975\" alt=\"Bella Hadid en el desfile de Victoria's Secret 2025.\" data-voc-vtm-id=\"in-text-traffic\">\n<\/div><figcaption class=\"v-fc\">\n<span class=\"v-fc__t\"><br \/>\nBella Hadid en el desfile de Victoria&#8217;s Secret 2025.<br \/>\n<\/span><br \/>\n<span class=\"v-fc__p\"><br \/>\nGTRES<br \/>\n<\/span><br \/>\n<\/figcaption><\/div>\n<\/div>\n<\/article>\n<\/div>\n<\/div>\n<div class=\"v-c-cmp \">\n<div class=\"v-cmp-m v-cmp-m--t1\">\n<article class=\"v-a v-a--cmp-m v-c-cmp--m-p\">\n<div class=\"v-a-img-c v-a-img-c--fw-xs\">\n<div class=\"v-a-fig\">\n<div class=\"v-a-link\">\n<img loading=\"lazy\" src=\"http:\/\/hoycordobaweb.com\/wp-content\/uploads\/2025\/10\/victorias-secret-resurge-en-nueva-york-con-adriana-lima-y-alessandra-ambrosio-el-ritmo-latino-de-karol-g-y-la-nueva-era-de-la-inclusion-8.jpg\" class=\"v-a-img\" width=\"650\" height=\"975\" alt=\"Look del desfile de Victoria's Secret 2025.\" data-voc-vtm-id=\"in-text-traffic\">\n<\/div><figcaption class=\"v-fc\">\n<span class=\"v-fc__t\"><br \/>\nLook del desfile de Victoria&#8217;s Secret 2025.<br \/>\n<\/span><br \/>\n<span class=\"v-fc__p\"><br \/>\nGTRES<br \/>\n<\/span><br \/>\n<\/figcaption><\/div>\n<\/div>\n<\/article>\n<\/div>\n<\/div>\n<div class=\"v-c-cmp \">\n<div class=\"v-cmp-m v-cmp-m--t1\">\n<article class=\"v-a v-a--cmp-m v-c-cmp--m-p\">\n<div class=\"v-a-img-c v-a-img-c--fw-xs\">\n<div class=\"v-a-fig\">\n<div class=\"v-a-link\">\n<img loading=\"lazy\" src=\"http:\/\/hoycordobaweb.com\/wp-content\/uploads\/2025\/10\/victorias-secret-resurge-en-nueva-york-con-adriana-lima-y-alessandra-ambrosio-el-ritmo-latino-de-karol-g-y-la-nueva-era-de-la-inclusion-9.jpg\" class=\"v-a-img\" width=\"650\" height=\"975\" alt=\"Irina Shayk en el desfile de Victoria's Secret 2025.\" data-voc-vtm-id=\"in-text-traffic\">\n<\/div><figcaption class=\"v-fc\">\n<span class=\"v-fc__t\"><br \/>\nIrina Shayk en el desfile de Victoria&#8217;s Secret 2025.<br \/>\n<\/span><br \/>\n<span class=\"v-fc__p\"><br \/>\nGTRES<br \/>\n<\/span><br \/>\n<\/figcaption><\/div>\n<\/div>\n<\/article>\n<\/div>\n<\/div>\n<div class=\"v-c-cmp \">\n<div class=\"v-cmp-m v-cmp-m--t1\">\n<article class=\"v-a v-a--cmp-m v-c-cmp--m-p\">\n<div class=\"v-a-img-c v-a-img-c--fw-xs\">\n<div class=\"v-a-fig\">\n<div class=\"v-a-link\">\n<img loading=\"lazy\" src=\"http:\/\/hoycordobaweb.com\/wp-content\/uploads\/2025\/10\/victorias-secret-resurge-en-nueva-york-con-adriana-lima-y-alessandra-ambrosio-el-ritmo-latino-de-karol-g-y-la-nueva-era-de-la-inclusion-10.jpg\" class=\"v-a-img\" width=\"650\" height=\"975\" alt=\"Gigi Hadid en el desfile de Victoria's Secret 2025.\" data-voc-vtm-id=\"in-text-traffic\">\n<\/div><figcaption class=\"v-fc\">\n<span class=\"v-fc__t\"><br \/>\nGigi Hadid en el desfile de Victoria&#8217;s Secret 2025.<br \/>\n<\/span><br \/>\n<\/figcaption><\/div>\n<\/div>\n<\/article>\n<\/div>\n<\/div>\n<div class=\"v-c-cmp \">\n<div class=\"v-cmp-m v-cmp-m--t1\">\n<article class=\"v-a v-a--cmp-m v-c-cmp--m-p\">\n<div class=\"v-a-img-c v-a-img-c--fw-xs\">\n<div class=\"v-a-fig\">\n<div class=\"v-a-link\">\n<img loading=\"lazy\" src=\"http:\/\/hoycordobaweb.com\/wp-content\/uploads\/2025\/10\/victorias-secret-resurge-en-nueva-york-con-adriana-lima-y-alessandra-ambrosio-el-ritmo-latino-de-karol-g-y-la-nueva-era-de-la-inclusion-11.jpg\" class=\"v-a-img\" width=\"650\" height=\"975\" alt=\"Look del desfile de Victoria's Secret 2025.\" data-voc-vtm-id=\"in-text-traffic\">\n<\/div><figcaption class=\"v-fc\">\n<span class=\"v-fc__t\"><br \/>\nLook del desfile de Victoria&#8217;s Secret 2025.<br \/>\n<\/span><br \/>\n<span class=\"v-fc__p\"><br \/>\nGTRES<br \/>\n<\/span><br \/>\n<\/figcaption><\/div>\n<\/div>\n<\/article>\n<\/div>\n<\/div>\n<div class=\"v-c-cmp \">\n<div class=\"v-cmp-m v-cmp-m--t1\">\n<article class=\"v-a v-a--cmp-m v-c-cmp--m-p\">\n<div class=\"v-a-img-c v-a-img-c--fw-xs\">\n<div class=\"v-a-fig\">\n<div class=\"v-a-link\">\n<img loading=\"lazy\" src=\"http:\/\/hoycordobaweb.com\/wp-content\/uploads\/2025\/10\/victorias-secret-resurge-en-nueva-york-con-adriana-lima-y-alessandra-ambrosio-el-ritmo-latino-de-karol-g-y-la-nueva-era-de-la-inclusion-12.jpg\" class=\"v-a-img\" width=\"650\" height=\"975\" alt=\"Bella Hadid en el desfile de Victoria's Secret 2025.\" data-voc-vtm-id=\"in-text-traffic\">\n<\/div><figcaption class=\"v-fc\">\n<span class=\"v-fc__t\"><br \/>\nBella Hadid en el desfile de Victoria&#8217;s Secret 2025.<br \/>\n<\/span><br \/>\n<span class=\"v-fc__p\"><br \/>\nGTRES<br \/>\n<\/span><br \/>\n<\/figcaption><\/div>\n<\/div>\n<\/article>\n<\/div>\n<\/div>\n<div class=\"v-c-cmp \">\n<div class=\"v-cmp-m v-cmp-m--t1\">\n<article class=\"v-a v-a--cmp-m v-c-cmp--m-p\">\n<div class=\"v-a-img-c v-a-img-c--fw-xs\">\n<div class=\"v-a-fig\">\n<div class=\"v-a-link\">\n<img loading=\"lazy\" src=\"http:\/\/hoycordobaweb.com\/wp-content\/uploads\/2025\/10\/victorias-secret-resurge-en-nueva-york-con-adriana-lima-y-alessandra-ambrosio-el-ritmo-latino-de-karol-g-y-la-nueva-era-de-la-inclusion-13.jpg\" class=\"v-a-img\" width=\"650\" height=\"975\" alt=\"Candice Swanepoel en el desfile de Victoria's Secret 2025.\" data-voc-vtm-id=\"in-text-traffic\">\n<\/div><figcaption class=\"v-fc\">\n<span class=\"v-fc__t\"><br \/>\nCandice Swanepoel en el desfile de Victoria&#8217;s Secret 2025.<br \/>\n<\/span><br \/>\n<span class=\"v-fc__p\"><br \/>\nGTRES<br \/>\n<\/span><br \/>\n<\/figcaption><\/div>\n<\/div>\n<\/article>\n<\/div>\n<\/div>\n<div class=\"v-c-cmp \">\n<div class=\"v-cmp-m v-cmp-m--t1\">\n<article class=\"v-a v-a--cmp-m v-c-cmp--m-p\">\n<div class=\"v-a-img-c v-a-img-c--fw-xs\">\n<div class=\"v-a-fig\">\n<div class=\"v-a-link\">\n<img loading=\"lazy\" src=\"http:\/\/hoycordobaweb.com\/wp-content\/uploads\/2025\/10\/victorias-secret-resurge-en-nueva-york-con-adriana-lima-y-alessandra-ambrosio-el-ritmo-latino-de-karol-g-y-la-nueva-era-de-la-inclusion-14.jpg\" class=\"v-a-img\" width=\"650\" height=\"975\" alt=\"Ashley Graham en el desfile de Victoria's Secret 2025.\" data-voc-vtm-id=\"in-text-traffic\">\n<\/div><figcaption class=\"v-fc\">\n<span class=\"v-fc__t\"><br \/>\nAshley Graham en el desfile de Victoria&#8217;s Secret 2025.<br \/>\n<\/span><br \/>\n<span class=\"v-fc__p\"><br \/>\nGTRES<br \/>\n<\/span><br \/>\n<\/figcaption><\/div>\n<\/div>\n<\/article>\n<\/div>\n<\/div>\n<div class=\"v-c-cmp \">\n<div class=\"v-cmp-m v-cmp-m--t1\">\n<article class=\"v-a v-a--cmp-m v-c-cmp--m-p\">\n<div class=\"v-a-img-c v-a-img-c--fw-xs\">\n<div class=\"v-a-fig\">\n<div class=\"v-a-link\">\n<img loading=\"lazy\" src=\"http:\/\/hoycordobaweb.com\/wp-content\/uploads\/2025\/10\/victorias-secret-resurge-en-nueva-york-con-adriana-lima-y-alessandra-ambrosio-el-ritmo-latino-de-karol-g-y-la-nueva-era-de-la-inclusion-15.jpg\" class=\"v-a-img\" width=\"650\" height=\"975\" alt=\"Barbara Palvin en el desfile de Victoria's Secret 2025.\" data-voc-vtm-id=\"in-text-traffic\">\n<\/div><figcaption class=\"v-fc\">\n<span class=\"v-fc__t\"><br \/>\nBarbara Palvin en el desfile de Victoria&#8217;s Secret 2025.<br \/>\n<\/span><br \/>\n<span class=\"v-fc__p\"><br \/>\nGTRES<br \/>\n<\/span><br \/>\n<\/figcaption><\/div>\n<\/div>\n<\/article>\n<\/div>\n<\/div>\n<div class=\"v-c-cmp \">\n<div class=\"v-cmp-m v-cmp-m--t1\">\n<article class=\"v-a v-a--cmp-m v-c-cmp--m-p\">\n<div class=\"v-a-img-c v-a-img-c--fw-xs\">\n<div class=\"v-a-fig\">\n<div class=\"v-a-link\">\n<img loading=\"lazy\" src=\"http:\/\/hoycordobaweb.com\/wp-content\/uploads\/2025\/10\/victorias-secret-resurge-en-nueva-york-con-adriana-lima-y-alessandra-ambrosio-el-ritmo-latino-de-karol-g-y-la-nueva-era-de-la-inclusion-16.jpg\" class=\"v-a-img\" width=\"650\" height=\"975\" alt=\"Joan Smalls en el desfile de Victoria's Secret 2025.\" data-voc-vtm-id=\"in-text-traffic\">\n<\/div><figcaption class=\"v-fc\">\n<span class=\"v-fc__t\"><br \/>\nJoan Smalls en el desfile de Victoria&#8217;s Secret 2025.<br \/>\n<\/span><br \/>\n<span class=\"v-fc__p\"><br \/>\nGTRES<br \/>\n<\/span><br \/>\n<\/figcaption><\/div>\n<\/div>\n<\/article>\n<\/div>\n<\/div>\n<div class=\"v-c-cmp \">\n<div class=\"v-cmp-m v-cmp-m--t1\">\n<article class=\"v-a v-a--cmp-m v-c-cmp--m-p\">\n<div class=\"v-a-img-c v-a-img-c--fw-xs\">\n<div class=\"v-a-fig\">\n<div class=\"v-a-link\">\n<img loading=\"lazy\" src=\"http:\/\/hoycordobaweb.com\/wp-content\/uploads\/2025\/10\/victorias-secret-resurge-en-nueva-york-con-adriana-lima-y-alessandra-ambrosio-el-ritmo-latino-de-karol-g-y-la-nueva-era-de-la-inclusion-17.jpg\" class=\"v-a-img\" width=\"650\" height=\"975\" alt=\"Stella Maxwell en el desfile de Victoria's Secret 2025.\" data-voc-vtm-id=\"in-text-traffic\">\n<\/div><figcaption class=\"v-fc\">\n<span class=\"v-fc__t\"><br \/>\nStella Maxwell en el desfile de Victoria&#8217;s Secret 2025.<br \/>\n<\/span><br \/>\n<span class=\"v-fc__p\"><br \/>\nGTRES<br \/>\n<\/span><br \/>\n<\/figcaption><\/div>\n<\/div>\n<\/article>\n<\/div>\n<\/div>\n<p class=\"voc-paragraph\">Victoria&#8217;s Secret ha celebrado la diversidad sin olvidarse de sus or\u00edgenes. Muchos han definido el desfile como divertido y sexy, y no les falta raz\u00f3n. La combinaci\u00f3n de buena m\u00fasica y un casting de modelos muy potente \u2014destacando la presencia de las hermanas Hadid e Irina Shayk\u2014 eleva a\u00fan m\u00e1s este tipo de shows, cuya expectaci\u00f3n es m\u00e1xima cada a\u00f1o. Ahora, <strong>nuestros \u00e1ngeles cuelgan las alas<\/strong> para esperar un a\u00f1o m\u00e1s hasta volver a desplegarlas sobre la pasarela.<\/p>\n<div class=\"v-c-cmp v-c-cmp--t1 \">\n<div class=\"v-cmp-rld v-cmp-rld--2 \">\n<div class=\"v-cnt-m v-cnt-m--m\">\n<div class=\"v-cnt-m__c\">\n<div class=\"v-cnt-m__w v-cnt-m__w--1\">\n<p class=\"v-cnt-m__t\">\nTAMBI\u00c9N TE INTERESA\n<\/p>\n<\/div>\n<\/div>\n<\/div>\n<div class=\"v-g v-g--2-c v-g--bdr-min-xs\">\n<div class=\"v-g__c \">\n<article class=\"v-a v-a--cmp-rld v-a--cmp-rld-2 v-a--p-l\">\n<div class=\"v-a-img-c\">\n<figure class=\"v-a-fig\">\n<a href=\"https:\/\/www.mujerhoy.com\/moda\/pasarelas\/semana-moda-paris-mejores-desfiles-primavera-verano-2026-dior-louis-vuitton-hermes-20251002110924-nt.html#vtm_modulosEngag=mod-rel:moda:noticia:1:cmp:2-not\" class=\"v-a-link\" title=\"Los mejores desfiles de la Semana de la Moda de Par\u00eds: Herm\u00e8s reinventa la elegancia ecuestre y Balenciaga se inspira en la Alta Costura\"><br \/>\n<img loading=\"lazy\" class=\"v-a-img\" src=\"http:\/\/hoycordobaweb.com\/wp-content\/uploads\/2025\/10\/victorias-secret-resurge-en-nueva-york-con-adriana-lima-y-alessandra-ambrosio-el-ritmo-latino-de-karol-g-y-la-nueva-era-de-la-inclusion-18.jpg\" alt=\"Los mejores desfiles de la Semana de la Moda de Par\u00eds: Herm\u00e8s reinventa la elegancia ecuestre y Balenciaga se inspira en la Alta Costura\"><br \/>\n<\/a><br \/>\n<\/figure>\n<\/div>\n<\/article>\n<\/div>\n<div class=\"v-g__c \">\n<article class=\"v-a v-a--cmp-rld v-a--cmp-rld-2 v-a--p-l\">\n<div class=\"v-a-img-c\">\n<figure class=\"v-a-fig\">\n<a href=\"https:\/\/www.mujerhoy.com\/moda\/no-te-pierdas\/vive-semana-moda-nueva-york-dentro-influencer-blanca-arimany-experiencia-20250924124029-nt.html#vtm_modulosEngag=mod-rel:moda:noticia:2:cmp:2-not\" class=\"v-a-link\" title=\"As\u00ed se vive la Semana de la Moda de Nueva York desde dentro: la influencer Blanca Armany nos cuenta todos los detalles\"><br \/>\n<img loading=\"lazy\" class=\"v-a-img\" src=\"http:\/\/hoycordobaweb.com\/wp-content\/uploads\/2025\/10\/victorias-secret-resurge-en-nueva-york-con-adriana-lima-y-alessandra-ambrosio-el-ritmo-latino-de-karol-g-y-la-nueva-era-de-la-inclusion-19.jpg\" alt=\"As\u00ed se vive la Semana de la Moda de Nueva York desde dentro: la influencer Blanca Armany nos cuenta todos los detalles\"><br \/>\n<\/a><br \/>\n<\/figure>\n<\/div>\n<\/article>\n<\/div>\n<\/div>\n<\/div>\n<\/div>\n<div class=\"media_block\"><\/div>\n","protected":false},"excerpt":{"rendered":"<p>Diego Rueda Publicado \u00b7 16 de octubre de 2025, 09:32 h Nueva York vuelve a te\u00f1irse de rosa para dar paso a los \u00e1ngeles con los que so\u00f1amos cada a\u00f1o. Tras un largo descanso desde 2018, el a\u00f1o pasado las alas m\u00e1s famosas del mundo regresaron a la pasarela, conjugadas con la lencer\u00eda m\u00e1s ic\u00f3nica. [&hellip;]<\/p>\n","protected":false},"author":1,"featured_media":119447,"comment_status":"closed","ping_status":"closed","sticky":false,"template":"","format":"standard","meta":[],"categories":[],"tags":[],"_links":{"self":[{"href":"http:\/\/hoycordobaweb.com\/index.php\/wp-json\/wp\/v2\/posts\/119446"}],"collection":[{"href":"http:\/\/hoycordobaweb.com\/index.php\/wp-json\/wp\/v2\/posts"}],"about":[{"href":"http:\/\/hoycordobaweb.com\/index.php\/wp-json\/wp\/v2\/types\/post"}],"author":[{"embeddable":true,"href":"http:\/\/hoycordobaweb.com\/index.php\/wp-json\/wp\/v2\/users\/1"}],"replies":[{"embeddable":true,"href":"http:\/\/hoycordobaweb.com\/index.php\/wp-json\/wp\/v2\/comments?post=119446"}],"version-history":[{"count":0,"href":"http:\/\/hoycordobaweb.com\/index.php\/wp-json\/wp\/v2\/posts\/119446\/revisions"}],"wp:featuredmedia":[{"embeddable":true,"href":"http:\/\/hoycordobaweb.com\/index.php\/wp-json\/wp\/v2\/media\/119447"}],"wp:attachment":[{"href":"http:\/\/hoycordobaweb.com\/index.php\/wp-json\/wp\/v2\/media?parent=119446"}],"wp:term":[{"taxonomy":"category","embeddable":true,"href":"http:\/\/hoycordobaweb.com\/index.php\/wp-json\/wp\/v2\/categories?post=119446"},{"taxonomy":"post_tag","embeddable":true,"href":"http:\/\/hoycordobaweb.com\/index.php\/wp-json\/wp\/v2\/tags?post=119446"}],"curies":[{"name":"wp","href":"https:\/\/api.w.org\/{rel}","templated":true}]}}