{"id":119026,"date":"2025-10-05T01:45:27","date_gmt":"2025-10-05T01:45:27","guid":{"rendered":"https:\/\/www.ole.com.ar\/futbol-internacional\/america\/primer-triunfo-ramon-diaz-inter-porto-alegre_0_MVN6rbuKw1.html"},"modified":"2025-10-05T01:45:27","modified_gmt":"2025-10-05T01:45:27","slug":"primer-triunfo-de-ramon-diaz-en-inter-de-porto-alegre","status":"publish","type":"post","link":"http:\/\/hoycordobaweb.com\/index.php\/2025\/10\/05\/primer-triunfo-de-ramon-diaz-en-inter-de-porto-alegre\/","title":{"rendered":"Primer triunfo de Ram\u00f3n D\u00edaz en Inter de Porto Alegre"},"content":{"rendered":"<p><img src=\"http:\/\/hoycordobaweb.com\/wp-content\/uploads\/2025\/10\/primer-triunfo-de-ramon-diaz-en-inter-de-porto-alegre.jpg\"><\/p>\n<p><time class=\"createDate\" datetime=\"2025-10-04T22:45:27-03:00\">04\/10\/2025 22:45hs.<\/time><\/p>\n<div id=\"storyBody\">\n<div class=\"custom-text \" readability=\"28.28488372093\">\n<p>Tras dos empates, <a href=\"https:\/\/www.ole.com.ar\/tema\/ramon-diaz.html\" title=\"Ram\u00f3n D\u00edaz\" alt=\"Ram\u00f3n D\u00edaz\" class=\"slug\">Ram\u00f3n D\u00edaz<\/a> lleg\u00f3 a su primer triunfo con el <a href=\"https:\/\/www.ole.com.ar\/tema\/inter-de-porto-alegre.html\" title=\"Inter de Porto Alegre\" alt=\"Inter de Porto Alegre\" class=\"slug\">Inter de Porto Alegre<\/a> este s\u00e1bado: <strong>fue un 2-0 a Botafogo en el Beira-Rio, por la fecha 27 del Brasileirao. <\/strong><\/p>\n<\/div>\n<div class=\"custom-text \" readability=\"38\">\n<p>Los goles de la victoria fueron obra de Alan Patrick (9&#8242;) y Vitinho (50&#8242;), este \u00faltimo con una gran asistencia de Johan Carbonero, ex Racing. Con estos tres puntos, <strong>el Colorado se meti\u00f3 en puestos de Sudamericana 2026, al quedar 12\u00b0 en la tabla del torneo local con 32 unidades. <\/strong><\/p>\n<\/div>\n<div class=\"custom-text \" readability=\"43\">\n<p>\u00abFelicitaciones a los jugadores, porque en un momento tan delicado, tan complicado y dif\u00edcil, supieron mostrar su temperamento, su calidad, su t\u00e1ctica. <strong>As\u00ed que estamos contentos por eso, y tambi\u00e9n por toda la afici\u00f3n que nos sigui\u00f3\u00bb, <\/strong>dijo el Pelado tras la victoria, en la que adem\u00e1s se cort\u00f3 una racha negativa del Inter: es la primera vez que no recibe un gol despu\u00e9s de 15 partidos consecutivos.<\/p>\n<\/div>\n<div class=\"custom-text \" readability=\"38\">\n<p>Mientras que su hijo Emiliano, asistente de \u00e9l, consultado por la suplencia de Rafael Santos Borr\u00e9, habitual titular, destac\u00f3 que van adapt\u00e1ndose en funci\u00f3n de los jugadores que tienen disponibles para cada encuentro y de lo que creen que requiere el partido.<\/p>\n<\/div>\n<div class=\"custom-text \" readability=\"39\">\n<p>\u00abEs un jugador internacional. Hemos intentado incorporarlo a todos los equipos en los que hemos estado. A veces, los goleadores pasan por fases. <strong>Rafa puede jugar por dentro o por fuera. El partido lo requer\u00eda y funcion\u00f3. Creemos mucho en su calidad. <\/strong>Cuando los goleadores no marcan, su \u00e1nimo decae un poco. Cuando lo hacen, mejoran mucho. Tenemos mucha confianza en \u00e9l. <strong>Somos un cuerpo t\u00e9cnico que siempre se adapta a lo que hay. Tenemos un sistema fijo. Pero a menudo, nos adaptamos a lo que hay\u00bb.<\/strong><\/p>\n<\/div>\n<div class=\"custom-text \" readability=\"39\">\n<p>Ahora, el Brasileirao tendr\u00e1 una pausa por la Fecha FIFA, por lo que Inter no volver\u00e1 a jugar hasta el mi\u00e9rcoles 15 de agosto, frente al ascendido Mirassol, equipo sensaci\u00f3n de este campeonato (est\u00e1 quinto con 43 unidades), desde las 20:00 en el Estadio Maiao.<\/p>\n<\/div>\n<div class=\"sc-e7b891c4-0 ifHnQL image-embed\"><img alt=\"Ram\u00f3n D\u00edaz, en Inter de Porto Alegre. (Foto: REUTERS\/Diego Vara)\" loading=\"lazy\" width=\"1290\" height=\"760\" decoding=\"async\" data-nimg=\"1\" src=\"http:\/\/hoycordobaweb.com\/wp-content\/uploads\/2025\/10\/primer-triunfo-de-ramon-diaz-en-inter-de-porto-alegre-2.jpg\"><span class=\"epigraphe\">Ram\u00f3n D\u00edaz, en Inter de Porto Alegre. (Foto: REUTERS\/Diego Vara)<\/span><\/div>\n<p><h2><strong>Los goles de la victoria ante Botafogo<\/strong><\/h2>\n<\/p>\n<div class=\"sc-a7166897-0 eoLsBE\" readability=\"6.5\">\n<section readability=\"3\"><picture><img alt=\"Cu\u00e1ndo y contra qui\u00e9n podr\u00eda jugar Argentina los octavos de final del Mundial Sub 20\" loading=\"lazy\" width=\"290\" height=\"290\" decoding=\"async\" data-nimg=\"1\" src=\"http:\/\/hoycordobaweb.com\/wp-content\/uploads\/2025\/10\/primer-triunfo-de-ramon-diaz-en-inter-de-porto-alegre-3.jpg\"><\/picture>\n<p><span>Mir\u00e1 tambi\u00e9n<\/span><\/p>\n<hr>\n<h3>Cu\u00e1ndo y contra qui\u00e9n podr\u00eda jugar Argentina los octavos de final del Mundial Sub 20<\/h3>\n<\/p>\n<\/section>\n<\/div>\n<div class=\"sc-a7166897-0 eoLsBE\" readability=\"6.5\">\n<section readability=\"3\"><picture><img alt=\"Mundial Sub 20: resultados, posiciones de los grupos y clasificados a octavos\" loading=\"lazy\" width=\"290\" height=\"290\" decoding=\"async\" data-nimg=\"1\" src=\"http:\/\/hoycordobaweb.com\/wp-content\/uploads\/2025\/10\/primer-triunfo-de-ramon-diaz-en-inter-de-porto-alegre-4.jpg\"><\/picture>\n<p><span>Mir\u00e1 tambi\u00e9n<\/span><\/p>\n<hr>\n<h3>Mundial Sub 20: resultados, posiciones de los grupos y clasificados a octavos<\/h3>\n<\/p>\n<\/section>\n<\/div>\n<div class=\"sc-a7166897-0 eoLsBE\" readability=\"6\">\n<section readability=\"2\"><picture><img alt=\"Video: el golazo de Dylan Gorosito a Italia en el Mundial Sub 20\" loading=\"lazy\" width=\"290\" height=\"290\" decoding=\"async\" data-nimg=\"1\" src=\"http:\/\/hoycordobaweb.com\/wp-content\/uploads\/2025\/10\/primer-triunfo-de-ramon-diaz-en-inter-de-porto-alegre-5.jpg\"><\/picture>\n<p><span>Mir\u00e1 tambi\u00e9n<\/span><\/p>\n<hr>\n<h3>Video: el golazo de Dylan Gorosito a Italia en el Mundial Sub 20<\/h3>\n<\/p>\n<\/section>\n<\/div>\n<\/div>\n","protected":false},"excerpt":{"rendered":"<p>04\/10\/2025 22:45hs. Tras dos empates, Ram\u00f3n D\u00edaz lleg\u00f3 a su primer triunfo con el Inter de Porto Alegre este s\u00e1bado: fue un 2-0 a Botafogo en el Beira-Rio, por la fecha 27 del Brasileirao. Los goles de la victoria fueron obra de Alan Patrick (9&#8242;) y Vitinho (50&#8242;), este \u00faltimo con una gran asistencia de [&hellip;]<\/p>\n","protected":false},"author":1,"featured_media":119027,"comment_status":"open","ping_status":"closed","sticky":false,"template":"","format":"standard","meta":[],"categories":[16],"tags":[],"_links":{"self":[{"href":"http:\/\/hoycordobaweb.com\/index.php\/wp-json\/wp\/v2\/posts\/119026"}],"collection":[{"href":"http:\/\/hoycordobaweb.com\/index.php\/wp-json\/wp\/v2\/posts"}],"about":[{"href":"http:\/\/hoycordobaweb.com\/index.php\/wp-json\/wp\/v2\/types\/post"}],"author":[{"embeddable":true,"href":"http:\/\/hoycordobaweb.com\/index.php\/wp-json\/wp\/v2\/users\/1"}],"replies":[{"embeddable":true,"href":"http:\/\/hoycordobaweb.com\/index.php\/wp-json\/wp\/v2\/comments?post=119026"}],"version-history":[{"count":0,"href":"http:\/\/hoycordobaweb.com\/index.php\/wp-json\/wp\/v2\/posts\/119026\/revisions"}],"wp:featuredmedia":[{"embeddable":true,"href":"http:\/\/hoycordobaweb.com\/index.php\/wp-json\/wp\/v2\/media\/119027"}],"wp:attachment":[{"href":"http:\/\/hoycordobaweb.com\/index.php\/wp-json\/wp\/v2\/media?parent=119026"}],"wp:term":[{"taxonomy":"category","embeddable":true,"href":"http:\/\/hoycordobaweb.com\/index.php\/wp-json\/wp\/v2\/categories?post=119026"},{"taxonomy":"post_tag","embeddable":true,"href":"http:\/\/hoycordobaweb.com\/index.php\/wp-json\/wp\/v2\/tags?post=119026"}],"curies":[{"name":"wp","href":"https:\/\/api.w.org\/{rel}","templated":true}]}}