{"id":118936,"date":"2025-10-04T13:49:10","date_gmt":"2025-10-04T13:49:10","guid":{"rendered":"https:\/\/www.mujerhoy.com\/moda\/no-te-pierdas\/accesorio-repetido-invitadas-abanicos-boda-barbara-mirjan-20251004154601-nt.html"},"modified":"2025-10-04T13:49:10","modified_gmt":"2025-10-04T13:49:10","slug":"el-accesorio-mas-repetido-por-las-invitadas-en-la-boda-de-barbara-mirjan","status":"publish","type":"post","link":"http:\/\/hoycordobaweb.com\/index.php\/2025\/10\/04\/el-accesorio-mas-repetido-por-las-invitadas-en-la-boda-de-barbara-mirjan\/","title":{"rendered":"El accesorio m\u00e1s repetido por las invitadas en la boda de B\u00e1rbara Mirjan"},"content":{"rendered":"<p><!-- AUTHOR --><\/p>\n<div class=\"voc-author-timesocial \">\n<!-- AUTHOR --><\/p>\n<div class=\"voc-author-timesocial__signature \">\n<!-- IMAGE AUTHOR -->\n<picture class=\"voc-image-signature\">\n<img class=\"voc-image-signature__img\" src=\"http:\/\/hoycordobaweb.com\/wp-content\/uploads\/2025\/10\/el-accesorio-mas-repetido-por-las-invitadas-en-la-boda-de-barbara-mirjan.jpg\" alt=\"Carla Dom\u00ednguez\">\n<\/picture>\n<!-- INFO AUTHOR --> <\/div><\/div>\n<p><!-- COMPONENTS --><\/p>\n<p class=\"voc-paragraph\">Hay bodas que marcan tendencia por un vestido, un peinado o una joya especial. Pero en el enlace de <a href=\"https:\/\/www.mujerhoy.com\/celebrities\/realeza\/boda-cayetano-martinez-irujo-barbara-mirjan-cuando-donde-20250319095558-nt.html\" data-voc-vtm-id=\"in-text-traffic\" title=\"Cayetano Mart\u00ednez de Irujo y B\u00e1rbara Mirjan\" data-mrf-link=\"www.mujerhoy.com\">Cayetano Mart\u00ednez de Irujo y B\u00e1rbara Mirjan<\/a>, la sorpresa lleg\u00f3 de la forma m\u00e1s inesperada: con un peque\u00f1o detalle que, sin buscarlo, acapar\u00f3 buena parte de las miradas y se convirti\u00f3 en protagonista silencioso del d\u00eda.<\/p>\n<p class=\"voc-paragraph\">Mientras <strong>la novia deslumbraba con un vestido de la firma Navascu\u00e9s<\/strong> de silueta rom\u00e1ntica y un velo de tul de seda natural, entre los invitados se repet\u00eda un elemento com\u00fan que llen\u00f3 las fotograf\u00edas de armon\u00eda. Un gesto sencillo, pero cargado de estilo, que reflejaba el cuidado con el que se hab\u00eda preparado cada aspecto de la ceremonia<\/p>\n<div class=\"v-c-cmp v-c-cmp--t1 \">\n<div class=\"v-cmp-rld v-cmp-rld--2 \">\n<div class=\"v-cnt-m v-cnt-m--m\">\n<div class=\"v-cnt-m__c\">\n<div class=\"v-cnt-m__w v-cnt-m__w--1\">\n<p class=\"v-cnt-m__t\">\nTAMBI\u00c9N TE INTERESA\n<\/p>\n<\/div>\n<\/div>\n<\/div>\n<div class=\"v-g v-g--2-c v-g--bdr-min-xs\">\n<div class=\"v-g__c \">\n<article class=\"v-a v-a--cmp-rld v-a--cmp-rld-2 v-a--p-l\">\n<div class=\"v-a-img-c\">\n<figure class=\"v-a-fig\">\n<a href=\"https:\/\/www.mujerhoy.com\/moda\/no-te-pierdas\/mejores-looks-invitadas-boda-cayetano-irujo-barbara-mirjan-sofia-palazuelo-20251004140255-nt.html#vtm_modulosEngag=mod-rel:moda:noticia:1:cmp:2-not\" class=\"v-a-link\" title=\"De Sof\u00eda Palazuelo a Olivia de Borb\u00f3n: los mejores looks de las invitadas a la boda de Cayetano Mart\u00ednez de Irujo y B\u00e1rbara Mirjan\"><br \/>\n<img loading=\"lazy\" class=\"v-a-img\" src=\"http:\/\/hoycordobaweb.com\/wp-content\/uploads\/2025\/10\/el-accesorio-mas-repetido-por-las-invitadas-en-la-boda-de-barbara-mirjan-1.jpg\" alt=\"De Sof\u00eda Palazuelo a Olivia de Borb\u00f3n: los mejores looks de las invitadas a la boda de Cayetano Mart\u00ednez de Irujo y B\u00e1rbara Mirjan\"><br \/>\n<\/a><br \/>\n<\/figure>\n<\/div>\n<\/article>\n<\/div>\n<div class=\"v-g__c \">\n<article class=\"v-a v-a--cmp-rld v-a--cmp-rld-2 v-a--p-l\">\n<div class=\"v-a-img-c\">\n<figure class=\"v-a-fig\">\n<a href=\"https:\/\/www.mujerhoy.com\/moda\/novias\/vestido-novia-barbara-mirjan-detalles-encaje-velo-dramatico-navascues-boda-cayetano-martinez-irujo-20251004145120-nt.html#vtm_modulosEngag=mod-rel:moda:noticia:2:cmp:2-not\" class=\"v-a-link\" title=\"El delicado vestido de novia de B\u00e1rbara Mirjan: con detalles de encaje bordado a mano y un dram\u00e1tico velo\"><br \/>\n<img loading=\"lazy\" class=\"v-a-img\" src=\"http:\/\/hoycordobaweb.com\/wp-content\/uploads\/2025\/10\/el-accesorio-mas-repetido-por-las-invitadas-en-la-boda-de-barbara-mirjan-2.jpg\" alt=\"El delicado vestido de novia de B\u00e1rbara Mirjan: con detalles de encaje bordado a mano y un dram\u00e1tico velo\"><br \/>\n<\/a><br \/>\n<\/figure>\n<\/div>\n<\/article>\n<\/div>\n<\/div>\n<\/div>\n<\/div>\n<p><h3 class=\"v-cmp-suh\">\nEl abanico, el accesorio que compartieron todas las invitadas a la boda de B\u00e1rbara Mirjan<br \/>\n<\/h3>\n<\/p>\n<p class=\"voc-paragraph\">Solo al observar con atenci\u00f3n las im\u00e1genes del enlace se descubre el secreto: <strong>un abanico de fibra natural,<\/strong> delicado y elegante, que se convirti\u00f3 en el accesorio m\u00e1s repetido entre las invitadas. Un obsequio pensado para ofrecer comodidad en una jornada soleada, pero que termin\u00f3 siendo el detalle m\u00e1s comentado del d\u00eda<\/p>\n<p class=\"voc-paragraph\">El dise\u00f1o, elaborado en <strong>materiales naturales y tonos neutros<\/strong>, encajaba con la est\u00e9tica del enlace: una celebraci\u00f3n sobria, luminosa y con toques de inspiraci\u00f3n artesanal. Antes de entrar a la iglesia, cada invitada recibi\u00f3 uno, y lo que parec\u00eda un gesto de cortes\u00eda se transform\u00f3 r\u00e1pidamente en una tendencia improvisada.<\/p>\n<p class=\"voc-paragraph\">Entre las asistentes, <strong>Bego\u00f1a Villac\u00eds<\/strong> fue una de las que supo incorporar el abanico a su look con naturalidad y elegancia. En sus manos \u2014y en las de muchas otras invitadas\u2014 <strong>este accesorio se convirti\u00f3 en un complemento m\u00e1s del estilismo<\/strong>, aportando un aire fresco y femenino que complet\u00f3 a la perfecci\u00f3n los conjuntos de ceremonia.<\/p>\n<div class=\"v-c-cmp \">\n<div class=\"v-cmp-m v-cmp-m--t1\">\n<article class=\"v-a v-a--cmp-m v-c-cmp--m-p\">\n<div class=\"v-a-img-c v-a-img-c--fw-xs\">\n<div class=\"v-a-fig\">\n<div class=\"v-a-link\">\n<img loading=\"lazy\" src=\"http:\/\/hoycordobaweb.com\/wp-content\/uploads\/2025\/10\/el-accesorio-mas-repetido-por-las-invitadas-en-la-boda-de-barbara-mirjan-3.jpg\" class=\"v-a-img\" width=\"650\" height=\"975\" alt=\"Bego\u00f1a Villac\u00eds con abanico en la entrada a la iglesia.\" data-voc-vtm-id=\"in-text-traffic\">\n<\/div><figcaption class=\"v-fc\">\n<span class=\"v-fc__t\"><br \/>\nBego\u00f1a Villac\u00eds con abanico en la entrada a la iglesia.<br \/>\n<\/span><br \/>\n<span class=\"v-fc__p\"><br \/>\ngtres<br \/>\n<\/span><br \/>\n<\/figcaption><\/div>\n<\/div>\n<\/article>\n<\/div>\n<\/div>\n<p class=\"voc-paragraph\">Los abanicos no solo ayudan a crear <strong>un efecto relajado y natural en las bodas,<\/strong> sino que tambi\u00e9n se han convertido en un aliado perfecto para hacer frente al calor, especialmente en enlaces celebrados al aire libre o durante los meses m\u00e1s c\u00e1lidos. Adem\u00e1s de ser pr\u00e1cticos, <strong>aportan movimiento y un toque sofisticado<\/strong> que resulta muy fotog\u00e9nico.<\/p>\n<p class=\"voc-paragraph\">Este tipo de detalles pensados para las invitadas no solo aportan comodidad, sino que tambi\u00e9n a\u00f1aden <strong>un toque natural y desenfadado<\/strong> a los looks de boda, ayudando a crear un ambiente m\u00e1s arm\u00f3nico y est\u00e9tico. Son gestos que demuestran sensibilidad y gusto por los peque\u00f1os placeres, y que adem\u00e1s invitan a participar del esp\u00edritu del evento.<\/p>\n<div class=\"v-c-cmp \">\n<div class=\"v-cmp-m v-cmp-m--t1\">\n<article class=\"v-a v-a--cmp-m v-c-cmp--m-p\">\n<div class=\"v-a-img-c v-a-img-c--fw-xs\">\n<div class=\"v-a-fig\">\n<div class=\"v-a-link\">\n<img loading=\"lazy\" src=\"http:\/\/hoycordobaweb.com\/wp-content\/uploads\/2025\/10\/el-accesorio-mas-repetido-por-las-invitadas-en-la-boda-de-barbara-mirjan-4.jpg\" class=\"v-a-img\" width=\"650\" height=\"975\" alt=\"Invitadas a la boda de B\u00e1rbara Mirjan y Cayetano Mart\u00ednez de Irujo.\" data-voc-vtm-id=\"in-text-traffic\">\n<\/div><figcaption class=\"v-fc\">\n<span class=\"v-fc__t\"><br \/>\nInvitadas a la boda de B\u00e1rbara Mirjan y Cayetano Mart\u00ednez de Irujo.<br \/>\n<\/span><br \/>\n<span class=\"v-fc__p\"><br \/>\ngtres<br \/>\n<\/span><br \/>\n<\/figcaption><\/div>\n<\/div>\n<\/article>\n<\/div>\n<\/div>\n<p class=\"voc-paragraph\">Por eso, los abanicos de fibra natural que ha puesto en <strong>la boda B\u00e1rbara Mirjan<\/strong> se han convertido en una inspiraci\u00f3n para futuras celebraciones. Un ejemplo de c\u00f3mo un detalle sencillo puede transformarse en un s\u00edmbolo de estilo compartido, capaz de realzar tanto el ambiente como la elegancia de quienes lo llevan.<\/p>\n<p class=\"voc-paragraph\">Porque si algo demostr\u00f3 esta boda, es que los detalles m\u00e1s simples pueden convertirse en los m\u00e1s memorables. Y <strong>este peque\u00f1o accesorio,<\/strong> sin pretenderlo, ha marcado tendencia entre las invitadas m\u00e1s elegantes que han asistido a una de las bodas del a\u00f1o en la aristocracia espa\u00f1ola.<\/p>\n<div class=\"v-c-cmp v-c-cmp--t1 \">\n<div class=\"v-cmp-rld v-cmp-rld--2 \">\n<div class=\"v-cnt-m v-cnt-m--m\">\n<div class=\"v-cnt-m__c\">\n<div class=\"v-cnt-m__w v-cnt-m__w--1\">\n<p class=\"v-cnt-m__t\">\nTAMBI\u00c9N TE INTERESA\n<\/p>\n<\/div>\n<\/div>\n<\/div>\n<div class=\"v-g v-g--2-c v-g--bdr-min-xs\">\n<div class=\"v-g__c \">\n<article class=\"v-a v-a--cmp-rld v-a--cmp-rld-2 v-a--p-l\">\n<div class=\"v-a-img-c\">\n<figure class=\"v-a-fig\">\n<a href=\"https:\/\/www.mujerhoy.com\/moda\/no-te-pierdas\/look-amina-martinez-irujo-madrina-boda-cayetano-barbara-mirjan-20251004131351-nt.html#vtm_modulosEngag=mod-rel:moda:noticia:1:cmp:2-not\" class=\"v-a-link\" title=\"El look de Amina Mart\u00ednez de Irujo con chal fluido en azul: la madrina m\u00e1s estilosa en la boda de Cayetano\"><br \/>\n<img loading=\"lazy\" class=\"v-a-img\" src=\"http:\/\/hoycordobaweb.com\/wp-content\/uploads\/2025\/10\/el-accesorio-mas-repetido-por-las-invitadas-en-la-boda-de-barbara-mirjan-5.jpg\" alt=\"El look de Amina Mart\u00ednez de Irujo con chal fluido en azul: la madrina m\u00e1s estilosa en la boda de Cayetano\"><br \/>\n<\/a><br \/>\n<\/figure>\n<\/div>\n<\/article>\n<\/div>\n<div class=\"v-g__c \">\n<article class=\"v-a v-a--cmp-rld v-a--cmp-rld-2 v-a--p-l\">\n<div class=\"v-a-img-c\">\n<figure class=\"v-a-fig\">\n<a href=\"https:\/\/www.mujerhoy.com\/celebrities\/realeza\/quien-paga-boda-cayetano-martinez-irujo-barbara-mirjan-gastos-20251002104738-nt.html#vtm_modulosEngag=mod-rel:moda:noticia:2:cmp:2-not\" class=\"v-a-link\" title=\"\u00bfQui\u00e9n paga la boda de Cayetano Mart\u00ednez de Irujo y B\u00e1rbara Mirjan? Una factura que explica muchas cosas\"><br \/>\n<img loading=\"lazy\" class=\"v-a-img\" src=\"http:\/\/hoycordobaweb.com\/wp-content\/uploads\/2025\/10\/el-accesorio-mas-repetido-por-las-invitadas-en-la-boda-de-barbara-mirjan-6.jpg\" alt=\"\u00bfQui\u00e9n paga la boda de Cayetano Mart\u00ednez de Irujo y B\u00e1rbara Mirjan? Una factura que explica muchas cosas\"><br \/>\n<\/a><br \/>\n<\/figure>\n<\/div>\n<\/article>\n<\/div>\n<\/div>\n<\/div>\n<\/div>\n<div class=\"media_block\"><\/div>\n","protected":false},"excerpt":{"rendered":"<p>Hay bodas que marcan tendencia por un vestido, un peinado o una joya especial. Pero en el enlace de Cayetano Mart\u00ednez de Irujo y B\u00e1rbara Mirjan, la sorpresa lleg\u00f3 de la forma m\u00e1s inesperada: con un peque\u00f1o detalle que, sin buscarlo, acapar\u00f3 buena parte de las miradas y se convirti\u00f3 en protagonista silencioso del d\u00eda. [&hellip;]<\/p>\n","protected":false},"author":1,"featured_media":118937,"comment_status":"closed","ping_status":"closed","sticky":false,"template":"","format":"standard","meta":[],"categories":[],"tags":[],"_links":{"self":[{"href":"http:\/\/hoycordobaweb.com\/index.php\/wp-json\/wp\/v2\/posts\/118936"}],"collection":[{"href":"http:\/\/hoycordobaweb.com\/index.php\/wp-json\/wp\/v2\/posts"}],"about":[{"href":"http:\/\/hoycordobaweb.com\/index.php\/wp-json\/wp\/v2\/types\/post"}],"author":[{"embeddable":true,"href":"http:\/\/hoycordobaweb.com\/index.php\/wp-json\/wp\/v2\/users\/1"}],"replies":[{"embeddable":true,"href":"http:\/\/hoycordobaweb.com\/index.php\/wp-json\/wp\/v2\/comments?post=118936"}],"version-history":[{"count":0,"href":"http:\/\/hoycordobaweb.com\/index.php\/wp-json\/wp\/v2\/posts\/118936\/revisions"}],"wp:featuredmedia":[{"embeddable":true,"href":"http:\/\/hoycordobaweb.com\/index.php\/wp-json\/wp\/v2\/media\/118937"}],"wp:attachment":[{"href":"http:\/\/hoycordobaweb.com\/index.php\/wp-json\/wp\/v2\/media?parent=118936"}],"wp:term":[{"taxonomy":"category","embeddable":true,"href":"http:\/\/hoycordobaweb.com\/index.php\/wp-json\/wp\/v2\/categories?post=118936"},{"taxonomy":"post_tag","embeddable":true,"href":"http:\/\/hoycordobaweb.com\/index.php\/wp-json\/wp\/v2\/tags?post=118936"}],"curies":[{"name":"wp","href":"https:\/\/api.w.org\/{rel}","templated":true}]}}