{"id":118919,"date":"2025-10-03T16:03:45","date_gmt":"2025-10-03T16:03:45","guid":{"rendered":"https:\/\/ladecimaweb.com\/?p=33233"},"modified":"2025-10-03T16:03:45","modified_gmt":"2025-10-03T16:03:45","slug":"solidaridad-termina-en-tragedia-pastores-fueron-atacados-por-un-hombre-al-que-hospedaban","status":"publish","type":"post","link":"http:\/\/hoycordobaweb.com\/index.php\/2025\/10\/03\/solidaridad-termina-en-tragedia-pastores-fueron-atacados-por-un-hombre-al-que-hospedaban\/","title":{"rendered":"Solidaridad termina en tragedia: pastores fueron atacados por un hombre al que hospedaban"},"content":{"rendered":"<div class=\"boldgrid-section\">\n<div class=\"container\">\n<div class=\"row\">\n<div class=\"col-md-12 col-xs-12 col-sm-12\">\n<p class=\"\">Lo que comenz\u00f3 como un acto de solidaridad termin\u00f3 en un dram\u00e1tico episodio en C\u00f3rdoba capital cuando <strong>dos pastores resultaron heridos con arma blanca tras ser atacados por un hombre al que le hab\u00edan ofrecido alojamiento en su templo.<\/strong><\/p>\n<p class=\"\">El hecho se registr\u00f3 en un lugar de culto ubicado en calle Chenot y Av. Duarte Quir\u00f3s, <strong>en barrio Las Palmas. <\/strong><\/p>\n<p class=\"\">Seg\u00fan los primeros testimonios, al cumplirse el plazo de la estad\u00eda acordada, se produjo una discusi\u00f3n entre las partes que culmin\u00f3 con un ataque con arma blanca por parte del hu\u00e9sped.<\/p>\n<p class=\"\"><strong>Las v\u00edctimas, un hombre y una mujer, sufrieron heridas en el cuello y fueron hospitalizadas<\/strong>. La polic\u00eda ya investiga el caso para determinar las responsabilidades y el contexto del ataque.<\/p>\n<p class=\"\">&nbsp;<\/p>\n<p class=\"\">\n<div class=\"ubm_banner\"><a href=\"https:\/\/cordoba.gob.ar\/hasta-el-ultimo-dia-de-octubre-la-municipalidad-ofrece-un-plan-para-ponerse-al-dia-con-las-contribuciones\/\" target=\"_blank\" rel=\"dofollow noopener noreferrer\"><img src=\"http:\/\/hoycordobaweb.com\/wp-content\/uploads\/2025\/10\/solidaridad-termina-en-tragedia-pastores-fueron-atacados-por-un-hombre-al-que-hospedaban.gif\" alt=\"\"><\/a><\/div>\n<p>&nbsp;<\/p>\n<p>&nbsp;<\/p>\n<\/div>\n<\/div>\n<\/div>\n<\/div>\n<p>La entrada <a rel=\"nofollow\" href=\"https:\/\/ladecimaweb.com\/solidaridad-termina-en-tragedia-pastores-fueron-atacados-por-un-hombre-a-quien-hospedaban\/\">Solidaridad termina en tragedia: pastores fueron atacados por un hombre al que hospedaban<\/a> se public\u00f3 primero en <a rel=\"nofollow\" href=\"https:\/\/ladecimaweb.com\">LaDecima<\/a>.<\/p>\n","protected":false},"excerpt":{"rendered":"<p>Lo que comenz\u00f3 como un acto de solidaridad termin\u00f3 en un dram\u00e1tico episodio en C\u00f3rdoba capital cuando dos pastores resultaron heridos con arma blanca tras ser atacados por un hombre al que le hab\u00edan ofrecido alojamiento en su templo. El hecho se registr\u00f3 en un lugar de culto ubicado en calle Chenot y Av. Duarte [&hellip;]<\/p>\n","protected":false},"author":1,"featured_media":0,"comment_status":"closed","ping_status":"closed","sticky":false,"template":"","format":"standard","meta":[],"categories":[32],"tags":[],"_links":{"self":[{"href":"http:\/\/hoycordobaweb.com\/index.php\/wp-json\/wp\/v2\/posts\/118919"}],"collection":[{"href":"http:\/\/hoycordobaweb.com\/index.php\/wp-json\/wp\/v2\/posts"}],"about":[{"href":"http:\/\/hoycordobaweb.com\/index.php\/wp-json\/wp\/v2\/types\/post"}],"author":[{"embeddable":true,"href":"http:\/\/hoycordobaweb.com\/index.php\/wp-json\/wp\/v2\/users\/1"}],"replies":[{"embeddable":true,"href":"http:\/\/hoycordobaweb.com\/index.php\/wp-json\/wp\/v2\/comments?post=118919"}],"version-history":[{"count":0,"href":"http:\/\/hoycordobaweb.com\/index.php\/wp-json\/wp\/v2\/posts\/118919\/revisions"}],"wp:attachment":[{"href":"http:\/\/hoycordobaweb.com\/index.php\/wp-json\/wp\/v2\/media?parent=118919"}],"wp:term":[{"taxonomy":"category","embeddable":true,"href":"http:\/\/hoycordobaweb.com\/index.php\/wp-json\/wp\/v2\/categories?post=118919"},{"taxonomy":"post_tag","embeddable":true,"href":"http:\/\/hoycordobaweb.com\/index.php\/wp-json\/wp\/v2\/tags?post=118919"}],"curies":[{"name":"wp","href":"https:\/\/api.w.org\/{rel}","templated":true}]}}