{"id":118736,"date":"2025-10-02T16:52:19","date_gmt":"2025-10-02T16:52:19","guid":{"rendered":"https:\/\/www.mujerhoy.com\/moda\/no-te-pierdas\/chaqueta-tendencia-bomber-entretiempo-made-in-spain-bimani-20251002163251-nt.html"},"modified":"2025-10-02T16:52:19","modified_gmt":"2025-10-02T16:52:19","slug":"esta-es-la-chaqueta-tendencia-de-entretiempo-que-vas-a-llevar-en-tus-looks-de-diario-y-en-las-citas-mas-elegantes","status":"publish","type":"post","link":"http:\/\/hoycordobaweb.com\/index.php\/2025\/10\/02\/esta-es-la-chaqueta-tendencia-de-entretiempo-que-vas-a-llevar-en-tus-looks-de-diario-y-en-las-citas-mas-elegantes\/","title":{"rendered":"Esta es la chaqueta tendencia de entretiempo que vas a llevar en tus looks de diario y en las citas m\u00e1s elegantes"},"content":{"rendered":"<p><!-- AUTHOR --><\/p>\n<div class=\"voc-author-timesocial \">\n<!-- AUTHOR --><\/p>\n<div class=\"voc-author-timesocial__signature \">\n<!-- IMAGE AUTHOR -->\n<picture class=\"voc-image-signature\">\n<img class=\"voc-image-signature__img\" src=\"http:\/\/hoycordobaweb.com\/wp-content\/uploads\/2025\/10\/esta-es-la-chaqueta-tendencia-de-entretiempo-que-vas-a-llevar-en-tus-looks-de-diario-y-en-las-citas-mas-elegantes.jpg\" alt=\"Elena Romero Vargas\">\n<\/picture>\n<!-- INFO AUTHOR --> <\/div><\/div>\n<p><!-- COMPONENTS --><\/p>\n<p class=\"voc-paragraph\">Entre las <a href=\"https:\/\/www.mujerhoy.com\/moda\/tendencias\/chaquetas-entretiempo-modelos-bonitos-otono-rebajas-nueva-temporada-20250715101617-nt.html\" data-voc-vtm-id=\"in-text-traffic\" title=\"chaquetas de entretiempo\" data-mrf-link=\"www.mujerhoy.com\">chaquetas de entretiempo<\/a> que m\u00e1s se llevan este oto\u00f1o, <strong>las bombers<\/strong> se han ganado un lugar especial. Atr\u00e1s qued\u00f3 la idea de que estas chaquetas eran solo para looks informales o estilismos de un tinte m\u00e1s sport, pues, si algo hemos aprendido las \u00faltimas temporadas, es que tienen mucho potencial para elevar un <a href=\"https:\/\/www.mujerhoy.com\/moda\/no-te-pierdas\/bombers-estilosas-elegantes-completar-looks-entretiempo-20250913001711-nt.html\" data-voc-vtm-id=\"in-text-traffic\" title=\"outfit pensado para ocasiones m\u00e1s especiales\" data-mrf-link=\"www.mujerhoy.com\">outfit pensado para ocasiones m\u00e1s especiales<\/a>.<\/p>\n<p class=\"voc-paragraph\">Gracias a su popularidad, es posible encontrar en tus tiendas de confianza una chaqueta bomber que <strong>encaje a la perfecci\u00f3n con tu estilo<\/strong>. Si eres de las que prefieren apostar por un b\u00e1sico que te acompa\u00f1e durante varias temporadas, las <a href=\"https:\/\/www.mujerhoy.com\/moda\/tendencias\/chaqueta-bomber-ante-piel-barata-tendencia-otono-2025-20250904090336-nt.html\" data-voc-vtm-id=\"in-text-traffic\" title=\"bombers efecto piel \" data-mrf-link=\"www.mujerhoy.com\">bombers efecto piel <\/a>son la mejor opci\u00f3n. Si prefieres aprovechar esta compra para fusionar dos de las tendencias del momento, sin duda, necesitas una en tejido de ante.<\/p>\n<div class=\"v-c-cmp v-c-cmp--t1 \">\n<div class=\"v-cmp-rld v-cmp-rld--2 \">\n<div class=\"v-cnt-m v-cnt-m--m\">\n<div class=\"v-cnt-m__c\">\n<div class=\"v-cnt-m__w v-cnt-m__w--1\">\n<p class=\"v-cnt-m__t\">\nTAMBI\u00c9N TE INTERESA\n<\/p>\n<\/div>\n<\/div>\n<\/div>\n<div class=\"v-g v-g--2-c v-g--bdr-min-xs\">\n<div class=\"v-g__c \">\n<article class=\"v-a v-a--cmp-rld v-a--cmp-rld-2 v-a--p-l\">\n<div class=\"v-a-img-c\">\n<figure class=\"v-a-fig\">\n<a href=\"https:\/\/www.mujerhoy.com\/moda\/no-te-pierdas\/bombers-mujer-chicas-bajitas-20250926121300-nt.html#vtm_modulosEngag=mod-rel:moda:noticia:1:cmp:2-not\" class=\"v-a-link\" title=\"Estas bombers son un sue\u00f1o: perfectas para chicas bajitas\"><br \/>\n<img loading=\"lazy\" class=\"v-a-img\" src=\"http:\/\/hoycordobaweb.com\/wp-content\/uploads\/2025\/10\/esta-es-la-chaqueta-tendencia-de-entretiempo-que-vas-a-llevar-en-tus-looks-de-diario-y-en-las-citas-mas-elegantes-1.jpg\" alt=\"Estas bombers son un sue\u00f1o: perfectas para chicas bajitas\"><br \/>\n<\/a><br \/>\n<\/figure>\n<\/div>\n<\/article>\n<\/div>\n<div class=\"v-g__c \">\n<article class=\"v-a v-a--cmp-rld v-a--cmp-rld-2 v-a--p-l\">\n<div class=\"v-a-img-c\">\n<figure class=\"v-a-fig\">\n<a href=\"https:\/\/www.mujerhoy.com\/moda\/no-te-pierdas\/chaqueta-entretiempo-favorita-bomber-looks-ideas-street-style-20250916191627-nt.html#vtm_modulosEngag=mod-rel:moda:noticia:2:cmp:2-not\" class=\"v-a-link\" title=\"Confirmado, la chaqueta de entretiempo favorita es la bomber: los looks de la Fashion Week de Nueva York que lo confirman\"><br \/>\n<img loading=\"lazy\" class=\"v-a-img\" src=\"http:\/\/hoycordobaweb.com\/wp-content\/uploads\/2025\/10\/esta-es-la-chaqueta-tendencia-de-entretiempo-que-vas-a-llevar-en-tus-looks-de-diario-y-en-las-citas-mas-elegantes-2.jpg\" alt=\"Confirmado, la chaqueta de entretiempo favorita es la bomber: los looks de la Fashion Week de Nueva York que lo confirman\"><br \/>\n<\/a><br \/>\n<\/figure>\n<\/div>\n<\/article>\n<\/div>\n<\/div>\n<\/div>\n<\/div>\n<p class=\"voc-paragraph\">En el caso de buscar una chaqueta bomber todoterreno y perfecta para entretiempo, <strong>las de punto<\/strong> son las mejores. Y hemos encontrado el modelo ideal para llevar todos los d\u00edas de oto\u00f1o y desprender ese aire effortless chic que tan bien sienta en la marca espa\u00f1ola <strong>Bimani<\/strong>. Si hay algo que caracterice a esta firma son sus prendas vers\u00e1tiles y tremendamente elegantes que puedes llevar tanto en un look de oficina como en una cena con amigas, manteniendo siempre una esencia femenina y \u00fanica que no puede ser m\u00e1s especial.<\/p>\n<div class=\"v-c-cmp v-c-cmp--s\">\n<div class=\"v-cmp-m \">\n<article class=\"v-a v-a--cmp-m v-c-cmp--m-z\">\n<div class=\"v-a-img-c \">\n<div class=\"v-a-fig\">\n<button class=\"v-a-link\" popovertarget=\"photo-76\"><br \/>\n<img loading=\"lazy\" src=\"http:\/\/hoycordobaweb.com\/wp-content\/uploads\/2025\/10\/esta-es-la-chaqueta-tendencia-de-entretiempo-que-vas-a-llevar-en-tus-looks-de-diario-y-en-las-citas-mas-elegantes-3.jpg\" class=\"v-a-img\" width=\"650\" height=\"650\" alt=\"Bomber Memphis (175\u20ac)\" data-voc-vtm-id=\"in-text-traffic\"> <\/button><figcaption class=\"v-fc\">\n<span class=\"v-fc__t\"><br \/>\nBomber Memphis (175\u20ac)<br \/>\n<\/span><br \/>\n<span class=\"v-fc__p\"><br \/>\nBimani<br \/>\n<\/span><br \/>\n<\/figcaption><\/div>\n<\/div>\n<div id=\"photo-76\" popover class=\"v-mdl v-mdl--fw\">\n<button class=\"v-x\" popovertarget=\"photo-76\" popovertargetaction=\"hide\"><br \/>\n<span class=\"v-i\"><br \/>\n<svg width=\"24\" height=\"23.996\" viewBox=\"0 0 24 23.996\">\n<path data-name=\"Uni\u00f3n 29\" d=\"M12,14.03,2.031,24,0,21.963,9.968,12,0,2.033,2.031,0,12,9.966,21.969,0,24,2.033,14.032,12,24,21.963,21.969,24Z\" \/>\n<\/svg><br \/>\n<\/span><br \/>\n<\/button><\/p>\n<div class=\"v-mdl__c\">\n<div class=\"v-mdl__w\">\n<img loading=\"lazy\" src=\"http:\/\/hoycordobaweb.com\/wp-content\/uploads\/2025\/10\/esta-es-la-chaqueta-tendencia-de-entretiempo-que-vas-a-llevar-en-tus-looks-de-diario-y-en-las-citas-mas-elegantes-3.jpg\" class=\"v-mdl__img-z\" width=\"650\" height=\"650\" alt>\n<\/div>\n<\/div>\n<\/div>\n<p><span class=\"v-bdp\"><\/span><br \/>\n<\/article>\n<\/div>\n<\/div>\n<p class=\"voc-paragraph\">Esto es justo lo que refleja la <strong>Bomber Memphis<\/strong>, una de las piezas de su colecci\u00f3n oto\u00f1o-invierno en la que lo pr\u00e1ctico y lo sofisticado se dan la mano para conseguir una de esas chaquetas de fondo de armario a la que recurrir cada vez que tu look necesite un detalle especial. El detalle tendencia no lo lleva solo en la forma de la chaqueta, tambi\u00e9n destaca por su color khaki que no puede estar m\u00e1s de moda y que, adem\u00e1s, encaja a la perfecci\u00f3n con la est\u00e9tica de la temporada.<\/p>\n<p class=\"voc-paragraph\">Se trata de una chaqueta bomber con cuello mao, un detalle que favorece y estiliza much\u00edsimo. Sus mangas ligeramente abombadas encaja a la perfecci\u00f3n con el <strong>corte oversize<\/strong> de la prenda que le da un aire juvenil la integres en el estilismo que la quieras integrar.<\/p>\n<div class=\"v-c-cmp v-c-cmp--s\">\n<div class=\"v-cmp-m \">\n<article class=\"v-a v-a--cmp-m v-c-cmp--m-z\">\n<div class=\"v-a-img-c \">\n<div class=\"v-a-fig\">\n<button class=\"v-a-link\" popovertarget=\"photo-852\"><br \/>\n<img loading=\"lazy\" src=\"http:\/\/hoycordobaweb.com\/wp-content\/uploads\/2025\/10\/esta-es-la-chaqueta-tendencia-de-entretiempo-que-vas-a-llevar-en-tus-looks-de-diario-y-en-las-citas-mas-elegantes-4.jpg\" class=\"v-a-img\" width=\"650\" height=\"650\" alt=\"Bomber Memphis (175\u20ac)\" data-voc-vtm-id=\"in-text-traffic\"> <\/button><figcaption class=\"v-fc\">\n<span class=\"v-fc__t\"><br \/>\nBomber Memphis (175\u20ac)<br \/>\n<\/span><br \/>\n<span class=\"v-fc__p\"><br \/>\nBimani<br \/>\n<\/span><br \/>\n<\/figcaption><\/div>\n<\/div>\n<div id=\"photo-852\" popover class=\"v-mdl v-mdl--fw\">\n<button class=\"v-x\" popovertarget=\"photo-852\" popovertargetaction=\"hide\"><br \/>\n<span class=\"v-i\"><br \/>\n<svg width=\"24\" height=\"23.996\" viewBox=\"0 0 24 23.996\">\n<path data-name=\"Uni\u00f3n 29\" d=\"M12,14.03,2.031,24,0,21.963,9.968,12,0,2.033,2.031,0,12,9.966,21.969,0,24,2.033,14.032,12,24,21.963,21.969,24Z\" \/>\n<\/svg><br \/>\n<\/span><br \/>\n<\/button><\/p>\n<div class=\"v-mdl__c\">\n<div class=\"v-mdl__w\">\n<img loading=\"lazy\" src=\"http:\/\/hoycordobaweb.com\/wp-content\/uploads\/2025\/10\/esta-es-la-chaqueta-tendencia-de-entretiempo-que-vas-a-llevar-en-tus-looks-de-diario-y-en-las-citas-mas-elegantes-4.jpg\" class=\"v-mdl__img-z\" width=\"650\" height=\"650\" alt>\n<\/div>\n<\/div>\n<\/div>\n<p><span class=\"v-bdp\"><\/span><br \/>\n<\/article>\n<\/div>\n<\/div>\n<p class=\"voc-paragraph\">El punto m\u00e1s original lo ponen los <strong>vivos en color negro<\/strong> que consiguen un contraste efectivo y de lo m\u00e1s favorecedor en la prenda. Lo mejor de todo es que, a pesar de lo curioso de este detalle, consigue un resultado de lo m\u00e1s arm\u00f3nico al encontrarse integrado en toda la pieza, tanto en la parte delantera (bolsillos incluidos) con en la parte de atr\u00e1s.<\/p>\n<div class=\"v-c-cmp\">\n<div class=\"v-cmp-cmb\">\n<figure class=\"v-cmp-cmb__fig\"><figcaption class=\"v-fc\">\n<span class=\"v-fc__t\"><br \/>\nBlusa Dennis (79\u20ac)\/Bot\u00edn Valentina Piel Marr\u00f3n (199\u20ac) Vaquero Milano (110\u20ac)<br \/>\n<\/span><br \/>\n<span class=\"v-fc__p\"><br \/>\nBimani<br \/>\n<\/span><br \/>\n<\/figcaption><\/figure>\n<\/div>\n<\/div>\n<div id=\"100\" popover class=\"v-mdl v-mdl--fw\">\n<button class=\"v-x\" popovertarget=\"100\" popovertargetaction=\"hide\"><br \/>\n<span class=\"v-i\"><br \/>\n<svg width=\"24\" height=\"23.996\" viewBox=\"0 0 24 23.996\">\n<path data-name=\"Uni\u00f3n 29\" d=\"M12,14.03,2.031,24,0,21.963,9.968,12,0,2.033,2.031,0,12,9.966,21.969,0,24,2.033,14.032,12,24,21.963,21.969,24Z\" \/>\n<\/svg><br \/>\n<\/span><br \/>\n<\/button><\/p>\n<div class=\"v-mdl__c\">\n<div class=\"v-mdl__w\">\n<img loading=\"lazy\" src=\"http:\/\/hoycordobaweb.com\/wp-content\/uploads\/2025\/10\/esta-es-la-chaqueta-tendencia-de-entretiempo-que-vas-a-llevar-en-tus-looks-de-diario-y-en-las-citas-mas-elegantes-5.jpg\" class=\"v-mdl__img-z\" width=\"624\" height=\"624\" alt=\"Imagen principal - Blusa Dennis (79\u20ac)\/Bot\u00edn Valentina Piel Marr\u00f3n (199\u20ac) Vaquero Milano (110\u20ac)\">\n<\/div>\n<\/div>\n<\/div>\n<p><span class=\"v-bdp\"><\/span><\/p>\n<div id=\"101\" popover class=\"v-mdl v-mdl--fw\">\n<button class=\"v-x\" popovertarget=\"101\" popovertargetaction=\"hide\"><br \/>\n<span class=\"v-i\"><br \/>\n<svg width=\"24\" height=\"23.996\" viewBox=\"0 0 24 23.996\">\n<path data-name=\"Uni\u00f3n 29\" d=\"M12,14.03,2.031,24,0,21.963,9.968,12,0,2.033,2.031,0,12,9.966,21.969,0,24,2.033,14.032,12,24,21.963,21.969,24Z\" \/>\n<\/svg><br \/>\n<\/span><br \/>\n<\/button><\/p>\n<div class=\"v-mdl__c\">\n<div class=\"v-mdl__w\">\n<img loading=\"lazy\" src=\"http:\/\/hoycordobaweb.com\/wp-content\/uploads\/2025\/10\/esta-es-la-chaqueta-tendencia-de-entretiempo-que-vas-a-llevar-en-tus-looks-de-diario-y-en-las-citas-mas-elegantes-6.jpg\" class=\"v-mdl__img-z\" width=\"363\" height=\"363\" alt=\"Imagen secundaria 1 - Blusa Dennis (79\u20ac)\/Bot\u00edn Valentina Piel Marr\u00f3n (199\u20ac) Vaquero Milano (110\u20ac)\">\n<\/div>\n<\/div>\n<\/div>\n<p><span class=\"v-bdp\"><\/span><\/p>\n<div id=\"102\" popover class=\"v-mdl v-mdl--fw\">\n<button class=\"v-x\" popovertarget=\"102\" popovertargetaction=\"hide\"><br \/>\n<span class=\"v-i\"><br \/>\n<svg width=\"24\" height=\"23.996\" viewBox=\"0 0 24 23.996\">\n<path data-name=\"Uni\u00f3n 29\" d=\"M12,14.03,2.031,24,0,21.963,9.968,12,0,2.033,2.031,0,12,9.966,21.969,0,24,2.033,14.032,12,24,21.963,21.969,24Z\" \/>\n<\/svg><br \/>\n<\/span><br \/>\n<\/button><\/p>\n<div class=\"v-mdl__c\">\n<div class=\"v-mdl__w\">\n<img loading=\"lazy\" src=\"http:\/\/hoycordobaweb.com\/wp-content\/uploads\/2025\/10\/esta-es-la-chaqueta-tendencia-de-entretiempo-que-vas-a-llevar-en-tus-looks-de-diario-y-en-las-citas-mas-elegantes-7.jpg\" class=\"v-mdl__img-z\" width=\"249\" height=\"363\" alt=\"Imagen secundaria 2 - Blusa Dennis (79\u20ac)\/Bot\u00edn Valentina Piel Marr\u00f3n (199\u20ac) Vaquero Milano (110\u20ac)\">\n<\/div>\n<\/div>\n<\/div>\n<p><span class=\"v-bdp\"><\/span><\/p>\n<p><h3 class=\"v-cmp-suh\">\nLucir la Bomber Memphis de Bimani este oto\u00f1o<br \/>\n<\/h3>\n<\/p>\n<p class=\"voc-paragraph\">Para sacarle el m\u00e1ximo partido a esta chaqueta durante el oto\u00f1o, te proponemos un <strong>look casual pero muy elegante<\/strong> con prendas de Bimani que se va a convertir en tu f\u00f3rmula favorita para los pr\u00f3ximos meses. La base, como no puede ser de otra forma, son unos <strong>vaqueros de corte ancho y tiro alto<\/strong> que sientan bien a todos los cuerpos y que, adem\u00e1s, destaca por su original estampado acorde de ese aire rejuvenecedor que desprende la propia bomber.<\/p>\n<p class=\"voc-paragraph\">Para seguir con b\u00e1sicos elegantes, la parte de arriba no puede ser otra que una <strong>blusa blanca<\/strong>, eso s\u00ed, con un punto rom\u00e1ntico y femenino que llene de personalidad el look. En este caso, hemos fichado un modelo de Bimani que puedes llevar tanto con escote de pico como con cuello redondo, pues adem\u00e1s de lo vers\u00e1til que resulta de por s\u00ed, tambi\u00e9n es reversible.<\/p>\n<p class=\"voc-paragraph\">Por \u00faltimo, completa el look con unos zapatos tendencia acorde a la sinton\u00eda del resto del estilismo y que te hagan ver c\u00f3moda y favorecida en tu d\u00eda a d\u00eda (o en eventos m\u00e1s especiales). En este caso, hemos escogido estos <strong>botines con un poco de tac\u00f3n<\/strong> y punta metalizada para elevar tu figura y potenciar a\u00fan m\u00e1s tu silueta y el resto de las prendas.<\/p>\n<div class=\"v-c-cmp v-c-cmp--t1 \">\n<div class=\"v-cmp-rld v-cmp-rld--2 \">\n<div class=\"v-cnt-m v-cnt-m--m\">\n<div class=\"v-cnt-m__c\">\n<div class=\"v-cnt-m__w v-cnt-m__w--1\">\n<p class=\"v-cnt-m__t\">\nNO TE PIERDAS\n<\/p>\n<\/div>\n<\/div>\n<\/div>\n<div class=\"v-g v-g--2-c v-g--bdr-min-xs\">\n<div class=\"v-g__c \">\n<article class=\"v-a v-a--cmp-rld v-a--cmp-rld-2 v-a--p-l\">\n<div class=\"v-a-img-c\">\n<figure class=\"v-a-fig\">\n<a href=\"https:\/\/www.mujerhoy.com\/moda\/tendencias\/cazadoras-bomber-favoritas-expertas-moda-mango-hym-20250106132243-nt.html#vtm_modulosEngag=mod-rel:moda:noticia:1:cmp:2-not\" class=\"v-a-link\" title=\"Estas son las cazadoras bomber&nbsp;que tienes que copiar a las it girls&nbsp;para vestir a la \u00faltima\"><br \/>\n<img loading=\"lazy\" class=\"v-a-img\" src=\"http:\/\/hoycordobaweb.com\/wp-content\/uploads\/2025\/10\/esta-es-la-chaqueta-tendencia-de-entretiempo-que-vas-a-llevar-en-tus-looks-de-diario-y-en-las-citas-mas-elegantes-8.jpg\" alt=\"Estas son las cazadoras bomber&nbsp;que tienes que copiar a las it girls&nbsp;para vestir a la \u00faltima\"><br \/>\n<\/a><br \/>\n<\/figure>\n<\/div>\n<\/article>\n<\/div>\n<div class=\"v-g__c \">\n<article class=\"v-a v-a--cmp-rld v-a--cmp-rld-2 v-a--p-l\">\n<div class=\"v-a-img-c\">\n<figure class=\"v-a-fig\">\n<a href=\"https:\/\/www.mujerhoy.com\/moda\/no-te-pierdas\/cazadoras-bomber-chaquetas-entretiempo-sfera-stradivarius-bershka-20250320133724-nt.html#vtm_modulosEngag=mod-rel:moda:noticia:2:cmp:2-not\" class=\"v-a-link\" title=\"Estas cazadoras bomber&nbsp;para entretiempo son las favoritas de las expertas para ir casual a diario\"><br \/>\n<img loading=\"lazy\" class=\"v-a-img\" src=\"http:\/\/hoycordobaweb.com\/wp-content\/uploads\/2025\/10\/esta-es-la-chaqueta-tendencia-de-entretiempo-que-vas-a-llevar-en-tus-looks-de-diario-y-en-las-citas-mas-elegantes-9.jpg\" alt=\"Estas cazadoras bomber&nbsp;para entretiempo son las favoritas de las expertas para ir casual a diario\"><br \/>\n<\/a><br \/>\n<\/figure>\n<\/div>\n<\/article>\n<\/div>\n<\/div>\n<\/div>\n<\/div>\n<div class=\"media_block\"><\/div>\n","protected":false},"excerpt":{"rendered":"<p>Entre las chaquetas de entretiempo que m\u00e1s se llevan este oto\u00f1o, las bombers se han ganado un lugar especial. Atr\u00e1s qued\u00f3 la idea de que estas chaquetas eran solo para looks informales o estilismos de un tinte m\u00e1s sport, pues, si algo hemos aprendido las \u00faltimas temporadas, es que tienen mucho potencial para elevar un [&hellip;]<\/p>\n","protected":false},"author":1,"featured_media":118737,"comment_status":"closed","ping_status":"closed","sticky":false,"template":"","format":"standard","meta":[],"categories":[],"tags":[],"_links":{"self":[{"href":"http:\/\/hoycordobaweb.com\/index.php\/wp-json\/wp\/v2\/posts\/118736"}],"collection":[{"href":"http:\/\/hoycordobaweb.com\/index.php\/wp-json\/wp\/v2\/posts"}],"about":[{"href":"http:\/\/hoycordobaweb.com\/index.php\/wp-json\/wp\/v2\/types\/post"}],"author":[{"embeddable":true,"href":"http:\/\/hoycordobaweb.com\/index.php\/wp-json\/wp\/v2\/users\/1"}],"replies":[{"embeddable":true,"href":"http:\/\/hoycordobaweb.com\/index.php\/wp-json\/wp\/v2\/comments?post=118736"}],"version-history":[{"count":0,"href":"http:\/\/hoycordobaweb.com\/index.php\/wp-json\/wp\/v2\/posts\/118736\/revisions"}],"wp:featuredmedia":[{"embeddable":true,"href":"http:\/\/hoycordobaweb.com\/index.php\/wp-json\/wp\/v2\/media\/118737"}],"wp:attachment":[{"href":"http:\/\/hoycordobaweb.com\/index.php\/wp-json\/wp\/v2\/media?parent=118736"}],"wp:term":[{"taxonomy":"category","embeddable":true,"href":"http:\/\/hoycordobaweb.com\/index.php\/wp-json\/wp\/v2\/categories?post=118736"},{"taxonomy":"post_tag","embeddable":true,"href":"http:\/\/hoycordobaweb.com\/index.php\/wp-json\/wp\/v2\/tags?post=118736"}],"curies":[{"name":"wp","href":"https:\/\/api.w.org\/{rel}","templated":true}]}}