{"id":118722,"date":"2025-10-02T02:13:18","date_gmt":"2025-10-02T02:13:18","guid":{"rendered":"https:\/\/www.ole.com.ar\/mundial-sub-20\/brasil-perdio-mundial-sub-20-quedo-cuerdas-define-espana-ultima-fecha_0_55LJyHllV2.html"},"modified":"2025-10-02T02:13:18","modified_gmt":"2025-10-02T02:13:18","slug":"brasil-perdio-en-el-mundial-sub-20-y-quedo-contra-las-cuerdas-define-ante-espana-en-la-ultima-fecha","status":"publish","type":"post","link":"http:\/\/hoycordobaweb.com\/index.php\/2025\/10\/02\/brasil-perdio-en-el-mundial-sub-20-y-quedo-contra-las-cuerdas-define-ante-espana-en-la-ultima-fecha\/","title":{"rendered":"Brasil perdi\u00f3 en el Mundial Sub 20 y qued\u00f3 contra las cuerdas: define ante Espa\u00f1a en la \u00faltima fecha"},"content":{"rendered":"<p><img src=\"http:\/\/hoycordobaweb.com\/wp-content\/uploads\/2025\/10\/brasil-perdio-en-el-mundial-sub-20-y-quedo-contra-las-cuerdas-define-ante-espana-en-la-ultima-fecha.jpg\"><\/p>\n<p><time class=\"createDate\" datetime=\"2025-10-01T23:13:18-03:00\">01\/10\/2025 23:13hs.<\/time><\/p>\n<div id=\"storyBody\">\n<div class=\"custom-text \" readability=\"39.662004662005\">\n<p>Brasil cay\u00f3 por 2-1 ante Marruecos este mi\u00e9rcoles por la noche, en la segunda fecha del <a href=\"https:\/\/www.ole.com.ar\/tema\/mundial-sub-20-2025.html\" title=\"Mundial Sub 20 2025\" alt=\"Mundial Sub 20 2025\" class=\"slug\">Mundial Sub 20<\/a>, y qued\u00f3 contra las cuerdas de cara a la clasificaci\u00f3n a los octavos de final. Como ya hab\u00eda empatado en el primer encuentro ante M\u00e9xico, solo tiene un punto, al igual que Espa\u00f1a, que hab\u00eda igualado tambi\u00e9n contra los mexicanos, <strong>lo que conduce a una definici\u00f3n entre la Canarinha y la Furia Roja en la \u00faltima fecha.<\/strong><\/p>\n<\/div>\n<div class=\"custom-text \" readability=\"40\">\n<p>Es que, en la tercera y \u00faltima jornada de la fase de grupos, Brasil y Espa\u00f1a definir\u00e1n mano a mano su clasificaci\u00f3n a los octavos de final,<strong> en el partido que tendr\u00e1 lugar el s\u00e1bado 4 de octubre a las 17:00.<\/strong> El formato, vale recordar, <strong>le da el acceso a esa instancia a las dos mejores selecciones de cada uno de los grupos y a las cuatro mejores terceras.<\/strong><\/p>\n<\/div>\n<div class=\"custom-text \" readability=\"38\">\n<p>La ganadora de ese duelo entre la Canarinha y la Furia Roja, entonces, pasar\u00e1 como segunda o, en caso de una victoria de M\u00e9xico sobre Marruecos (el otro duelo de la zona), <strong>como una de las posibles cuatro mejores terceras. <\/strong>Mientras que la perdedora quedar\u00e1 eliminada.<\/p>\n<\/div>\n<div class=\"custom-text \" readability=\"42\">\n<p>\u00bfY en caso de empate? Ah\u00ed solo le conviene a Brasil, que tiene una diferencia de gol m\u00e1s favorable que Espa\u00f1a (-1 contra -2). Pero, si M\u00e9xico pierde por goleada contra Marruecos, podr\u00edan meterse las dos si la Furia Roja, en base a su performance, logra estar entre las cuatro mejores terceras. Para eso, habr\u00eda que ver qu\u00e9 sucede en el resto de zonas, claro.<\/p>\n<\/div>\n<div class=\"sc-e7b891c4-0 ifHnQL image-embed\"><img alt=\"Brasil no pudo ante Marruecos. (Foto: EFE)\" loading=\"lazy\" width=\"720\" height=\"100\" decoding=\"async\" data-nimg=\"1\" src=\"http:\/\/hoycordobaweb.com\/wp-content\/uploads\/2025\/10\/brasil-perdio-en-el-mundial-sub-20-y-quedo-contra-las-cuerdas-define-ante-espana-en-la-ultima-fecha-2.jpg\"><span class=\"epigraphe\">Brasil no pudo ante Marruecos. (Foto: EFE)<\/span><\/div>\n<p><h2><strong>Los criterios de desempate y c\u00f3mo se determinan los cuatro mejores terceros<\/strong><\/h2>\n<\/p>\n<p><h3><strong>Los criterios de desempate en la fase de grupos son:<\/strong><\/h3>\n<\/p>\n<div class=\"custom-text \" readability=\"32\">\n<p>a) mayor n\u00famero de puntos obtenidos en los partidos de grupo entre las selecciones en cuesti\u00f3n;<\/p>\n<\/div>\n<div class=\"custom-text \" readability=\"32\">\n<p>b) mayor diferencia de goles en los partidos de grupo entre las selecciones en cuesti\u00f3n;<\/p>\n<\/div>\n<div class=\"custom-text \" readability=\"32\">\n<p>c) mayor n\u00famero de goles marcados en los partidos de grupo entre las selecciones en cuesti\u00f3n.<\/p>\n<\/div>\n<div class=\"custom-text \" readability=\"32\">\n<p>d) mayor diferencia de goles en todos los partidos de grupo;<\/p>\n<\/div>\n<div class=\"custom-text \" readability=\"32\">\n<p>e) mayor n\u00famero de goles marcados en todos los partidos de grupo;<\/p>\n<\/div>\n<div class=\"custom-text \" readability=\"33\">\n<p>f) mayor n\u00famero de puntos obtenidos por conducta deportiva (de jugadores y cuerpo t\u00e9cnico) seg\u00fan el n\u00famero de tarjetas amarillas y rojas recibidas:<\/p>\n<\/div>\n<div class=\"custom-text \">\n<ul>\n<li>tarjeta amarilla: 1 punto menos<\/li>\n<li>tarjeta roja (como resultado de dos amarillas): 3 puntos menos<\/li>\n<li>tarjeta roja directa 4 puntos menos<\/li>\n<li>tarjeta amarilla y tarjeta roja directa: 5 puntos menos;<\/li>\n<\/ul>\n<\/div>\n<div class=\"custom-text \" readability=\"32\">\n<p>g) por sorteo realizado por la FIFA.<\/p>\n<\/div>\n<p><h3><strong>Los cuatro mejores terceros se determinar\u00e1n de la siguiente manera:<\/strong><\/h3>\n<\/p>\n<div class=\"custom-text \" readability=\"32\">\n<p>a) mayor n\u00famero de puntos obtenidos en todos los partidos de grupo;<\/p>\n<\/div>\n<div class=\"custom-text \" readability=\"32\">\n<p>b) diferencia de goles en todos los partidos de grupo;<\/p>\n<\/div>\n<div class=\"custom-text \" readability=\"32\">\n<p>c) mayor n\u00famero de goles marcados en todos los partidos de grupo;<\/p>\n<\/div>\n<div class=\"custom-text \" readability=\"34\">\n<p>d) mayor n\u00famero de puntos obtenidos por conducta deportiva (de jugadores y cuerpo t\u00e9cnico) seg\u00fan el n\u00famero de tarjetas amarillas y rojas recibidas en todos los partidos de grupo y calculados seg\u00fan el paso f) anterior;<\/p>\n<\/div>\n<div class=\"custom-text \" readability=\"32\">\n<p>e) por sorteo realizado por la FIFA.<\/p>\n<\/div>\n<p><h2><strong>Los grupos del Mundial Sub 20<\/strong><\/h2>\n<\/p>\n<link rel=\"stylesheet\" href=\"\/\/secure.widget.cloud.opta.net\/v3\/css\/v3.football.opta-widgets.css\" type=\"text\/css\" as=\"style\" importance=\"high\"><opta-widget widget=\"standings\" competition=\"409\" season=\"2025\" template=\"normal\" live=\"true\" default_nav=\"1\" side=\"combined\" data_detail=\"default\" show_key=\"true\" show_crests=\"true\" points_in_first_column=\"true\" lose_before_draw=\"false\" competition_naming=\"full\" team_naming=\"full\" date_format=\"dddd D MMMM YYYY\" sorting=\"false\" show_live=\"false\" show_relegation_average=\"true\" show_logo=\"true\" show_title=\"true\" breakpoints=\"382\" sport=\"football\"><\/opta-widget>\n<div class=\"sc-a7166897-0 eoLsBE\" readability=\"6\">\n<section readability=\"2\"><picture><img alt=\"Cu\u00e1ndo vuelve a jugar la Selecci\u00f3n Argentina en el Mundial Sub 20\" loading=\"lazy\" width=\"290\" height=\"290\" decoding=\"async\" data-nimg=\"1\" src=\"http:\/\/hoycordobaweb.com\/wp-content\/uploads\/2025\/10\/brasil-perdio-en-el-mundial-sub-20-y-quedo-contra-las-cuerdas-define-ante-espana-en-la-ultima-fecha-3.jpg\"><\/picture>\n<p><span>Mir\u00e1 tambi\u00e9n<\/span><\/p>\n<hr>\n<h3>Cu\u00e1ndo vuelve a jugar la Selecci\u00f3n Argentina en el Mundial Sub 20<\/h3>\n<\/p>\n<\/section>\n<\/div>\n<div class=\"sc-a7166897-0 eoLsBE\" readability=\"6.5\">\n<section readability=\"3\"><picture><img alt=\"Placente, de la alegr\u00eda por el triunfo a la banca al arquero \" loading=\"lazy\" width=\"290\" height=\"290\" decoding=\"async\" data-nimg=\"1\" src=\"http:\/\/hoycordobaweb.com\/wp-content\/uploads\/2025\/10\/brasil-perdio-en-el-mundial-sub-20-y-quedo-contra-las-cuerdas-define-ante-espana-en-la-ultima-fecha-4.jpg\"><\/picture>\n<p><span>Mir\u00e1 tambi\u00e9n<\/span><\/p>\n<hr>\n<h3>Placente, de la alegr\u00eda por el triunfo a la banca al arquero <\/h3>\n<\/p>\n<\/section>\n<\/div>\n<div class=\"sc-a7166897-0 eoLsBE\" readability=\"6.5\">\n<section readability=\"3\"><picture><img alt=\"Conexi\u00f3n Boca-River y un bombazo para el 4-1: el resumen de los goles de la Selecci\u00f3n a Australia\" loading=\"lazy\" width=\"290\" height=\"290\" decoding=\"async\" data-nimg=\"1\" src=\"http:\/\/hoycordobaweb.com\/wp-content\/uploads\/2025\/10\/brasil-perdio-en-el-mundial-sub-20-y-quedo-contra-las-cuerdas-define-ante-espana-en-la-ultima-fecha-5.jpg\"><\/picture>\n<p><span>Mir\u00e1 tambi\u00e9n<\/span><\/p>\n<hr>\n<h3>Conexi\u00f3n Boca-River y un bombazo para el 4-1: el resumen de los goles de la Selecci\u00f3n a Australia<\/h3>\n<\/p>\n<\/section>\n<\/div>\n<\/div>\n","protected":false},"excerpt":{"rendered":"<p>01\/10\/2025 23:13hs. Brasil cay\u00f3 por 2-1 ante Marruecos este mi\u00e9rcoles por la noche, en la segunda fecha del Mundial Sub 20, y qued\u00f3 contra las cuerdas de cara a la clasificaci\u00f3n a los octavos de final. Como ya hab\u00eda empatado en el primer encuentro ante M\u00e9xico, solo tiene un punto, al igual que Espa\u00f1a, que [&hellip;]<\/p>\n","protected":false},"author":1,"featured_media":118723,"comment_status":"open","ping_status":"closed","sticky":false,"template":"","format":"standard","meta":[],"categories":[16],"tags":[],"_links":{"self":[{"href":"http:\/\/hoycordobaweb.com\/index.php\/wp-json\/wp\/v2\/posts\/118722"}],"collection":[{"href":"http:\/\/hoycordobaweb.com\/index.php\/wp-json\/wp\/v2\/posts"}],"about":[{"href":"http:\/\/hoycordobaweb.com\/index.php\/wp-json\/wp\/v2\/types\/post"}],"author":[{"embeddable":true,"href":"http:\/\/hoycordobaweb.com\/index.php\/wp-json\/wp\/v2\/users\/1"}],"replies":[{"embeddable":true,"href":"http:\/\/hoycordobaweb.com\/index.php\/wp-json\/wp\/v2\/comments?post=118722"}],"version-history":[{"count":0,"href":"http:\/\/hoycordobaweb.com\/index.php\/wp-json\/wp\/v2\/posts\/118722\/revisions"}],"wp:featuredmedia":[{"embeddable":true,"href":"http:\/\/hoycordobaweb.com\/index.php\/wp-json\/wp\/v2\/media\/118723"}],"wp:attachment":[{"href":"http:\/\/hoycordobaweb.com\/index.php\/wp-json\/wp\/v2\/media?parent=118722"}],"wp:term":[{"taxonomy":"category","embeddable":true,"href":"http:\/\/hoycordobaweb.com\/index.php\/wp-json\/wp\/v2\/categories?post=118722"},{"taxonomy":"post_tag","embeddable":true,"href":"http:\/\/hoycordobaweb.com\/index.php\/wp-json\/wp\/v2\/tags?post=118722"}],"curies":[{"name":"wp","href":"https:\/\/api.w.org\/{rel}","templated":true}]}}