{"id":118622,"date":"2025-09-30T20:53:57","date_gmt":"2025-09-30T20:53:57","guid":{"rendered":"https:\/\/ladecimaweb.com\/?p=33203"},"modified":"2025-09-30T20:53:57","modified_gmt":"2025-09-30T20:53:57","slug":"internan-a-joven-tras-ser-baleado-en-la-cabeza-en-un-aparente-ajuste-de-cuentas","status":"publish","type":"post","link":"http:\/\/hoycordobaweb.com\/index.php\/2025\/09\/30\/internan-a-joven-tras-ser-baleado-en-la-cabeza-en-un-aparente-ajuste-de-cuentas\/","title":{"rendered":"Internan a joven tras ser baleado en la cabeza en un aparente ajuste de cuentas"},"content":{"rendered":"<div class=\"boldgrid-section\">\n<div class=\"container\">\n<div class=\"row\">\n<div class=\"col-md-12 col-xs-12 col-sm-12\">\n<p class=\"\"><strong>Un joven de 19 a\u00f1os<\/strong> fue trasladado al Hospital Florencio D\u00edaz y luego derivado al Hospital San Roque con herida de arma de fuego en la cabeza.<\/p>\n<p class=\"\">Al parecer, en calles Chirino de Posadas y Ruta Nac. A019 a la altura de <strong>Barrio Jos\u00e9 Ignacio D\u00edaz 2\u00b0 secci\u00f3<\/strong>n, fue interceptado por otro individuo que le dispar\u00f3 en circunstancias que se investigan.<\/p>\n<p class=\"\">Interviene la Fiscal\u00eda de Instrucci\u00f3n del dtto. 2 turno 6 a cargo de la Dra. Eugenia P\u00e9rez Moreno.<\/p>\n<p class=\"\">&nbsp;<\/p>\n<div class=\"ubm_banner\"><a href=\"https:\/\/youtu.be\/h2J_ZdbxYVc\" target=\"_blank\" rel=\"dofollow noopener noreferrer\"><img src=\"http:\/\/hoycordobaweb.com\/wp-content\/uploads\/2025\/10\/internan-a-joven-tras-ser-baleado-en-la-cabeza-en-un-aparente-ajuste-de-cuentas.gif\" alt=\"\"><\/a><\/div>\n<\/div>\n<\/div>\n<\/div>\n<\/div>\n<p>La entrada <a rel=\"nofollow\" href=\"https:\/\/ladecimaweb.com\/internan-a-joven-tras-ser-baleado-en-la-cabeza-en-un-aparente-ajuste-de-cuentas\/\">Internan a joven tras ser baleado en la cabeza en un aparente ajuste de cuentas<\/a> se public\u00f3 primero en <a rel=\"nofollow\" href=\"https:\/\/ladecimaweb.com\">LaDecima<\/a>.<\/p>\n","protected":false},"excerpt":{"rendered":"<p>Un joven de 19 a\u00f1os fue trasladado al Hospital Florencio D\u00edaz y luego derivado al Hospital San Roque con herida de arma de fuego en la cabeza. Al parecer, en calles Chirino de Posadas y Ruta Nac. A019 a la altura de Barrio Jos\u00e9 Ignacio D\u00edaz 2\u00b0 secci\u00f3n, fue interceptado por otro individuo que le [&hellip;]<\/p>\n","protected":false},"author":1,"featured_media":0,"comment_status":"closed","ping_status":"closed","sticky":false,"template":"","format":"standard","meta":[],"categories":[32],"tags":[],"_links":{"self":[{"href":"http:\/\/hoycordobaweb.com\/index.php\/wp-json\/wp\/v2\/posts\/118622"}],"collection":[{"href":"http:\/\/hoycordobaweb.com\/index.php\/wp-json\/wp\/v2\/posts"}],"about":[{"href":"http:\/\/hoycordobaweb.com\/index.php\/wp-json\/wp\/v2\/types\/post"}],"author":[{"embeddable":true,"href":"http:\/\/hoycordobaweb.com\/index.php\/wp-json\/wp\/v2\/users\/1"}],"replies":[{"embeddable":true,"href":"http:\/\/hoycordobaweb.com\/index.php\/wp-json\/wp\/v2\/comments?post=118622"}],"version-history":[{"count":0,"href":"http:\/\/hoycordobaweb.com\/index.php\/wp-json\/wp\/v2\/posts\/118622\/revisions"}],"wp:attachment":[{"href":"http:\/\/hoycordobaweb.com\/index.php\/wp-json\/wp\/v2\/media?parent=118622"}],"wp:term":[{"taxonomy":"category","embeddable":true,"href":"http:\/\/hoycordobaweb.com\/index.php\/wp-json\/wp\/v2\/categories?post=118622"},{"taxonomy":"post_tag","embeddable":true,"href":"http:\/\/hoycordobaweb.com\/index.php\/wp-json\/wp\/v2\/tags?post=118622"}],"curies":[{"name":"wp","href":"https:\/\/api.w.org\/{rel}","templated":true}]}}