{"id":11856,"date":"2021-02-04T21:11:39","date_gmt":"2021-02-04T21:11:39","guid":{"rendered":"http:\/\/ladecimaweb.com\/?p=8179"},"modified":"2021-02-04T21:11:39","modified_gmt":"2021-02-04T21:11:39","slug":"aumentan-la-indemnizacion-por-dano-moral-para-victima-de-lesiones-ocasionadas-por-un-policia","status":"publish","type":"post","link":"http:\/\/hoycordobaweb.com\/index.php\/2021\/02\/04\/aumentan-la-indemnizacion-por-dano-moral-para-victima-de-lesiones-ocasionadas-por-un-policia\/","title":{"rendered":"Aumentan la indemnizaci\u00f3n por da\u00f1o moral para v\u00edctima de lesiones ocasionadas por un polic\u00eda"},"content":{"rendered":"<p><em><a href=\"https:\/\/www.justiciacordoba.gob.ar\/JusticiaCordoba\/Inicio\/indexDetalle.aspx?codNovedad=32352\">(Prensa Justicia C\u00f3rdoba)<\/a><\/em> La C\u00e1mara de Apelaciones en lo Civil y Comercial de 5\u00b0 Nominaci\u00f3n de la ciudad de C\u00f3rdoba<strong> aument\u00f3 a un mill\u00f3n de pesos, m\u00e1s intereses,<\/strong> <strong>la indemnizaci\u00f3n por da\u00f1o moral reconocida a un hombre que hab\u00eda recibido un disparo por la espalda por parte de un miembro de la Polic\u00eda de la Provincia<\/strong>, con el arma reglamentaria, aunque no estaba prestando servicios en ese momento. En primera instancia, se hab\u00eda condenado al uniformado y a la Provincia a pagar 500 mil pesos.<\/p>\n<p>Para decidir as\u00ed, los vocales Claudia Zalazar y Joaqu\u00edn Ferrer tomaron en consideraci\u00f3n, en primer lugar, la calidad de miembro de las fuerzas de seguridad provinciales del demandado. Y se\u00f1alaron que esta circunstancia conlleva una \u201cdiligencia adicional\u201d, habida cuenta de que pertenece \u201ca una instituci\u00f3n que concentra el monopolio de la fuerza leg\u00edtima del Estado\u201d.<\/p>\n<p>\u201cResulta l\u00f3gico pensar y afirmar que <strong>en dicha fuerza el uso de la violencia no puede desbordar las estructuras normativas e institucionales que limitan su ejercicio<\/strong>, debiendo sujetarse en forma irrestricta a los pilares fundamentales del estado de derecho y el respeto irrestricto de los derechos humanos\u201d, agregaron.<\/p>\n<p>Los camaristas explicaron que <strong>el demandado se excedi\u00f3 en el uso de la fuerza causando un grave da\u00f1o al actor, y que pese a encontrarse de \u201cfranco\u201d o de \u201ccivil\u201d, aqu\u00e9l se encontraba sujeto a los mismos deberes que recaen sobre un agente en servicio<\/strong>, entre ellos, \u201cel resguardo irrestricto de los derechos fundamentales de las personas\u201d. Tambi\u00e9n valoraron la magnitud de las lesiones f\u00edsicas sufridas por el damnificado.<\/p>\n<p>La sentencia a\u00f1ade que<strong> el da\u00f1o fue cometido con el arma reglamentaria que le fue asignada para el cumplimiento de su funci\u00f3n, \u201clo que aparece merecedor de mayor reproche\u201d,<\/strong> pues no solamente contaba con un grado de instrucci\u00f3n que le permit\u00eda mejor comprensi\u00f3n de las circunstancia en que se encontraba; sino que, adem\u00e1s, resaltaron que \u201cquien ten\u00eda como deber el cuidado de la poblaci\u00f3n consum\u00f3 un hecho que claramente contravino dicha manda, quedando en evidencia el exceso cometido en su funci\u00f3n\u201d.<\/p>\n<p><strong>Instan a profundizar la capacitaci\u00f3n policial<\/strong><\/p>\n<p>Asimismo, los camaristas reflexionaron sobre la sucesi\u00f3n de casos acontecidos recientemente en la provincia, de p\u00fablico y notorio conocimiento, en los que \u201cla intervenci\u00f3n de los agentes de seguridad deriva en <strong>lesiones a la integridad f\u00edsica y la vida de ciudadanos, producto de un uso desmedido de la fuerza en su labor<\/strong>, como los hechos ventilados en autos\u201d.<\/p>\n<p>En funci\u00f3n de ello, <strong>exhortaron al Estado provincial para que arbitre las medidas precautorias<\/strong> necesarias tendientes a \u201cevitar en lo sucesivo conductas re\u00f1idas con el ordenamiento normativo, que afecten derechos de jerarqu\u00eda constitucional y convencional, que perturben la dignidad humana, el derecho a la vida, la integridad y la libertad\u201d.<\/p>\n<p>En tal sentido, dijeron que \u201cse deben promover y consolidar\u201d<strong> protocolos de actuaci\u00f3n<\/strong> bajo el \u201cestricto cumplimiento de estos principios y valores fundamentales del ordenamiento jur\u00eddico y el respeto de las garant\u00edas constitucionales\u201d; como as\u00ed tambi\u00e9n<strong> generar y profundizar las instancias formativas y de capacitaci\u00f3n de los agentes<\/strong> policiales en estos pilares centrales del estado de derecho.<\/p>\n<p>\u201cSe ha verificado una conducta de un agente policial que genera un verdadero riesgo a la vida del actor; accionar que se replic\u00f3 en otros miembros de la instituci\u00f3n policial, tal como puede advertirse de la informaci\u00f3n p\u00fablica disponible y accesible mediante medios de comunicaci\u00f3n; y ante esta circunstancia, la magistratura no puede -ni debe- resultar ajena, procurando que se arbitren mecanismos que permitan desalentar estas pr\u00e1cticas, confinando el proceder de las fuerzas de seguridad dentro de los m\u00e1rgenes de los principios y valores fundamentales de nuestro ordenamiento jur\u00eddico fundamental\u201d, concluyeron los camaristas.<\/p>\n<p>Por lo tanto, <strong>ordenaron al Estado provincial a que, dentro de un plazo razonable, proceda a poner en evidencia medidas y actos tendientes a la realizaci\u00f3n de lo exhortado.<\/strong> Asimismo, resolvieron que el juzgado de primera instancia interviniente disponga de oficio las constataciones pertinentes y ordene las acciones que razonablemente estime necesarias para verificar y asegurar su cumplimiento o la readecuaci\u00f3n de la medida seg\u00fan la realidad existente.<\/p>\n<p><em><strong>Causa: Alfaro, Jorge Luis C\/\u00a0 Provincia de C\u00f3rdoba y otro \u2013 Ordinario \u2013 Da\u00f1os y perjuicios. \u2013 Otras formas de responsabilidad extracontractual\u201d.<br \/>\nFecha: 2 diciembre 2020. Resoluci\u00f3n: Sentencia n.\u00b0 105.<\/strong><\/em><\/p>\n<p><em>Foto Google de Lavoz.com<\/em><\/p>\n<p>&nbsp;<\/p>\n<div class=\"ubm_banner\"><a href=\"https:\/\/www.cba.gov.ar\/programa-provincial-de-entrega-de-computadoras\/\" target=\"_blank\" rel=\"dofollow noopener noreferrer\"><img src=\"http:\/\/hoycordobaweb.com\/wp-content\/uploads\/2021\/02\/aumentan-la-indemnizacion-por-dano-moral-para-victima-de-lesiones-ocasionadas-por-un-policia.gif\" alt=\"\"><\/a><\/div>\n<p>La entrada <a rel=\"nofollow\" href=\"https:\/\/ladecimaweb.com\/elevan-la-indemnizacion-por-dano-moral-para-victima-de-lesiones-ocasionadas-por-un-policia\/\">Aumentan la indemnizaci\u00f3n por da\u00f1o moral para v\u00edctima de lesiones ocasionadas por un polic\u00eda<\/a> se public\u00f3 primero en <a rel=\"nofollow\" href=\"https:\/\/ladecimaweb.com\">LaDecima<\/a>.<\/p>\n","protected":false},"excerpt":{"rendered":"<p>(Prensa Justicia C\u00f3rdoba) La C\u00e1mara de Apelaciones en lo Civil y Comercial de 5\u00b0 Nominaci\u00f3n de la ciudad de C\u00f3rdoba aument\u00f3 a un mill\u00f3n de pesos, m\u00e1s intereses, la indemnizaci\u00f3n por da\u00f1o moral reconocida a un hombre que hab\u00eda recibido un disparo por la espalda por parte de un miembro de la Polic\u00eda de la [&hellip;]<\/p>\n","protected":false},"author":1,"featured_media":11857,"comment_status":"closed","ping_status":"closed","sticky":false,"template":"","format":"standard","meta":[],"categories":[19],"tags":[],"_links":{"self":[{"href":"http:\/\/hoycordobaweb.com\/index.php\/wp-json\/wp\/v2\/posts\/11856"}],"collection":[{"href":"http:\/\/hoycordobaweb.com\/index.php\/wp-json\/wp\/v2\/posts"}],"about":[{"href":"http:\/\/hoycordobaweb.com\/index.php\/wp-json\/wp\/v2\/types\/post"}],"author":[{"embeddable":true,"href":"http:\/\/hoycordobaweb.com\/index.php\/wp-json\/wp\/v2\/users\/1"}],"replies":[{"embeddable":true,"href":"http:\/\/hoycordobaweb.com\/index.php\/wp-json\/wp\/v2\/comments?post=11856"}],"version-history":[{"count":0,"href":"http:\/\/hoycordobaweb.com\/index.php\/wp-json\/wp\/v2\/posts\/11856\/revisions"}],"wp:featuredmedia":[{"embeddable":true,"href":"http:\/\/hoycordobaweb.com\/index.php\/wp-json\/wp\/v2\/media\/11857"}],"wp:attachment":[{"href":"http:\/\/hoycordobaweb.com\/index.php\/wp-json\/wp\/v2\/media?parent=11856"}],"wp:term":[{"taxonomy":"category","embeddable":true,"href":"http:\/\/hoycordobaweb.com\/index.php\/wp-json\/wp\/v2\/categories?post=11856"},{"taxonomy":"post_tag","embeddable":true,"href":"http:\/\/hoycordobaweb.com\/index.php\/wp-json\/wp\/v2\/tags?post=11856"}],"curies":[{"name":"wp","href":"https:\/\/api.w.org\/{rel}","templated":true}]}}