{"id":11836,"date":"2021-02-05T10:33:00","date_gmt":"2021-02-05T10:33:00","guid":{"rendered":"http:\/\/hoycordobaweb.com\/index.php\/2021\/02\/05\/el-tc2000-iniciara-su-actividad-en-el-autodromo-porteno-oscar-y-juan-galvez\/"},"modified":"2021-02-05T10:33:00","modified_gmt":"2021-02-05T10:33:00","slug":"el-tc2000-iniciara-su-actividad-en-el-autodromo-porteno-oscar-y-juan-galvez","status":"publish","type":"post","link":"http:\/\/hoycordobaweb.com\/index.php\/2021\/02\/05\/el-tc2000-iniciara-su-actividad-en-el-autodromo-porteno-oscar-y-juan-galvez\/","title":{"rendered":"El TC2000 iniciar\u00e1 su actividad en el aut\u00f3dromo porte\u00f1o Oscar y Juan G\u00e1lvez"},"content":{"rendered":"<p><img src=\"http:\/\/hoycordobaweb.com\/wp-content\/uploads\/2021\/02\/el-tc2000-iniciara-su-actividad-en-el-autodromo-porteno-oscar-y-juan-galvez.jpg\"><\/p>\n<div class=\"image\" id=\"image\" readability=\"10\"> <img src=\"http:\/\/hoycordobaweb.com\/wp-content\/uploads\/2021\/02\/el-tc2000-iniciara-su-actividad-en-el-autodromo-porteno-oscar-y-juan-galvez-2.jpg\" alt=\"Disputadas 10 fechas del torneo de TC2000, est\u00e1 al frente de las posiciones Tom\u00e1s Cingolani, con 249 puntos. \" title=\"Disputadas 10 fechas del torneo de TC2000, est\u00e1 al frente de las posiciones Tom\u00e1s Cingolani, con 249 puntos. \"><\/p>\n<p>Disputadas 10 fechas del torneo de TC2000, est\u00e1 al frente de las posiciones Tom\u00e1s Cingolani, con 249 puntos. <\/p>\n<\/div>\n<p>El TC2000, que compartir\u00e1 el fin de semana con el S\u00faper TC2000 y la F\u00f3rmula Renault 2.0, inicia su actividad con entrenamientos, clasificaci\u00f3n y un sprint, con vistas a la decimoprimera fecha de su campeonato, que se disputar\u00e1 el domingo en el aut\u00f3dromo porte\u00f1o Oscar y Juan G\u00e1lvez, a la que podr\u00e1n asistir un m\u00e1ximo de 500 espectadores con los protocolos sanitarios vigentes y distanciamiento social.<\/p>\n<p>La actividad comenzar\u00e1 este viernes a partir de las 12.30 con los entrenamientos libres y luego la clasificaci\u00f3n, y a las 18.15 se largar\u00e1 el sprint con una exigencia de 14 vueltas o 25 minutos de duraci\u00f3n.<\/p>\n<p>Por su parte, el S\u00faper TC2000, efectuar\u00e1 la carrera clasificatoria el s\u00e1bado a las 19.15, con la particularidad que las dos rectas del trazado tendr\u00e1n iluminaci\u00f3n artificial, y los autos deber\u00e1n estar provistos de focos como lo hacen en los circuitos callejeros en horarios nocturnos.<\/p>\n<p>Ante esta circunstancia, el viernes el S\u00faper TC2000 cumplir\u00e1 con una tanda de entrenamientos desde las 19.20 hasta las 19.45, para que los pilotos se adapten a la menor visibilidad que ofrecer\u00e1 el escenario el s\u00e1bado a las 19.15 cuando comience la carrera clasificatoria.<\/p>\n<p>En tanto que la F\u00f3rmula Renault 2.0, que disputar\u00e1 la s\u00e9ptima fecha de su campeonato, efectuar\u00e1 dos tandas de entrenamientos a partir del viernes a las 14.10..<\/p>\n<p>Disputadas 10 fechas del torneo de TC2000, est\u00e1 al frente de las posiciones el nuevejuliense Tom\u00e1s Cingolani (Renault Fluence), con 249 puntos, seguido por el cordob\u00e9s de Rio Cuarto, Facundo M\u00e1rques (Fluence), 241, el entrerriano Exequiel Bastidas (Toyota), 230, el cordob\u00e9s Mat\u00edas Cravero (Citroen), 222, el uruguayo Rodrigo Aramendia (Citroen), 205, y el bonaerense de San Isidro, Santiago Ventana (Ford Focus), 179.<\/p>\n<p>Corridas seis carreras del campeonato de la F\u00f3rmula Renault 2.0, est\u00e1 frente de las posiciones el bonaerense de Pinamar Jorge Barrio, con 248 unidades, seguido por el cordob\u00e9s Isidoro Vezzaro, 242 , el santafesino Eduardo Moreno, 210, el cordob\u00e9s de Colonia Caroya, Mateo Polakovich, 199, el bonaerense de La Matanza, Lautaro Pi\u00f1eiro, 170, y el de Berazategui, Ayrton Chorne, 149.<\/p>\n","protected":false},"excerpt":{"rendered":"<p>Disputadas 10 fechas del torneo de TC2000, est\u00e1 al frente de las posiciones Tom\u00e1s Cingolani, con 249 puntos. El TC2000, que compartir\u00e1 el fin de semana con el S\u00faper TC2000 y la F\u00f3rmula Renault 2.0, inicia su actividad con entrenamientos, clasificaci\u00f3n y un sprint, con vistas a la decimoprimera fecha de su campeonato, que se [&hellip;]<\/p>\n","protected":false},"author":1,"featured_media":11837,"comment_status":"open","ping_status":"closed","sticky":false,"template":"","format":"standard","meta":[],"categories":[16],"tags":[],"_links":{"self":[{"href":"http:\/\/hoycordobaweb.com\/index.php\/wp-json\/wp\/v2\/posts\/11836"}],"collection":[{"href":"http:\/\/hoycordobaweb.com\/index.php\/wp-json\/wp\/v2\/posts"}],"about":[{"href":"http:\/\/hoycordobaweb.com\/index.php\/wp-json\/wp\/v2\/types\/post"}],"author":[{"embeddable":true,"href":"http:\/\/hoycordobaweb.com\/index.php\/wp-json\/wp\/v2\/users\/1"}],"replies":[{"embeddable":true,"href":"http:\/\/hoycordobaweb.com\/index.php\/wp-json\/wp\/v2\/comments?post=11836"}],"version-history":[{"count":0,"href":"http:\/\/hoycordobaweb.com\/index.php\/wp-json\/wp\/v2\/posts\/11836\/revisions"}],"wp:featuredmedia":[{"embeddable":true,"href":"http:\/\/hoycordobaweb.com\/index.php\/wp-json\/wp\/v2\/media\/11837"}],"wp:attachment":[{"href":"http:\/\/hoycordobaweb.com\/index.php\/wp-json\/wp\/v2\/media?parent=11836"}],"wp:term":[{"taxonomy":"category","embeddable":true,"href":"http:\/\/hoycordobaweb.com\/index.php\/wp-json\/wp\/v2\/categories?post=11836"},{"taxonomy":"post_tag","embeddable":true,"href":"http:\/\/hoycordobaweb.com\/index.php\/wp-json\/wp\/v2\/tags?post=11836"}],"curies":[{"name":"wp","href":"https:\/\/api.w.org\/{rel}","templated":true}]}}