{"id":118334,"date":"2025-09-28T14:51:25","date_gmt":"2025-09-28T14:51:25","guid":{"rendered":"https:\/\/www.mujerhoy.com\/moda\/no-te-pierdas\/nuevo-basicos-invierno-instagram-zara-20250928110250-nt.html"},"modified":"2025-09-28T14:51:25","modified_gmt":"2025-09-28T14:51:25","slug":"la-falda-con-lentejuelas-la-prenda-tendencia-qua-arrasa-esta-temporada-y-que-no-puede-faltar-en-tus-looks-de-entretiempo","status":"publish","type":"post","link":"http:\/\/hoycordobaweb.com\/index.php\/2025\/09\/28\/la-falda-con-lentejuelas-la-prenda-tendencia-qua-arrasa-esta-temporada-y-que-no-puede-faltar-en-tus-looks-de-entretiempo\/","title":{"rendered":"La falda con lentejuelas: la prenda tendencia qua arrasa esta temporada y que no puede faltar en tus looks de entretiempo"},"content":{"rendered":"<p><!-- AUTHOR --><\/p>\n<div class=\"voc-author-timesocial \">\n<!-- AUTHOR --><\/p>\n<div class=\"voc-author-timesocial__signature \">\n<!-- IMAGE AUTHOR -->\n<picture class=\"voc-image-signature\">\n<img class=\"voc-image-signature__img\" src=\"http:\/\/hoycordobaweb.com\/wp-content\/uploads\/2025\/09\/la-falda-con-lentejuelas-la-prenda-tendencia-qua-arrasa-esta-temporada-y-que-no-puede-faltar-en-tus-looks-de-entretiempo.jpg\" alt=\"Gemma Cano\">\n<\/picture>\n<!-- INFO AUTHOR --><\/p>\n<div class=\"voc-author-timesocial__info\" data-mrf-recirculation=\"Autor\">\n<div class=\"voc-author-info\">\n<author><br \/>\n<a class=\"voc-author\" href=\"https:\/\/www.mujerhoy.com\/autor\/gemma-cano-1220.html\">Gemma Cano<\/a><br \/>\n<\/author><br \/>\n<!-- TIME --><br \/>\n<time datetime=\"2025-09-28T14:51:25Z\" data-timestamp><br \/>\nPublicado \u00b7 <span data-voc-date-modified-short> 28 de septiembre de 2025, 16:51 h <\/span><br \/>\n<\/time>\n<\/div>\n<\/div>\n<\/div><\/div>\n<p><!-- COMPONENTS --><\/p>\n<p class=\"voc-paragraph\">Aunque las lentejuelas se siguen asociando a los looks de fiesta, tambi\u00e9n se pueden llevar a la luz del d\u00eda. Y mucho m\u00e1s ahora, cuando empiezan a descender a buen ritmo los term\u00f3metros. \u00bfQuieres descubrir <strong>qu\u00e9 dise\u00f1os marcar\u00e1n la pauta los pr\u00f3ximos meses<\/strong>? <\/p>\n<p class=\"voc-paragraph\">Sin duda, la falda con lentejuelas, es una de las tendencias clave de la temporada que acaba de arrancar, siguiendo la estela del vestido. Aunque a priori, puede parecer una prenda dif\u00edcil de incorporar a nuestro armario diario, lo cierto es que es mucho m\u00e1s vers\u00e1til de lo que parece.<\/p>\n<div class=\"v-c-cmp \">\n<div class=\"v-cmp-m v-cmp-m--t1\">\n<article class=\"v-a v-a--cmp-m v-c-cmp--m-p\">\n<div class=\"v-a-img-c v-a-img-c--fw-xs\">\n<div class=\"v-a-fig\">\n<div class=\"v-a-link\">\n<img loading=\"lazy\" src=\"http:\/\/hoycordobaweb.com\/wp-content\/uploads\/2025\/09\/la-falda-con-lentejuelas-la-prenda-tendencia-qua-arrasa-esta-temporada-y-que-no-puede-faltar-en-tus-looks-de-entretiempo-1.jpg\" class=\"v-a-img\" width=\"650\" height=\"975\" alt data-voc-vtm-id=\"in-text-traffic\">\n<\/div>\n<\/div>\n<\/div>\n<\/article>\n<\/div>\n<\/div>\n<p class=\"voc-paragraph\">No solamente combina a la perfecci\u00f3n con otras prendas sofisticadas, sino que adem\u00e1s es perfecta para lucir junto con b\u00e1sicos como la camiseta blanca o el <a href=\"https:\/\/www.mujerhoy.com\/moda\/no-te-pierdas\/vuelven-jerseis-punto-fino-estampado-rayas-mango-zara-20250921230833-nt.html\" target=\"_self\" data-voc-vtm-id=\"in-text-traffic\" title=\"jersey\" data-mrf-link=\"www.mujerhoy.com\" rel=\"noopener noreferrer\">jersey<\/a> de lana o cashmere. Y no lo decimos nosotras, nuestras tiendas de referencia, como Zara, Mango o H&amp;M, est\u00e1n de nuestro lado. Ahora mismo hay tantas propuestas entre las que podemos elegir, que es casi imposible no encontrar la falda perfecta.<\/p>\n<div class=\"v-c-cmp \">\n<div class=\"v-cmp-m v-cmp-m--t1\">\n<article class=\"v-a v-a--cmp-m v-c-cmp--m-p\">\n<div class=\"v-a-img-c v-a-img-c--fw-xs\">\n<div class=\"v-a-fig\">\n<div class=\"v-a-link\">\n<img loading=\"lazy\" src=\"http:\/\/hoycordobaweb.com\/wp-content\/uploads\/2025\/09\/la-falda-con-lentejuelas-la-prenda-tendencia-qua-arrasa-esta-temporada-y-que-no-puede-faltar-en-tus-looks-de-entretiempo-2.jpg\" class=\"v-a-img\" width=\"650\" height=\"975\" alt data-voc-vtm-id=\"in-text-traffic\">\n<\/div>\n<\/div>\n<\/div>\n<\/article>\n<\/div>\n<\/div>\n<p class=\"voc-paragraph\">Si hay un denominador com\u00fan, sea cual sea tu estilo o edad, es que todas queremos encontrar el uniforme de oto\u00f1o perfecto. Este tipo de ideas, donde <strong>el brillo es el protagonista del look<\/strong>, son la opci\u00f3n perfecta para un plan sofisticado. Combina tu falda preferida, con una simple camisa blanca para conseguir un look de fiesta, sencillo pero muy efectivo.<\/p>\n<div class=\"v-c-cmp \">\n<div class=\"v-cmp-m v-cmp-m--t1\">\n<article class=\"v-a v-a--cmp-m v-c-cmp--m-p\">\n<div class=\"v-a-img-c v-a-img-c--fw-xs\">\n<div class=\"v-a-fig\">\n<div class=\"v-a-link\">\n<img loading=\"lazy\" src=\"http:\/\/hoycordobaweb.com\/wp-content\/uploads\/2025\/09\/la-falda-con-lentejuelas-la-prenda-tendencia-qua-arrasa-esta-temporada-y-que-no-puede-faltar-en-tus-looks-de-entretiempo-3.jpg\" class=\"v-a-img\" width=\"650\" height=\"975\" alt=\"Falda blanca de lentejuelas de Zara (49,99 euros)\" data-voc-vtm-id=\"in-text-traffic\">\n<\/div><figcaption class=\"v-fc\">\n<span class=\"v-fc__t\"><br \/>\nFalda blanca de lentejuelas de Zara (49,99 euros)<br \/>\n<\/span><br \/>\n<\/figcaption><\/div>\n<\/div>\n<\/article>\n<\/div>\n<\/div>\n<p><h3 class=\"v-cmp-suh\">\nFalda blanca de lentejuelas de Zara (49,99 euros)<br \/>\n<\/h3>\n<\/p>\n<p class=\"voc-paragraph\">Un dise\u00f1o muy especial, que combina el encaje y las lentejuelas, no puede faltar en ning\u00fan armario de oto\u00f1o. Apuesta por un color claro, como el beige o el blanco, que puedas llevar con cualquier look de d\u00eda o de noche.<\/p>\n<div class=\"v-c-cmp \">\n<div class=\"v-cmp-m v-cmp-m--t1\">\n<article class=\"v-a v-a--cmp-m v-c-cmp--m-p\">\n<div class=\"v-a-img-c v-a-img-c--fw-xs\">\n<div class=\"v-a-fig\">\n<div class=\"v-a-link\">\n<img loading=\"lazy\" src=\"http:\/\/hoycordobaweb.com\/wp-content\/uploads\/2025\/09\/la-falda-con-lentejuelas-la-prenda-tendencia-qua-arrasa-esta-temporada-y-que-no-puede-faltar-en-tus-looks-de-entretiempo-4.jpg\" class=\"v-a-img\" width=\"650\" height=\"975\" alt=\"Falda marr\u00f3n de Zara (29,99 euros)\" data-voc-vtm-id=\"in-text-traffic\">\n<\/div><figcaption class=\"v-fc\">\n<span class=\"v-fc__t\"><br \/>\nFalda marr\u00f3n de Zara (29,99 euros)<br \/>\n<\/span><br \/>\n<\/figcaption><\/div>\n<\/div>\n<\/article>\n<\/div>\n<\/div>\n<p><h3 class=\"v-cmp-suh\">\nFalda marr\u00f3n de Zara (29,99 euros)<br \/>\n<\/h3>\n<\/p>\n<p class=\"voc-paragraph\">Si lo tuyo son las propuestas especiales, tienes que apostar por este tipo de prendas de fiesta reci\u00e9n llegadas a tienda. Aunque el negro sigue siendo una apuesta segura, los tonos tierra llegan pisando fuerte.<\/p>\n<div class=\"v-c-cmp \">\n<div class=\"v-cmp-m v-cmp-m--t1\">\n<article class=\"v-a v-a--cmp-m v-c-cmp--m-p\">\n<div class=\"v-a-img-c v-a-img-c--fw-xs\">\n<div class=\"v-a-fig\">\n<div class=\"v-a-link\">\n<img loading=\"lazy\" src=\"http:\/\/hoycordobaweb.com\/wp-content\/uploads\/2025\/09\/la-falda-con-lentejuelas-la-prenda-tendencia-qua-arrasa-esta-temporada-y-que-no-puede-faltar-en-tus-looks-de-entretiempo-5.jpg\" class=\"v-a-img\" width=\"650\" height=\"975\" alt=\"Falda con lentejuelas de H&amp;M (29,95 euros)\" data-voc-vtm-id=\"in-text-traffic\">\n<\/div><figcaption class=\"v-fc\">\n<span class=\"v-fc__t\"><br \/>\nFalda con lentejuelas de H&amp;M (29,95 euros)<br \/>\n<\/span><br \/>\n<\/figcaption><\/div>\n<\/div>\n<\/article>\n<\/div>\n<\/div>\n<p><h3 class=\"v-cmp-suh\">\nFalda con lentejuelas de H&amp;M (29,95 euros)<br \/>\n<\/h3>\n<\/p>\n<p class=\"voc-paragraph\">Una propuesta especial que elevar\u00e1 todos tus looks de nueva temporada. Apuesta por los tonos 100% oto\u00f1ales como el verde caqui. \u00bfC\u00f3mo combinarla? Con b\u00e1sicos de entretiempo como la camisa blanca o la americana negra.<\/p>\n<div class=\"v-c-cmp \">\n<div class=\"v-cmp-m v-cmp-m--t1\">\n<article class=\"v-a v-a--cmp-m v-c-cmp--m-p\">\n<div class=\"v-a-img-c v-a-img-c--fw-xs\">\n<div class=\"v-a-fig\">\n<div class=\"v-a-link\">\n<img loading=\"lazy\" src=\"http:\/\/hoycordobaweb.com\/wp-content\/uploads\/2025\/09\/la-falda-con-lentejuelas-la-prenda-tendencia-qua-arrasa-esta-temporada-y-que-no-puede-faltar-en-tus-looks-de-entretiempo-6.jpg\" class=\"v-a-img\" width=\"650\" height=\"975\" alt=\"Falda roja de H&amp;M (25,99 euros)\" data-voc-vtm-id=\"in-text-traffic\">\n<\/div><figcaption class=\"v-fc\">\n<span class=\"v-fc__t\"><br \/>\nFalda roja de H&amp;M (25,99 euros)<br \/>\n<\/span><br \/>\n<\/figcaption><\/div>\n<\/div>\n<\/article>\n<\/div>\n<\/div>\n<p><h3 class=\"v-cmp-suh\">\nFalda roja de H&amp;M (25,99 euros)<br \/>\n<\/h3>\n<\/p>\n<p class=\"voc-paragraph\">Y hemos dejado para el final la propuesta m\u00e1s elegante y favorecedora de la nueva temporada de la firma sueca. Un dise\u00f1o sencillo, en un color espectacular, con el que conseguir\u00e1s un look tremendamente elegante.<\/p>\n<div class=\"media_block\"><\/div>\n","protected":false},"excerpt":{"rendered":"<p>Gemma Cano Publicado \u00b7 28 de septiembre de 2025, 16:51 h Aunque las lentejuelas se siguen asociando a los looks de fiesta, tambi\u00e9n se pueden llevar a la luz del d\u00eda. Y mucho m\u00e1s ahora, cuando empiezan a descender a buen ritmo los term\u00f3metros. \u00bfQuieres descubrir qu\u00e9 dise\u00f1os marcar\u00e1n la pauta los pr\u00f3ximos meses? Sin [&hellip;]<\/p>\n","protected":false},"author":1,"featured_media":118335,"comment_status":"closed","ping_status":"closed","sticky":false,"template":"","format":"standard","meta":[],"categories":[],"tags":[],"_links":{"self":[{"href":"http:\/\/hoycordobaweb.com\/index.php\/wp-json\/wp\/v2\/posts\/118334"}],"collection":[{"href":"http:\/\/hoycordobaweb.com\/index.php\/wp-json\/wp\/v2\/posts"}],"about":[{"href":"http:\/\/hoycordobaweb.com\/index.php\/wp-json\/wp\/v2\/types\/post"}],"author":[{"embeddable":true,"href":"http:\/\/hoycordobaweb.com\/index.php\/wp-json\/wp\/v2\/users\/1"}],"replies":[{"embeddable":true,"href":"http:\/\/hoycordobaweb.com\/index.php\/wp-json\/wp\/v2\/comments?post=118334"}],"version-history":[{"count":0,"href":"http:\/\/hoycordobaweb.com\/index.php\/wp-json\/wp\/v2\/posts\/118334\/revisions"}],"wp:featuredmedia":[{"embeddable":true,"href":"http:\/\/hoycordobaweb.com\/index.php\/wp-json\/wp\/v2\/media\/118335"}],"wp:attachment":[{"href":"http:\/\/hoycordobaweb.com\/index.php\/wp-json\/wp\/v2\/media?parent=118334"}],"wp:term":[{"taxonomy":"category","embeddable":true,"href":"http:\/\/hoycordobaweb.com\/index.php\/wp-json\/wp\/v2\/categories?post=118334"},{"taxonomy":"post_tag","embeddable":true,"href":"http:\/\/hoycordobaweb.com\/index.php\/wp-json\/wp\/v2\/tags?post=118334"}],"curies":[{"name":"wp","href":"https:\/\/api.w.org\/{rel}","templated":true}]}}