{"id":118208,"date":"2025-09-27T03:36:45","date_gmt":"2025-09-27T03:36:45","guid":{"rendered":"http:\/\/hoycordobaweb.com\/index.php\/2025\/09\/27\/19-juveniles-del-futbol-argentino-disputaran-el-mundial-sub-20-diario-norte\/"},"modified":"2025-09-27T03:36:45","modified_gmt":"2025-09-27T03:36:45","slug":"19-juveniles-del-futbol-argentino-disputaran-el-mundial-sub-20-diario-norte","status":"publish","type":"post","link":"http:\/\/hoycordobaweb.com\/index.php\/2025\/09\/27\/19-juveniles-del-futbol-argentino-disputaran-el-mundial-sub-20-diario-norte\/","title":{"rendered":"19 juveniles del <b>f\u00fatbol argentino<\/b> disputar\u00e1n el Mundial Sub 20 | Diario Norte"},"content":{"rendered":"<p>Mientras la Liga Profesional <b>argentina<\/b> define sus torneos, la atenci\u00f3n se dirige a Chile, donde desde ma\u00f1ana se disputar\u00e1 el Mundial juvenil. <\/p>\n","protected":false},"excerpt":{"rendered":"<p>Mientras la Liga Profesional argentina define sus torneos, la atenci\u00f3n se dirige a Chile, donde desde ma\u00f1ana se disputar\u00e1 el Mundial juvenil.<\/p>\n","protected":false},"author":1,"featured_media":0,"comment_status":"closed","ping_status":"closed","sticky":false,"template":"","format":"standard","meta":[],"categories":[22],"tags":[],"_links":{"self":[{"href":"http:\/\/hoycordobaweb.com\/index.php\/wp-json\/wp\/v2\/posts\/118208"}],"collection":[{"href":"http:\/\/hoycordobaweb.com\/index.php\/wp-json\/wp\/v2\/posts"}],"about":[{"href":"http:\/\/hoycordobaweb.com\/index.php\/wp-json\/wp\/v2\/types\/post"}],"author":[{"embeddable":true,"href":"http:\/\/hoycordobaweb.com\/index.php\/wp-json\/wp\/v2\/users\/1"}],"replies":[{"embeddable":true,"href":"http:\/\/hoycordobaweb.com\/index.php\/wp-json\/wp\/v2\/comments?post=118208"}],"version-history":[{"count":0,"href":"http:\/\/hoycordobaweb.com\/index.php\/wp-json\/wp\/v2\/posts\/118208\/revisions"}],"wp:attachment":[{"href":"http:\/\/hoycordobaweb.com\/index.php\/wp-json\/wp\/v2\/media?parent=118208"}],"wp:term":[{"taxonomy":"category","embeddable":true,"href":"http:\/\/hoycordobaweb.com\/index.php\/wp-json\/wp\/v2\/categories?post=118208"},{"taxonomy":"post_tag","embeddable":true,"href":"http:\/\/hoycordobaweb.com\/index.php\/wp-json\/wp\/v2\/tags?post=118208"}],"curies":[{"name":"wp","href":"https:\/\/api.w.org\/{rel}","templated":true}]}}