{"id":118148,"date":"2025-09-27T07:01:57","date_gmt":"2025-09-27T07:01:57","guid":{"rendered":"https:\/\/www.espinof.com\/netflix\/ultimos-dias-para-ver-netflix-pelicula-que-mejor-supo-representar-espana-rural-posguerra-adaptacion-literaria-imprescindible"},"modified":"2025-09-27T07:01:57","modified_gmt":"2025-09-27T07:01:57","slug":"ultimos-dias-para-ver-en-netflix-la-pelicula-que-mejor-supo-representar-la-espana-rural-de-la-posguerra-y-una-adaptacion-literaria-imprescindible","status":"publish","type":"post","link":"http:\/\/hoycordobaweb.com\/index.php\/2025\/09\/27\/ultimos-dias-para-ver-en-netflix-la-pelicula-que-mejor-supo-representar-la-espana-rural-de-la-posguerra-y-una-adaptacion-literaria-imprescindible\/","title":{"rendered":"\u00daltimos d\u00edas para ver en Netflix: la pel\u00edcula que mejor supo representar la Espa\u00f1a rural de la posguerra y una adaptaci\u00f3n literaria imprescindible"},"content":{"rendered":"<p>Hay pel\u00edculas que trascienden en el tiempo y se convierten en aut\u00e9nticos referentes de la historia del cine. Es el caso de &#8216;<a class=\"text-outboundlink\" href=\"https:\/\/www.espinof.com\/criticas\/santos-inocentes-alfredo-landa-paco-rabal-sobresalen-imprescindible-adaptacion-mario-camus\" data-vars-post-title=\"'Los santos inocentes': Alfredo Landa y Paco Rabal sobresalen en la imprescindible adaptaci\u00f3n de Mario Camus\" data-vars-post-url=\"https:\/\/www.espinof.com\/criticas\/santos-inocentes-alfredo-landa-paco-rabal-sobresalen-imprescindible-adaptacion-mario-camus\">Los santos inocentes<\/a>&#8216;, la <strong>obra maestra de Mario Camus<\/strong> que llev\u00f3 a la gran pantalla <strong>la novela de Miguel Delibes <\/strong>y que sigue siendo, a d\u00eda de hoy, un retrato imprescindible para comprender la Espa\u00f1a rural de la posguerra. Con su mezcla de lirismo y dureza, el filme ha resistido el paso del tiempo como pocas obras en nuestra cinematograf\u00eda. Y es una de las mejores pel\u00edculas de la historia el cine espa\u00f1ol.<\/p>\n<h2>Bajo el espesor de la niebla<\/h2>\n<p>La pel\u00edcula nos transporta a la Extremadura de los a\u00f1os 60, donde <strong>una familia campesina vive sometida a los abusos de los se\u00f1oritos terratenientes.<\/strong> Su vida es renuncia, sacrificio y y obediencia. Su destino est\u00e1 marcado, a no ser que alg\u00fan acontecimiento imprevisto les permita romper sus cadenas. Y a trav\u00e9s de sus personajes, Camus dibuja con <strong>sensibilidad y crudeza las desigualdades sociales<\/strong> de la \u00e9poca, mostrando un mundo donde la dignidad y la resistencia silenciosa se convierten en la \u00fanica forma de rebeli\u00f3n posible.<\/p>\n<p><!-- BREAK 1 --> <\/p>\n<div class=\"article-asset article-asset-normal article-asset-center\">\n<div class=\"desvio-container\">\n<div class=\"desvio\">\n<div class=\"desvio-figure js-desvio-figure\"> <a href=\"https:\/\/www.espinof.com\/directores-y-guionistas\/recordando-a-mario-camus-pilar-basico-nuevo-cine-espanol-experto-retratista-personajes-inocentes\" class=\"pivot-outboundlink\" data-vars-post-title=\"Recordando a Mario Camus, pilar b\u00e1sico del Nuevo Cine Espa\u00f1ol y experto retratista de personajes inocentes\"> <img loading=\"lazy\" alt=\"Recordando a Mario Camus, pilar b\u00e1sico del Nuevo Cine Espa\u00f1ol y experto retratista de personajes inocentes\" width=\"375\" height=\"142\" src=\"http:\/\/hoycordobaweb.com\/wp-content\/uploads\/2025\/09\/ultimos-dias-para-ver-en-netflix-la-pelicula-que-mejor-supo-representar-la-espana-rural-de-la-posguerra-y-una-adaptacion-literaria-imprescindible.jpg\"> <\/a> <\/div><\/div><\/div>\n<\/div>\n<p>El reparto es, sin duda, uno de los pilares que hacen de &#8216;Los santos inocentes&#8217; una obra irrepetible. Alfredo Landa y Francisco Rabal ofrecieron interpretaciones hist\u00f3ricas, que les valieron el premio compartido a Mejor Actor en el Festival de Cannes. Sus personajes, Azar\u00edas y Paco, son <strong>retratos profundamente humanos, cargados de ternura y tragedia<\/strong>, que siguen emocion\u00e1ndonos d\u00e9cadas despu\u00e9s.<\/p>\n<p>M\u00e1s all\u00e1 de su valor art\u00edstico, la pel\u00edcula se convirti\u00f3 en un documento que reflejaba c\u00f3mo transcurr\u00eda la vida en el campo en aquellos a\u00f1os. Al adaptar fielmente la novela de Delibes, Camus supo captar <strong>la esencia de un pa\u00eds marcado por la pobreza y las diferencias de clase<\/strong>, logrando que el espectador conectara con una realidad inc\u00f3moda pero que debemos recordar.<\/p>\n<p>Y puede que ahora que dejar\u00e1 de estar disponible en el cat\u00e1logo de <a rel=\"noopener, noreferrer\" href=\"https:\/\/www.netflix.com\/title\/81312326\">Netflix<\/a> -estar\u00e1<strong> hasta el 30 de septiembre<\/strong>-, sea buen momento para recuperarla. Aunque si perd\u00e9is la oportunidad, tambi\u00e9n la ten\u00e9is en <a rel=\"nofollow, sponsored, noopener, noreferrer noopener\" target=\"_blank\" class=\"js-ecommerce\" id=\"link-ecommerce-1\" href=\"https:\/\/www.webedia-afilia.com\/redirect?url=https%3A%2F%2Fwww.movistarplus.es%2Fcine%2Flos-santos-inocentes%2Fficha%3Ftipo%3DE%26id%3D57872%26epi%3D%26tduid%3D015780adaa62cadeeced10c7dee4d5c7%26utm_campaign%3DalwaysON%26utm_content%3DPrice%2520Comparison%26utm_medium%3DAffiliates%26utm_source%3DTradedoubler%26utm_term%3D2854067&amp;category=netflix&amp;site=espinof&amp;ecomPostExpiration=everlasting&amp;postId=248859\" data-vars-affiliate-url=\"https:\/\/www.movistarplus.es\/cine\/los-santos-inocentes\/ficha?tipo=E&amp;id=57872&amp;epi=&amp;tduid=015780adaa62cadeeced10c7dee4d5c7&amp;utm_campaign=alwaysON&amp;utm_content=Price%20Comparison&amp;utm_medium=Affiliates&amp;utm_source=Tradedoubler&amp;utm_term=2854067\">Movistar Plus+<\/a> y <a rel=\"noopener, noreferrer\" href=\"https:\/\/ver.flixole.com\/watch\/7bfa5d1c-075e-4650-9482-e533a421c66e\">FlixOl\u00e9<\/a>.<\/p>\n<p>En Espinof | <a class=\"text-outboundlink\" href=\"https:\/\/www.espinof.com\/listas\/mejores-peliculas-2025\" data-vars-post-title=\"Las 14 mejores pel\u00edculas de 2025 (por ahora)\" data-vars-post-url=\"https:\/\/www.espinof.com\/listas\/mejores-peliculas-2025\">Las mejores pel\u00edculas de 2025<\/a><\/p>\n<p>En Espinof | <a class=\"text-outboundlink\" href=\"https:\/\/www.espinof.com\/listas\/peliculas-esperadas-2025\" data-vars-post-title=\"Las 47 pel\u00edculas m\u00e1s esperadas de 2025 y los mejores estrenos del a\u00f1o: 'Avatar 3', el regreso de John Wick, 'Misi\u00f3n Imposible 8', 'Jurassic World 4' y muchas m\u00e1s\" data-vars-post-url=\"https:\/\/www.espinof.com\/listas\/peliculas-esperadas-2025\">Las pel\u00edculas m\u00e1s esperadas de 2025<\/a><\/p>\n<p><!-- BREAK 2 --> <\/p>\n","protected":false},"excerpt":{"rendered":"<p>Hay pel\u00edculas que trascienden en el tiempo y se convierten en aut\u00e9nticos referentes de la historia del cine. Es el caso de &#8216;Los santos inocentes&#8216;, la obra maestra de Mario Camus que llev\u00f3 a la gran pantalla la novela de Miguel Delibes y que sigue siendo, a d\u00eda de hoy, un retrato imprescindible para comprender [&hellip;]<\/p>\n","protected":false},"author":1,"featured_media":118149,"comment_status":"open","ping_status":"closed","sticky":false,"template":"","format":"standard","meta":[],"categories":[10],"tags":[],"_links":{"self":[{"href":"http:\/\/hoycordobaweb.com\/index.php\/wp-json\/wp\/v2\/posts\/118148"}],"collection":[{"href":"http:\/\/hoycordobaweb.com\/index.php\/wp-json\/wp\/v2\/posts"}],"about":[{"href":"http:\/\/hoycordobaweb.com\/index.php\/wp-json\/wp\/v2\/types\/post"}],"author":[{"embeddable":true,"href":"http:\/\/hoycordobaweb.com\/index.php\/wp-json\/wp\/v2\/users\/1"}],"replies":[{"embeddable":true,"href":"http:\/\/hoycordobaweb.com\/index.php\/wp-json\/wp\/v2\/comments?post=118148"}],"version-history":[{"count":0,"href":"http:\/\/hoycordobaweb.com\/index.php\/wp-json\/wp\/v2\/posts\/118148\/revisions"}],"wp:featuredmedia":[{"embeddable":true,"href":"http:\/\/hoycordobaweb.com\/index.php\/wp-json\/wp\/v2\/media\/118149"}],"wp:attachment":[{"href":"http:\/\/hoycordobaweb.com\/index.php\/wp-json\/wp\/v2\/media?parent=118148"}],"wp:term":[{"taxonomy":"category","embeddable":true,"href":"http:\/\/hoycordobaweb.com\/index.php\/wp-json\/wp\/v2\/categories?post=118148"},{"taxonomy":"post_tag","embeddable":true,"href":"http:\/\/hoycordobaweb.com\/index.php\/wp-json\/wp\/v2\/tags?post=118148"}],"curies":[{"name":"wp","href":"https:\/\/api.w.org\/{rel}","templated":true}]}}