{"id":118146,"date":"2025-09-26T23:20:41","date_gmt":"2025-09-26T23:20:41","guid":{"rendered":"http:\/\/hoycordobaweb.com\/index.php\/2025\/09\/26\/cuales-fueron-los-exitos-y-fracasos-de-la-onu-en-80-anos-de-vida\/"},"modified":"2025-09-26T23:20:41","modified_gmt":"2025-09-26T23:20:41","slug":"cuales-fueron-los-exitos-y-fracasos-de-la-onu-en-80-anos-de-vida","status":"publish","type":"post","link":"http:\/\/hoycordobaweb.com\/index.php\/2025\/09\/26\/cuales-fueron-los-exitos-y-fracasos-de-la-onu-en-80-anos-de-vida\/","title":{"rendered":"Cu\u00e1les fueron los \u00e9xitos y fracasos de la ONU en 80 a\u00f1os de vida"},"content":{"rendered":"<div class=\"media_block\"><\/div>\n<div><img src=\"http:\/\/hoycordobaweb.com\/wp-content\/uploads\/2025\/09\/cuales-fueron-los-exitos-y-fracasos-de-la-onu-en-80-anos-de-vida.jpg\" class=\"ff-og-image-inserted\"><\/div>\n<p>El pasado 9 de septiembre, la diplom\u00e1tica alemana Annalena Baerbock declar\u00f3 abierto el octog\u00e9simo per\u00edodo de sesiones de la <strong>Asamblea General de las Naciones Unidas<\/strong>-que le est\u00e1 tocando presidir- bajo el lema \u201cMejor juntos:<strong> 80 a\u00f1os <\/strong>y m\u00e1s para la paz, el desarrollo y los Derechos Humanos.\u201d <\/p>\n<p>A ese evento sigui\u00f3, el 21 de septiembre, la Reuni\u00f3n de Alto Nivel para celebrar el aniversario de la creaci\u00f3n de la <strong>ONU<\/strong> que reunir\u00e1, -entre ese acto y los Debates Generales que tuvieron lugar desde el d\u00eda siguiente y hasta el 29 de septiembre- a la gran mayor\u00eda de los Jefes de Estado y de Gobierno de los 193 Estados miembros de la ONU, a fin de reflexionar sobre los logros de las \u00faltimas ocho d\u00e9cadas y el camino a seguir para un sistema multilateral m\u00e1s inclusivo y receptivo.<\/p>\n<p>Sin embargo, ser\u00e1 el <strong>24 de octubre<\/strong> de 2025 cuando se cumplan los 80 a\u00f1os de la entrada en vigor de la <strong>Carta de San Francisco<\/strong>, el instrumento jur\u00eddico que dio nacimiento a las Naciones Unidas. <\/p>\n<div class=\"subscription\" readability=\"6.683257918552\">\n<p> Esto no les gusta a los autoritarios <\/p>\n<div class=\"subscription__container\" readability=\"6.1467391304348\">\n<div class=\"subscription__text-wrapper\" readability=\"31.20652173913\">\n<p> El ejercicio del periodismo profesional y cr\u00edtico es un pilar fundamental de la democracia. Por eso molesta a quienes creen ser los due\u00f1os de la verdad. <\/p>\n<\/p><\/div><\/div><\/div>\n<p>Aquella iniciativa surgida tras la tragedia de la Segunda Guerra Mundial encarnaba la voluntad de construir un orden internacional basado en la cooperaci\u00f3n, la paz y el respeto de la dignidad humana. No fue casual que los pa\u00edses vencedores entendieran que, sin reglas comunes y sin un foro que nos reuniera a todos, el mundo pod\u00eda volver a hundirse en el caos.<\/p>\n<blockquote readability=\"0\">\n<p><a target=\"_blank\" href=\"https:\/\/www.perfil.com\/noticias\/igualdad\/onu-estamos-a-300-anos-de-alcanzar-una-plena-igualdad-de-genero.phtml\" rel=\"noopener noreferrer\">Ning\u00fan otro foro global puede reemplazar su agenda estrat\u00e9gica: cambio clim\u00e1tico, prevenci\u00f3n de conflictos armados, regulaci\u00f3n de inteligencia artificial, ciberseguridad, gesti\u00f3n de flujos migratorios, reducci\u00f3n del hambre y la pobreza extrema, la promoci\u00f3n de los derechos humanos\u00bb<\/a><\/p>\n<\/blockquote>\n<p>Hoy, ochenta a\u00f1os despu\u00e9s, la pregunta inevitable es si Naciones Unidas sigue cumpliendo aquel mandato. Es cierto que la organizaci\u00f3n parece haber perdido prestigio y protagonismo. <\/p>\n<p>El multilateralismo ya no est\u00e1 de moda, y lo bilateral ofrece soluciones m\u00e1s r\u00e1pidas, produce acuerdos inmediatos y se ajusta mejor a la urgencia de las agendas nacionales. Pero lo multilateral, aunque m\u00e1s lento y complejo, ofrece algo mucho m\u00e1s valioso: pluralidad de voces, riqueza de miradas y la posibilidad de construir consensos que trascienden los intereses inmediatos de cada Estado. <\/p>\n<blockquote readability=\"0\">\n<p><a target=\"_blank\" href=\"https:\/\/www.perfil.com\/noticias\/opinion\/volvera-el-momento-de-las-naciones-unidas.phtml\" rel=\"noopener noreferrer\">Renunciar a la ONU ser\u00eda retroceder a un mundo sin reglas\u00bb<\/a><\/p>\n<\/blockquote>\n<p>Naciones Unidas enfrenta cr\u00edticas, pero al mismo tiempo sostiene una <strong>agenda estrat\u00e9gica<\/strong> que ning\u00fan otro foro global puede reemplazar, tales como la lucha contra el cambio clim\u00e1tico, la prevenci\u00f3n de conflictos armados, la regulaci\u00f3n de la inteligencia artificial, la gobernanza de la ciberseguridad, la gesti\u00f3n de los flujos migratorios, la reducci\u00f3n del hambre y la pobreza extrema, o la promoci\u00f3n de los derechos humanos, entre tantos otros. <\/p>\n<p>Aunque no despierten entusiasmos pol\u00edticos inmediatos, estos temas son decisivos para el desarrollo y el bienestar de nuestra sociedad global. La ONU no siempre logra resultados concretos y tangibles frente a los desaf\u00edos del presente, pero renunciar a ella ser\u00eda retroceder a un mundo sin reglas, donde la ley del m\u00e1s fuerte terminar\u00eda imponi\u00e9ndose.<\/p>\n<p>El balance de estos ochenta a\u00f1os debe ser realista. Naciones Unidas tiene fracasos que pesan en su historia: la incapacidad de evitar genocidios como el de Ruanda, la lentitud con la que reaccion\u00f3 en Bosnia o Somalia, los abusos cometidos por algunos de sus cascos azules. <\/p>\n<p>Esos errores alimentan la percepci\u00f3n de ineficacia. Tambi\u00e9n generan dudas en la opini\u00f3n p\u00fablica mundial, el papel no tan visible como se querr\u00eda en conflictos actuales de enorme magnitud, -como los de <strong><a target=\"_blank\" href=\"https:\/\/www.perfil.com\/noticias\/internacional\/zelensky-sin-china-la-rusia-de-putin-es-nada.phtml\" rel=\"noopener noreferrer\">Ucrania<\/a> <\/strong>y <a target=\"_blank\" href=\"https:\/\/www.perfil.com\/noticias\/internacional\/la-onu-aporta-las-pruebas-del-genocidio-que-sistematicamente-viene-cometiendo-israel-en-gaza.phtml\" rel=\"noopener noreferrer\"><strong>Gaza<\/strong><\/a>&#8211; lo que contribuye al descr\u00e9dito y a la sensaci\u00f3n de que la organizaci\u00f3n no responde con la contundencia que los tiempos exigen. <\/p>\n<p>Sin embargo, ser\u00eda injusto ignorar sus logros. La erradicaci\u00f3n de la viruela liderada por la Organizaci\u00f3n Mundial de la Salud, el sistema internacional de protecci\u00f3n de refugiados -que sigue siendo un faro en medio de las crisis migratorias-, el Protocolo de Montreal -que salv\u00f3 la capa de ozono, las operaciones de paz que estabilizaron pa\u00edses como Namibia, Mozambique, Timor-Leste o Liberia-, las m\u00e1s de 55 millones de minas antipersonales retiradas, o los millones de ni\u00f1os salvados por las campa\u00f1as de UNICEF, son ejemplos concretos de que el multilateralismo puede dar frutos duraderos. <\/p>\n<p class=\"destacadoNota\"><a target=\"_blank\" href=\"https:\/\/www.perfil.com\/noticias\/actualidad\/un-dinosaurio-se-mete-en-la-onu-y-critica-a-las-potencias-que-derrochan-en-energias-fosiles.phtml\" rel=\"noopener noreferrer\">Un dinosaurio se meti\u00f3 en la ONU y critic\u00f3 a las potencias que derrochan en energ\u00edas f\u00f3siles<\/a><\/p>\n<p>La propia presencia de cascos azules en lugares como Sud\u00e1n del Sur o la Rep\u00fablica Democr\u00e1tica del Congo, protegiendo a civiles en riesgo inmediato, ilustra la vigencia del mandato fundacional de proteger la paz.<\/p>\n<p>Para quienes creemos en la integraci\u00f3n regional como instrumento de desarrollo y bienestar, la lecci\u00f3n es clara: debemos creer a\u00fan m\u00e1s en el paraguas de Naciones Unidas. La integraci\u00f3n regional nos permite sumar fuerzas entre vecinos, pero el multilateralismo global nos ofrece el marco universal en el que todas las naciones, grandes y peque\u00f1as, se encuentran en pie de igualdad. <\/p>\n<p>Por eso, m\u00e1s que desentendernos de la ONU, lo que <strong>debemos exigir es su reforma. Necesita \u00f3rganos de decisi\u00f3n m\u00e1s \u00e1giles<\/strong>, transparentes y representativos, que no solo expresen la voz de los gobiernos sino tambi\u00e9n, de alg\u00fan modo, la voz de los pueblos. Y aqu\u00ed aparece la cuesti\u00f3n central: la necesaria revisi\u00f3n y ampliaci\u00f3n del Consejo de Seguridad, democratizando su composici\u00f3n y funcionamiento para reflejar la realidad geopol\u00edtica del siglo XXI y no la del mundo de 1945. El desaf\u00edo de nuestro tiempo es democratizar una instituci\u00f3n creada en el siglo XX, sin perder de vista los valores y principios que le dieron origen.<\/p>\n<p>Ochenta a\u00f1os despu\u00e9s de San Francisco, sigue vigente la idea de que no hay paz posible sin reglas compartidas, ni seguridad sostenible sin cooperaci\u00f3n internacional. El mundo de hoy es m\u00e1s complejo, m\u00e1s fragmentado y m\u00e1s imprevisible que el de 1945. Precisamente por eso, necesitamos m\u00e1s multilateralismo, no menos. <\/p>\n<blockquote readability=\"7\">\n<p>El desaf\u00edo de nuestro tiempo es<strong> democratizar una instituci\u00f3n creada en el siglo XX<\/strong>, sin perder de vista los valores y principios que le dieron origen\u00bb<\/p>\n<\/blockquote>\n<p>Y aunque hoy Naciones Unidas no est\u00e9 de moda, sigue siendo<strong> el \u00fanico foro que nos re\u00fane a todos bajo un mismo techo<\/strong>. Reformarla, fortalecerla y dotarla de legitimidad no es una opci\u00f3n, sino que es la condici\u00f3n indispensable para garantizar que la paz y la justicia internacional sigan siendo bienes colectivos y no privilegios de unos pocos.<\/p>\n<p>En este punto, conviene advertir que<strong> la tentaci\u00f3n de refugiarse en el unilateralismo<\/strong> y en la l\u00f3gica de la confrontaci\u00f3n es tan fuerte como peligrosa. La narrativa que privilegia los intereses nacionales inmediatos sobre la cooperaci\u00f3n global gana terreno en muchos pa\u00edses. <\/p>\n<p>El repliegue sobre s\u00ed mismos de algunos Estados poderosos, que levantan muros f\u00edsicos y simb\u00f3licos, que se desentienden de los acuerdos internacionales y que pretenden reducir la pol\u00edtica exterior a una transacci\u00f3n de corto plazo, se alza como el reverso exacto del esp\u00edritu de San Francisco. <\/p>\n<p>El problema es que, en un mundo interdependiente, esa actitud no genera mayor soberan\u00eda ni m\u00e1s seguridad, sino que, por el contrario, genera m\u00e1s aislamiento y m\u00e1s fragilidad.<\/p>\n<p>El cambio clim\u00e1tico, las pandemias, la inteligencia artificial, la ciberseguridad, la proliferaci\u00f3n nuclear y los flujos migratorios son fen\u00f3menos que ning\u00fan pa\u00eds puede enfrentar en soledad. No hay ej\u00e9rcito ni presupuesto nacional capaz de reemplazar lo que solo puede lograrse con cooperaci\u00f3n global. Pensar lo contrario es ingenuo en el mejor de los casos y temerario en el peor. Frente a esas amenazas transnacionales, el multilateralismo no es un lujo sino una necesidad estrat\u00e9gica.<\/p>\n<p>Las Naciones Unidas cumplen 80 a\u00f1os en un tiempo dif\u00edcil, en el que abundan los discursos que las desacreditan. Pero lo cierto es que, si no existieran, habr\u00eda que inventarla. Y no solo inventarla, sino dotarla de m\u00e1s poder de decisi\u00f3n, de m\u00e1s legitimidad y de m\u00e1s democracia interna. La disyuntiva es clara: o reformamos la ONU para que pueda ser m\u00e1s eficaz en este siglo, o nos resignamos a un mundo regido por la ley del m\u00e1s fuerte. Quienes creemos en la integraci\u00f3n y en la cooperaci\u00f3n no podemos dudar de qu\u00e9 lado estar.<\/p>\n<h4><em>*Analista internacional, Director de la C\u00e1tedra Uni\u00f3n Europea-UCES<\/em><br \/><\/h4>\n","protected":false},"excerpt":{"rendered":"<p>El pasado 9 de septiembre, la diplom\u00e1tica alemana Annalena Baerbock declar\u00f3 abierto el octog\u00e9simo per\u00edodo de sesiones de la Asamblea General de las Naciones Unidas-que le est\u00e1 tocando presidir- bajo el lema \u201cMejor juntos: 80 a\u00f1os y m\u00e1s para la paz, el desarrollo y los Derechos Humanos.\u201d A ese evento sigui\u00f3, el 21 de septiembre, [&hellip;]<\/p>\n","protected":false},"author":1,"featured_media":118147,"comment_status":"closed","ping_status":"closed","sticky":false,"template":"","format":"standard","meta":[],"categories":[19],"tags":[2046,2043,2041,2044,2045,2042],"_links":{"self":[{"href":"http:\/\/hoycordobaweb.com\/index.php\/wp-json\/wp\/v2\/posts\/118146"}],"collection":[{"href":"http:\/\/hoycordobaweb.com\/index.php\/wp-json\/wp\/v2\/posts"}],"about":[{"href":"http:\/\/hoycordobaweb.com\/index.php\/wp-json\/wp\/v2\/types\/post"}],"author":[{"embeddable":true,"href":"http:\/\/hoycordobaweb.com\/index.php\/wp-json\/wp\/v2\/users\/1"}],"replies":[{"embeddable":true,"href":"http:\/\/hoycordobaweb.com\/index.php\/wp-json\/wp\/v2\/comments?post=118146"}],"version-history":[{"count":0,"href":"http:\/\/hoycordobaweb.com\/index.php\/wp-json\/wp\/v2\/posts\/118146\/revisions"}],"wp:featuredmedia":[{"embeddable":true,"href":"http:\/\/hoycordobaweb.com\/index.php\/wp-json\/wp\/v2\/media\/118147"}],"wp:attachment":[{"href":"http:\/\/hoycordobaweb.com\/index.php\/wp-json\/wp\/v2\/media?parent=118146"}],"wp:term":[{"taxonomy":"category","embeddable":true,"href":"http:\/\/hoycordobaweb.com\/index.php\/wp-json\/wp\/v2\/categories?post=118146"},{"taxonomy":"post_tag","embeddable":true,"href":"http:\/\/hoycordobaweb.com\/index.php\/wp-json\/wp\/v2\/tags?post=118146"}],"curies":[{"name":"wp","href":"https:\/\/api.w.org\/{rel}","templated":true}]}}