{"id":118130,"date":"2025-09-26T02:43:31","date_gmt":"2025-09-26T02:43:31","guid":{"rendered":"https:\/\/www.ole.com.ar\/futbol-internacional\/libertadores\/racing-copa-libertadores-semifinal-copa-libertadores-flamengo-rival_0_AZZD0aOgXR.html"},"modified":"2025-09-26T02:43:31","modified_gmt":"2025-09-26T02:43:31","slug":"racing-espera-por-flamengo-cuando-se-juega-y-donde-definen","status":"publish","type":"post","link":"http:\/\/hoycordobaweb.com\/index.php\/2025\/09\/26\/racing-espera-por-flamengo-cuando-se-juega-y-donde-definen\/","title":{"rendered":"Racing espera por Flamengo: cu\u00e1ndo se juega y d\u00f3nde definen"},"content":{"rendered":"<p><img src=\"http:\/\/hoycordobaweb.com\/wp-content\/uploads\/2025\/09\/racing-espera-por-flamengo-cuando-se-juega-y-donde-definen.jpg\"><\/p>\n<p><span class=\"createDate\">25\/09\/2025 23:43hs.<\/span><time class=\"modificatedDate\" datetime=\"2025-09-26T00:13:41-03:00\"> Actualizado al 26\/09\/2025 00:13hs.<\/time><\/p>\n<div id=\"storyBody\">\n<div class=\"custom-text \" readability=\"29.803977272727\">\n<p>Despu\u00e9s de 28 a\u00f1os, la Academia <a href=\"https:\/\/www.ole.com.ar\/futbol-internacional\/libertadores\/racing-festejo-copa-libertadores-semifinales-video_0_7DQSlfQCeK.html\" title=\"consigui\u00f3 la clasificaci\u00f3n\" alt=\"consigui\u00f3 la clasificaci\u00f3n\">consigui\u00f3 la clasificaci\u00f3n<\/a> a una semifinal de <strong><a href=\"https:\/\/www.ole.com.ar\/tema\/copa-libertadores.html\" title=\"Copa Libertadores\" alt=\"Copa Libertadores\" class=\"slug\">Copa Libertadores<\/a><\/strong> y sue\u00f1a con levantar el segundo t\u00edtulo en su historia. Sin embargo, no la tendr\u00e1 nada f\u00e1cil, porque este jueves conoci\u00f3 que <strong>deber\u00e1 enfrentar a nada menos que a <a href=\"https:\/\/www.ole.com.ar\/tema\/flamengo.html\" target=\"_blank\" title=\"Flamengo\" alt=\"Flamengo\" class=\"slug\" rel=\"noopener noreferrer\">Flamengo<\/a>, <\/strong>que <a href=\"https:\/\/www.ole.com.ar\/futbol-internacional\/libertadores\/estudiantes-flamengo_0_4GAGuO2O5S.html\" target=\"_blank\" title=\"acaba de eliminar a Estudiante\" alt=\"acaba de eliminar a Estudiante\" rel=\"noopener noreferrer\">acaba de eliminar a Estudiante<\/a>s en una tremenda definici\u00f3n por penales.<\/p>\n<\/div>\n<div class=\"custom-text \" readability=\"38\">\n<p><strong>El equipo de Gustavo Costas se meti\u00f3 en semis luego de imponerse por un resultado global de 2-0 ante el V\u00e9lez<\/strong> de Barros Schelotto. La ida fue victoria por la m\u00ednima en Liniers, con gol de Maravilla Mart\u00ednez, mientras que en la vuelta lo liquid\u00f3 de local con el gol de Santiago Solari, para as\u00ed meterse entre los cuatro mejores del continente.<\/p>\n<\/div>\n<div class=\"sc-e7b891c4-0 ifHnQL image-embed\"><img alt=\"Racing viene de clasificarse en Avellaneda.\n(Foto Marcelo Carroll - FTP CLARIN)\" loading=\"lazy\" width=\"720\" height=\"100\" decoding=\"async\" data-nimg=\"1\" src=\"http:\/\/hoycordobaweb.com\/wp-content\/uploads\/2025\/09\/racing-espera-por-flamengo-cuando-se-juega-y-donde-definen-2.jpg\"><span class=\"epigraphe\">Racing viene de clasificarse en Avellaneda.<br \/>\n(Foto Marcelo Carroll &#8211; FTP CLARIN)<\/span><\/div>\n<div class=\"custom-text \" readability=\"38\">\n<p>La otra llave comenz\u00f3 con un 2-1 a favor de Flamengo en Brasil. El Mengao comenz\u00f3 ganando al minuto de juego y a los 9\u00b4 ya ganaba por dos en un partido que pintaba para goleada, pero se relaj\u00f3 y sobre la hora recibi\u00f3 el descuento de Guido Carrillo. En la vuelta, el Pincha igual\u00f3 la serie con el gol de Benedetti, pero <strong>en los penales se impuso el cuadro carioca.<\/strong><\/p>\n<\/div>\n<div class=\"custom-text \" readability=\"37\">\n<p>De esta manera, la Academia y el Mengao se ver\u00e1n las caras por un lugar en la gran final de la Copa Libertadores, donde aspiran a cruzarse con el ganador entre Palmeiras y Liga de Quito, que van del otro lado de la llave. Cabe destacar que <strong>el conjunto de Avellaneda definir\u00e1 la serie de local.<\/strong><\/p>\n<\/div>\n<div class=\"sc-e7b891c4-0 ifHnQL image-embed\"><img alt=\"Flamengo elimin\u00f3 a Estudiantes en Uno. (AP Photo\/Gustavo Garello)\" loading=\"lazy\" width=\"720\" height=\"100\" decoding=\"async\" data-nimg=\"1\" src=\"http:\/\/hoycordobaweb.com\/wp-content\/uploads\/2025\/09\/racing-espera-por-flamengo-cuando-se-juega-y-donde-definen-3.jpg\"><span class=\"epigraphe\">Flamengo elimin\u00f3 a Estudiantes en Uno. (AP Photo\/Gustavo Garello)<\/span><\/div>\n<p><h2><strong>Cu\u00e1ndo se juegan las semifinales de la Copa Libertadores<\/strong><\/h2>\n<\/p>\n<div class=\"custom-text \" readability=\"39\">\n<p>A\u00fan resta conocerse el d\u00eda y horario exacto para los encuentros de semifinal de la Copa Libertadores, pero por lo pronto lo que se sabe es que<strong> la ida se llevar\u00e1 a cabo durante la semana del martes 21 de octubre, <\/strong>en R\u00edo de Janeiro, mientras que <strong>la definici\u00f3n ser\u00e1 en Avellaneda, exactamente una semana despu\u00e9s.<\/strong><\/p>\n<\/div>\n<p><h2><strong>La \u00faltima vez que Racing y Flamengo se enfrentaron<\/strong><\/h2>\n<\/p>\n<div class=\"custom-text \" readability=\"38\">\n<p>El \u00faltimo cruce entre estos dos equipos tambi\u00e9n se dio en el marco de la Copa Libertadores, pero en una instancia mucho menor<strong>. En la edici\u00f3n del 2023, compartieron la fase de grupos<\/strong>. El primer encuentro en Avellaneda fue empate 1-1, mientras que el segundo en Brasil se lo llev\u00f3 Flamengo por 2-1.<\/p>\n<\/div>\n<div class=\"custom-text \" readability=\"36\">\n<p>Tres a\u00f1os atr\u00e1s, en la <strong>Libertadores 2020, Racing elimin\u00f3 al Mengao por penales<\/strong> en los octavos de final, luego de un empate global de 1-1.<\/p>\n<\/div>\n<p><h2><strong>El cuadro de la Copa Libertadores<\/strong><\/h2>\n<\/p>\n<div class=\"sc-e7b891c4-0 ifHnQL image-embed\"><img alt=\"La llave de la Libertadores. \" loading=\"lazy\" width=\"720\" height=\"100\" decoding=\"async\" data-nimg=\"1\" src=\"http:\/\/hoycordobaweb.com\/wp-content\/uploads\/2025\/09\/racing-espera-por-flamengo-cuando-se-juega-y-donde-definen-4.jpg\"><span class=\"epigraphe\">La llave de la Libertadores. <\/span><\/div>\n<div class=\"sc-a7166897-0 eoLsBE\" readability=\"6\">\n<section readability=\"2\"><picture><img alt=\"La llave de la Libertadores: Racing con Flamengo en semifinales\" loading=\"lazy\" width=\"290\" height=\"290\" decoding=\"async\" data-nimg=\"1\" src=\"http:\/\/hoycordobaweb.com\/wp-content\/uploads\/2025\/09\/racing-espera-por-flamengo-cuando-se-juega-y-donde-definen-5.jpg\"><\/picture>\n<p><span>Mir\u00e1 tambi\u00e9n<\/span><\/p>\n<hr>\n<h3>La llave de la Libertadores: Racing con Flamengo en semifinales<\/h3>\n<\/p>\n<\/section>\n<\/div>\n<div class=\"sc-a7166897-0 eoLsBE\" readability=\"6\">\n<section readability=\"2\"><picture><img alt=\"Flamengo le gan\u00f3 a Estudiantes por penales y ser\u00e1 rival de Racing en la semi\" loading=\"lazy\" width=\"290\" height=\"290\" decoding=\"async\" data-nimg=\"1\" src=\"http:\/\/hoycordobaweb.com\/wp-content\/uploads\/2025\/09\/racing-espera-por-flamengo-cuando-se-juega-y-donde-definen-6.jpg\"><\/picture>\n<p><span>Mir\u00e1 tambi\u00e9n<\/span><\/p>\n<hr>\n<h3>Flamengo le gan\u00f3 a Estudiantes por penales y ser\u00e1 rival de Racing en la semi<\/h3>\n<\/p>\n<\/section>\n<\/div>\n<div class=\"sc-a7166897-0 eoLsBE\" readability=\"6\">\n<section readability=\"2\"><picture><img alt=\"Cu\u00e1ndo y contra qui\u00e9n juega Lan\u00fas la semifinal de la Sudamericana\" loading=\"lazy\" width=\"290\" height=\"290\" decoding=\"async\" data-nimg=\"1\" src=\"http:\/\/hoycordobaweb.com\/wp-content\/uploads\/2025\/09\/racing-espera-por-flamengo-cuando-se-juega-y-donde-definen-7.jpg\"><\/picture>\n<p><span>Mir\u00e1 tambi\u00e9n<\/span><\/p>\n<hr>\n<h3>Cu\u00e1ndo y contra qui\u00e9n juega Lan\u00fas la semifinal de la Sudamericana<\/h3>\n<\/p>\n<\/section>\n<\/div>\n<div class=\"sc-a7166897-0 eoLsBE\" readability=\"6\">\n<section readability=\"2\"><picture><img alt=\"Video: el golazo de Benedetti a Flamengo\" loading=\"lazy\" width=\"290\" height=\"290\" decoding=\"async\" data-nimg=\"1\" src=\"http:\/\/hoycordobaweb.com\/wp-content\/uploads\/2025\/09\/racing-espera-por-flamengo-cuando-se-juega-y-donde-definen-8.jpg\"><\/picture>\n<p><span>Mir\u00e1 tambi\u00e9n<\/span><\/p>\n<hr>\n<h3>Video: el golazo de Benedetti a Flamengo<\/h3>\n<\/p>\n<\/section>\n<\/div>\n<\/div>\n","protected":false},"excerpt":{"rendered":"<p>25\/09\/2025 23:43hs. Actualizado al 26\/09\/2025 00:13hs. Despu\u00e9s de 28 a\u00f1os, la Academia consigui\u00f3 la clasificaci\u00f3n a una semifinal de Copa Libertadores y sue\u00f1a con levantar el segundo t\u00edtulo en su historia. Sin embargo, no la tendr\u00e1 nada f\u00e1cil, porque este jueves conoci\u00f3 que deber\u00e1 enfrentar a nada menos que a Flamengo, que acaba de eliminar [&hellip;]<\/p>\n","protected":false},"author":1,"featured_media":118131,"comment_status":"open","ping_status":"closed","sticky":false,"template":"","format":"standard","meta":[],"categories":[16],"tags":[],"_links":{"self":[{"href":"http:\/\/hoycordobaweb.com\/index.php\/wp-json\/wp\/v2\/posts\/118130"}],"collection":[{"href":"http:\/\/hoycordobaweb.com\/index.php\/wp-json\/wp\/v2\/posts"}],"about":[{"href":"http:\/\/hoycordobaweb.com\/index.php\/wp-json\/wp\/v2\/types\/post"}],"author":[{"embeddable":true,"href":"http:\/\/hoycordobaweb.com\/index.php\/wp-json\/wp\/v2\/users\/1"}],"replies":[{"embeddable":true,"href":"http:\/\/hoycordobaweb.com\/index.php\/wp-json\/wp\/v2\/comments?post=118130"}],"version-history":[{"count":0,"href":"http:\/\/hoycordobaweb.com\/index.php\/wp-json\/wp\/v2\/posts\/118130\/revisions"}],"wp:featuredmedia":[{"embeddable":true,"href":"http:\/\/hoycordobaweb.com\/index.php\/wp-json\/wp\/v2\/media\/118131"}],"wp:attachment":[{"href":"http:\/\/hoycordobaweb.com\/index.php\/wp-json\/wp\/v2\/media?parent=118130"}],"wp:term":[{"taxonomy":"category","embeddable":true,"href":"http:\/\/hoycordobaweb.com\/index.php\/wp-json\/wp\/v2\/categories?post=118130"},{"taxonomy":"post_tag","embeddable":true,"href":"http:\/\/hoycordobaweb.com\/index.php\/wp-json\/wp\/v2\/tags?post=118130"}],"curies":[{"name":"wp","href":"https:\/\/api.w.org\/{rel}","templated":true}]}}