{"id":117949,"date":"2025-09-24T20:01:56","date_gmt":"2025-09-24T20:01:56","guid":{"rendered":"https:\/\/www.trendencias.com\/belleza\/adios-a-unas-larguisimas-unas-cortas-estan-moda-asi-se-llevan-forma-elegante"},"modified":"2025-09-24T20:01:56","modified_gmt":"2025-09-24T20:01:56","slug":"adios-a-las-unas-larguisimas-las-unas-cortas-estan-de-moda-y-asi-se-llevan-de-la-forma-mas-elegante","status":"publish","type":"post","link":"http:\/\/hoycordobaweb.com\/index.php\/2025\/09\/24\/adios-a-las-unas-larguisimas-las-unas-cortas-estan-de-moda-y-asi-se-llevan-de-la-forma-mas-elegante\/","title":{"rendered":"Adi\u00f3s a las u\u00f1as largu\u00edsimas: las u\u00f1as cortas est\u00e1n de moda y as\u00ed se llevan de la forma m\u00e1s elegante"},"content":{"rendered":"<p>Estos a\u00f1os atr\u00e1s hemos visto c\u00f3mo las u\u00f1as largas triunfaban por encima de otras larguras, es m\u00e1s la versi\u00f3n XXL era precisamente la que m\u00e1s se buscaba en los salones de belleza. Pero poco a poco y gracias a la est\u00e9tica <a class=\"text-outboundlink\" href=\"https:\/\/www.trendencias.com\/belleza\/nueve-manicuras-estilo-old-money-que-ideales-para-mujeres-elegantes\" data-vars-post-title=\"Nueve manicuras estilo old money que son ideales para mujeres elegantes \" data-vars-post-url=\"https:\/\/www.trendencias.com\/belleza\/nueve-manicuras-estilo-old-money-que-ideales-para-mujeres-elegantes\">old money<\/a> <strong>las u\u00f1as cortas y naturales<\/strong> se han ido afianzando y r\u00e1pidamente han tenido una estupenda acogida entre las amantes de las manicuras elegantes y cuidadas.<\/p>\n<p>Las manicuras de acabado limpio como las <a class=\"text-outboundlink\" href=\"https:\/\/www.trendencias.com\/belleza\/que-unas-jabon-que-ultima-tendencia-manicura-que-pediremos-parar\" data-vars-post-title=\"Qu\u00e9 son las u\u00f1as jab\u00f3n y por qu\u00e9 es la \u00faltima en tendencia en manicura que pediremos sin parar\" data-vars-post-url=\"https:\/\/www.trendencias.com\/belleza\/que-unas-jabon-que-ultima-tendencia-manicura-que-pediremos-parar\"><em>soap nails<\/em><\/a> o las <a class=\"text-outboundlink\" href=\"https:\/\/www.trendencias.com\/belleza\/manicura-no-tienen-tiempo-hacerse-manicura\" data-vars-post-title=\"Si eres de las que no tiene mucho tiempo para ir al sal\u00f3n de belleza, esta manicura tendencia te interesa\" data-vars-post-url=\"https:\/\/www.trendencias.com\/belleza\/manicura-no-tienen-tiempo-hacerse-manicura\">u\u00f1as de efecto velo de seda<\/a> cada vez son m\u00e1s demandas, porque ahora lo que impera es la sencillez elegante, y este tipo de manicuras encajan a las mil maravillas sobre u\u00f1as cortas. Y este oto\u00f1o 2025 veremos c\u00f3mo <strong>el regreso de las u\u00f1as cortas vive su gran momento<\/strong>.<\/p>\n<p>Pero esta tendencia no es algo que solo hayamos detectado nosotras como expertas en belleza, sino que en los salones de belleza tambi\u00e9n han notado mucho esta nueva tendencia de u\u00f1as cortas. En el sal\u00f3n madrile\u00f1o&nbsp;<a rel=\"noopener, noreferrer noopener\" href=\"https:\/\/thesecretlab.es\/\" target=\"_blank\">The Secret Lab<\/a>&nbsp;aseguran que: \u201cCada vez m\u00e1s clientas llegan pidiendo un largo m\u00e1s discreto\u201d. \u201cMuchas de ellas, acostumbradas a las u\u00f1as largas, han descubierto la comodidad y la versatilidad de este estilo y no quieren volver atr\u00e1s\u201d, afirman.<\/p>\n<p><!-- BREAK 1 --> <\/p>\n<div class=\"article-asset-image article-asset-normal article-asset-center\">\n<div class=\"asset-content\"> <a rel=\"noopener, noreferrer\" href=\"https:\/\/www.instagram.com\/p\/C8EegUWMRAl\/?hl=es\"> <img class=\"centro_sinmarco\" height=\"773\" width=\"1194\" loading=\"lazy\" decoding=\"async\" sizes=\"100vw\" fetchpriority=\"high\" srcset=\"http:\/\/hoycordobaweb.com\/wp-content\/uploads\/2025\/09\/adios-a-las-unas-larguisimas-las-unas-cortas-estan-de-moda-y-asi-se-llevan-de-la-forma-mas-elegante.jpg 450w, http:\/\/hoycordobaweb.com\/wp-content\/uploads\/2025\/09\/adios-a-las-unas-larguisimas-las-unas-cortas-estan-de-moda-y-asi-se-llevan-de-la-forma-mas-elegante-6.jpg 681w, http:\/\/hoycordobaweb.com\/wp-content\/uploads\/2025\/09\/adios-a-las-unas-larguisimas-las-unas-cortas-estan-de-moda-y-asi-se-llevan-de-la-forma-mas-elegante-7.jpg 1024w, http:\/\/hoycordobaweb.com\/wp-content\/uploads\/2025\/09\/adios-a-las-unas-larguisimas-las-unas-cortas-estan-de-moda-y-asi-se-llevan-de-la-forma-mas-elegante-8.jpg 1366w\" src=\"http:\/\/hoycordobaweb.com\/wp-content\/uploads\/2025\/09\/adios-a-las-unas-larguisimas-las-unas-cortas-estan-de-moda-y-asi-se-llevan-de-la-forma-mas-elegante.jpg\" alt=\"Sin Titulo\"> <noscript><img alt=\"Sin Titulo\" class=\"centro_sinmarco\" src=\"http:\/\/hoycordobaweb.com\/wp-content\/uploads\/2025\/09\/adios-a-las-unas-larguisimas-las-unas-cortas-estan-de-moda-y-asi-se-llevan-de-la-forma-mas-elegante.jpg\"><\/noscript> <\/a> <\/div>\n<\/div>\n<p>Podr\u00edamos pensar que uno de los grandes motivos es la practicidad y desde luego que puede llegar a ser un factor determinante. Pero las tendencia enfocadas al minimalismo tambi\u00e9n se han extrapolado a las u\u00f1as y el largo en este tipo de manicuras es determinante. Se busca u\u00f1as que luzcan bonitas, sin excesos y con un largo discreto y elegante. Por este motivo manicuras cl\u00e1sicas como la manicura francesa han evolucionado hacia una versi\u00f3n m\u00ednima, la <strong>francesa XS<\/strong> que es s\u00faper atractiva y se adapta genial a las u\u00f1as cortas.<\/p>\n<p><!-- BREAK 2 --><\/p>\n<div class=\"article-asset-image article-asset-normal article-asset-center\">\n<div class=\"asset-content\"> <a rel=\"noopener, noreferrer\" href=\"https:\/\/www.instagram.com\/p\/CcQZvejlUSb\/?img_index=1\"> <img class=\"centro_sinmarco\" height=\"774\" width=\"1373\" loading=\"lazy\" decoding=\"async\" sizes=\"100vw\" fetchpriority=\"high\" srcset=\"http:\/\/hoycordobaweb.com\/wp-content\/uploads\/2025\/09\/adios-a-las-unas-larguisimas-las-unas-cortas-estan-de-moda-y-asi-se-llevan-de-la-forma-mas-elegante-1.jpg 450w, http:\/\/hoycordobaweb.com\/wp-content\/uploads\/2025\/09\/adios-a-las-unas-larguisimas-las-unas-cortas-estan-de-moda-y-asi-se-llevan-de-la-forma-mas-elegante-9.jpg 681w, http:\/\/hoycordobaweb.com\/wp-content\/uploads\/2025\/09\/adios-a-las-unas-larguisimas-las-unas-cortas-estan-de-moda-y-asi-se-llevan-de-la-forma-mas-elegante-10.jpg 1024w, http:\/\/hoycordobaweb.com\/wp-content\/uploads\/2025\/09\/adios-a-las-unas-larguisimas-las-unas-cortas-estan-de-moda-y-asi-se-llevan-de-la-forma-mas-elegante-11.jpg 1366w\" src=\"http:\/\/hoycordobaweb.com\/wp-content\/uploads\/2025\/09\/adios-a-las-unas-larguisimas-las-unas-cortas-estan-de-moda-y-asi-se-llevan-de-la-forma-mas-elegante-1.jpg\" alt=\"Sin Titulo\"> <noscript><img alt=\"Sin Titulo\" class=\"centro_sinmarco\" src=\"http:\/\/hoycordobaweb.com\/wp-content\/uploads\/2025\/09\/adios-a-las-unas-larguisimas-las-unas-cortas-estan-de-moda-y-asi-se-llevan-de-la-forma-mas-elegante-1.jpg\"><\/noscript> <\/a> <\/div>\n<\/div>\n<p>Pero no solamente la <a class=\"text-outboundlink\" href=\"https:\/\/www.trendencias.com\/belleza\/como-se-hace-manicura-francesa-paso-a-paso-19-ideas-originales-para-lucir-unas\" data-vars-post-title=\"C\u00f3mo se hace la manicura francesa paso a paso y 19 ideas originales para lucir u\u00f1as\" data-vars-post-url=\"https:\/\/www.trendencias.com\/belleza\/como-se-hace-manicura-francesa-paso-a-paso-19-ideas-originales-para-lucir-unas\">manicura francesa<\/a> luce estupendamente en u\u00f1as cortas, sino que hay muchas otras tendencias del momento que funcionan con este largura. La clave est\u00e1 en la forma de las u\u00f1as y la que mejor encaja con este largo es <strong>la cuadrada con esquinas suavizadas<\/strong>. Porque las u\u00f1as completamente cuadradas no son tan favorecedores, especialmente cuando se tiene las u\u00f1as anchas o peque\u00f1as. En cambio refinando los bordes para que no sea un cuadrado puro, se logra un efecto m\u00e1s refinado.<\/p>\n<p><!-- BREAK 3 --> <\/p>\n<div class=\"article-asset-image article-asset-normal article-asset-center\">\n<div class=\"asset-content\"> <a rel=\"noopener, noreferrer\" href=\"https:\/\/www.instagram.com\/p\/DLYLNObsIKC\/?img_index=2\"> <img class=\"centro_sinmarco\" height=\"765\" width=\"1160\" loading=\"lazy\" decoding=\"async\" sizes=\"100vw\" fetchpriority=\"high\" srcset=\"http:\/\/hoycordobaweb.com\/wp-content\/uploads\/2025\/09\/adios-a-las-unas-larguisimas-las-unas-cortas-estan-de-moda-y-asi-se-llevan-de-la-forma-mas-elegante-2.jpg 450w, http:\/\/hoycordobaweb.com\/wp-content\/uploads\/2025\/09\/adios-a-las-unas-larguisimas-las-unas-cortas-estan-de-moda-y-asi-se-llevan-de-la-forma-mas-elegante-12.jpg 681w, http:\/\/hoycordobaweb.com\/wp-content\/uploads\/2025\/09\/adios-a-las-unas-larguisimas-las-unas-cortas-estan-de-moda-y-asi-se-llevan-de-la-forma-mas-elegante-13.jpg 1024w, http:\/\/hoycordobaweb.com\/wp-content\/uploads\/2025\/09\/adios-a-las-unas-larguisimas-las-unas-cortas-estan-de-moda-y-asi-se-llevan-de-la-forma-mas-elegante-14.jpg 1366w\" src=\"http:\/\/hoycordobaweb.com\/wp-content\/uploads\/2025\/09\/adios-a-las-unas-larguisimas-las-unas-cortas-estan-de-moda-y-asi-se-llevan-de-la-forma-mas-elegante-2.jpg\" alt=\"Sin Titulo\"> <noscript><img alt=\"Sin Titulo\" class=\"centro_sinmarco\" src=\"http:\/\/hoycordobaweb.com\/wp-content\/uploads\/2025\/09\/adios-a-las-unas-larguisimas-las-unas-cortas-estan-de-moda-y-asi-se-llevan-de-la-forma-mas-elegante-2.jpg\"><\/noscript> <\/a> <\/div>\n<\/div>\n<p>Los tonos claros, limpios y naturales son la gran elecci\u00f3n, buscando un perfeccionamiento de las u\u00f1as, por eso <strong>los tonos neutros, rosas y cremas<\/strong> son los m\u00e1s buscados y por supuesto con un extra de brillo que aporte ese acabado jugoso tan favorecedor y elegante.<\/p>\n<p><!-- BREAK 4 --><\/p>\n<div class=\"article-asset-image article-asset-normal article-asset-center\">\n<div class=\"asset-content\"> <a rel=\"noopener, noreferrer\" href=\"https:\/\/www.instagram.com\/p\/DL22BB8M4hT\/?img_index=1\"> <img class=\"centro_sinmarco\" height=\"766\" width=\"1195\" loading=\"lazy\" decoding=\"async\" sizes=\"100vw\" fetchpriority=\"high\" srcset=\"http:\/\/hoycordobaweb.com\/wp-content\/uploads\/2025\/09\/adios-a-las-unas-larguisimas-las-unas-cortas-estan-de-moda-y-asi-se-llevan-de-la-forma-mas-elegante-3.jpg 450w, http:\/\/hoycordobaweb.com\/wp-content\/uploads\/2025\/09\/adios-a-las-unas-larguisimas-las-unas-cortas-estan-de-moda-y-asi-se-llevan-de-la-forma-mas-elegante-15.jpg 681w, http:\/\/hoycordobaweb.com\/wp-content\/uploads\/2025\/09\/adios-a-las-unas-larguisimas-las-unas-cortas-estan-de-moda-y-asi-se-llevan-de-la-forma-mas-elegante-16.jpg 1024w, http:\/\/hoycordobaweb.com\/wp-content\/uploads\/2025\/09\/adios-a-las-unas-larguisimas-las-unas-cortas-estan-de-moda-y-asi-se-llevan-de-la-forma-mas-elegante-17.jpg 1366w\" src=\"http:\/\/hoycordobaweb.com\/wp-content\/uploads\/2025\/09\/adios-a-las-unas-larguisimas-las-unas-cortas-estan-de-moda-y-asi-se-llevan-de-la-forma-mas-elegante-3.jpg\" alt=\"Sin Titulo\"> <noscript><img alt=\"Sin Titulo\" class=\"centro_sinmarco\" src=\"http:\/\/hoycordobaweb.com\/wp-content\/uploads\/2025\/09\/adios-a-las-unas-larguisimas-las-unas-cortas-estan-de-moda-y-asi-se-llevan-de-la-forma-mas-elegante-3.jpg\"><\/noscript> <\/a> <\/div>\n<\/div>\n<p>Los dise\u00f1os de u\u00f1as con peque\u00f1os detalles o efecto 3D tambi\u00e9n se pueden lucir en u\u00f1as cortas y quedan sumamente distinguidas sobre bases naturales. Como aconsejan las expertas de The Secret Lab, \u201cen el caso de las perlas, por ejemplo, recomendamos que, en lugar de cubrir toda la u\u00f1a, se opte por una o dos perlas peque\u00f1as en puntos clave, como cerca de la cut\u00edcula, en el centro de la u\u00f1a o formando un peque\u00f1o detalle lineal\u201d.<\/p>\n<p><!-- BREAK 5 --><\/p>\n<div class=\"article-asset-image article-asset-normal article-asset-center\">\n<div class=\"asset-content\"> <a rel=\"noopener, noreferrer\" href=\"https:\/\/www.instagram.com\/p\/DNlJqPooCkS\/\"> <img class=\"centro_sinmarco\" height=\"773\" width=\"1154\" loading=\"lazy\" decoding=\"async\" sizes=\"100vw\" fetchpriority=\"high\" srcset=\"http:\/\/hoycordobaweb.com\/wp-content\/uploads\/2025\/09\/adios-a-las-unas-larguisimas-las-unas-cortas-estan-de-moda-y-asi-se-llevan-de-la-forma-mas-elegante-4.jpg 450w, http:\/\/hoycordobaweb.com\/wp-content\/uploads\/2025\/09\/adios-a-las-unas-larguisimas-las-unas-cortas-estan-de-moda-y-asi-se-llevan-de-la-forma-mas-elegante-18.jpg 681w, http:\/\/hoycordobaweb.com\/wp-content\/uploads\/2025\/09\/adios-a-las-unas-larguisimas-las-unas-cortas-estan-de-moda-y-asi-se-llevan-de-la-forma-mas-elegante-19.jpg 1024w, http:\/\/hoycordobaweb.com\/wp-content\/uploads\/2025\/09\/adios-a-las-unas-larguisimas-las-unas-cortas-estan-de-moda-y-asi-se-llevan-de-la-forma-mas-elegante-20.jpg 1366w\" src=\"http:\/\/hoycordobaweb.com\/wp-content\/uploads\/2025\/09\/adios-a-las-unas-larguisimas-las-unas-cortas-estan-de-moda-y-asi-se-llevan-de-la-forma-mas-elegante-4.jpg\" alt=\"Sin Titulo\"> <noscript><img alt=\"Sin Titulo\" class=\"centro_sinmarco\" src=\"http:\/\/hoycordobaweb.com\/wp-content\/uploads\/2025\/09\/adios-a-las-unas-larguisimas-las-unas-cortas-estan-de-moda-y-asi-se-llevan-de-la-forma-mas-elegante-4.jpg\"><\/noscript> <\/a> <\/div>\n<\/div>\n<p>Pero si eres de las que est\u00e1 pensando en los <a class=\"text-outboundlink\" href=\"https:\/\/www.trendencias.com\/belleza\/siete-colores-unas-elegantes-que-dominaran-este-otono-2025\" data-vars-post-title=\"Los siete colores de u\u00f1as m\u00e1s elegantes que dominar\u00e1n este oto\u00f1o 2025 \" data-vars-post-url=\"https:\/\/www.trendencias.com\/belleza\/siete-colores-unas-elegantes-que-dominaran-este-otono-2025\">tonos tendencia de oto\u00f1o<\/a>, no tengas ninguna duda de que se ven incre\u00edbles sobre u\u00f1as cortas. Los tonos marrones, los tonos verdes y borgo\u00f1as son una gran elecci\u00f3n, y si algo consiguen los colores m\u00e1s oscuros es embellecer las manos <strong>gracias al contraste que aportan<\/strong>. Pero no solo eso, las expertas se\u00f1alan que&nbsp;\u201cadem\u00e1s, los esmaltes oscuros disimulan cualquier irregularidad en el lecho ungueal\u201d. Precisamente por esta versatilidad muchas son las mujeres que no han tenido ning\u00fan reparo en apostar por larguras m\u00e1s discretas.<\/p>\n<p>En Trendencias | <a class=\"text-outboundlink\" href=\"https:\/\/www.trendencias.com\/belleza\/bases-maquillaje-cual-mejor-comprar-consejos-recomendaciones\" data-vars-post-title=\"Bases de maquillaje: \u00bfcu\u00e1l es mejor comprar? Consejos y recomendaciones\" data-vars-post-url=\"https:\/\/www.trendencias.com\/belleza\/bases-maquillaje-cual-mejor-comprar-consejos-recomendaciones\">Bases de maquillaje: \u00bfcu\u00e1l es mejor comprar? Consejos y recomendaciones<\/a><\/p>\n<p>En Trendencias |&nbsp;<a class=\"text-outboundlink\" href=\"https:\/\/www.trendencias.com\/belleza\/11-mejores-fijadores-tu-maquillaje-aguante-intacto\" data-vars-post-title=\"Los 11 mejores fijadores para que tu maquillaje aguante intacto\" data-vars-post-url=\"https:\/\/www.trendencias.com\/belleza\/11-mejores-fijadores-tu-maquillaje-aguante-intacto\">Los 11 mejores fijadores para que tu maquillaje aguante intacto<\/a><\/p>\n<p><!-- BREAK 6 --> <\/p>\n","protected":false},"excerpt":{"rendered":"<p>Estos a\u00f1os atr\u00e1s hemos visto c\u00f3mo las u\u00f1as largas triunfaban por encima de otras larguras, es m\u00e1s la versi\u00f3n XXL era precisamente la que m\u00e1s se buscaba en los salones de belleza. Pero poco a poco y gracias a la est\u00e9tica old money las u\u00f1as cortas y naturales se han ido afianzando y r\u00e1pidamente han [&hellip;]<\/p>\n","protected":false},"author":1,"featured_media":117950,"comment_status":"closed","ping_status":"closed","sticky":false,"template":"","format":"standard","meta":[],"categories":[],"tags":[],"_links":{"self":[{"href":"http:\/\/hoycordobaweb.com\/index.php\/wp-json\/wp\/v2\/posts\/117949"}],"collection":[{"href":"http:\/\/hoycordobaweb.com\/index.php\/wp-json\/wp\/v2\/posts"}],"about":[{"href":"http:\/\/hoycordobaweb.com\/index.php\/wp-json\/wp\/v2\/types\/post"}],"author":[{"embeddable":true,"href":"http:\/\/hoycordobaweb.com\/index.php\/wp-json\/wp\/v2\/users\/1"}],"replies":[{"embeddable":true,"href":"http:\/\/hoycordobaweb.com\/index.php\/wp-json\/wp\/v2\/comments?post=117949"}],"version-history":[{"count":0,"href":"http:\/\/hoycordobaweb.com\/index.php\/wp-json\/wp\/v2\/posts\/117949\/revisions"}],"wp:featuredmedia":[{"embeddable":true,"href":"http:\/\/hoycordobaweb.com\/index.php\/wp-json\/wp\/v2\/media\/117950"}],"wp:attachment":[{"href":"http:\/\/hoycordobaweb.com\/index.php\/wp-json\/wp\/v2\/media?parent=117949"}],"wp:term":[{"taxonomy":"category","embeddable":true,"href":"http:\/\/hoycordobaweb.com\/index.php\/wp-json\/wp\/v2\/categories?post=117949"},{"taxonomy":"post_tag","embeddable":true,"href":"http:\/\/hoycordobaweb.com\/index.php\/wp-json\/wp\/v2\/tags?post=117949"}],"curies":[{"name":"wp","href":"https:\/\/api.w.org\/{rel}","templated":true}]}}