{"id":117943,"date":"2025-09-24T14:16:51","date_gmt":"2025-09-24T14:16:51","guid":{"rendered":"https:\/\/www.mujerhoy.com\/moda\/pasarelas\/semana-moda-milan-mejores-desfiles-primavera-verano-2026-gucci-fendi-max-mara-20250923160918-nt.html"},"modified":"2025-09-24T14:16:51","modified_gmt":"2025-09-24T14:16:51","slug":"los-mejores-desfiles-de-la-semana-de-la-moda-de-milan-de-la-tendencia-sport-chic-de-fendi-al-futurismo-interactivo-de-diesel","status":"publish","type":"post","link":"http:\/\/hoycordobaweb.com\/index.php\/2025\/09\/24\/los-mejores-desfiles-de-la-semana-de-la-moda-de-milan-de-la-tendencia-sport-chic-de-fendi-al-futurismo-interactivo-de-diesel\/","title":{"rendered":"Los mejores desfiles de la Semana de la Moda de Mil\u00e1n: de la tendencia sport-chic de Fendi al futurismo interactivo de Diesel"},"content":{"rendered":"<p><!-- AUTHOR --><\/p>\n<div class=\"voc-author-timesocial \">\n<!-- AUTHOR --><\/p>\n<div class=\"voc-author-timesocial__signature \">\n<!-- IMAGE AUTHOR -->\n<picture class=\"voc-image-signature\">\n<img class=\"voc-image-signature__img\" src=\"http:\/\/hoycordobaweb.com\/wp-content\/uploads\/2025\/09\/los-mejores-desfiles-de-la-semana-de-la-moda-de-milan-de-la-tendencia-sport-chic-de-fendi-al-futurismo-interactivo-de-diesel.jpg\" alt=\"Diego Rueda\">\n<\/picture>\n<!-- INFO AUTHOR --><\/p>\n<div class=\"voc-author-timesocial__info\" data-mrf-recirculation=\"Autor\">\n<div class=\"voc-author-info\">\n<author><br \/>\n<a class=\"voc-author\" href=\"https:\/\/www.mujerhoy.com\/autor\/diego-rueda-5068.html\">Diego Rueda<\/a><br \/>\n<\/author><br \/>\n<!-- TIME --><br \/>\n<time datetime=\"2025-09-24T14:16:51Z\" data-timestamp><br \/>\nPublicado \u00b7 <span data-voc-date-modified-short> 24 de septiembre de 2025, 16:16 h <\/span><br \/>\n<\/time>\n<\/div>\n<\/div>\n<\/div><\/div>\n<p><!-- COMPONENTS --><\/p>\n<p class=\"voc-paragraph\">El juego de tronos de la moda ha llegado a la Semana de la Moda de Mil\u00e1n para presentar las colecciones primavera-verano 2026. <a href=\"https:\/\/www.mujerhoy.com\/actualidad\/demna-gvasalia-nuevo-director-creativo-gucci-20250313195717-nt.html\" data-voc-vtm-id=\"in-text-traffic\" title=\"Denma para Gucci\" data-mrf-link=\"www.mujerhoy.com\">Denma para Gucci<\/a>, Simone Bellotti para Jil Sander y Louise Trotter para Bottega Veneta. Sin embargo, Versace, bajo la <a href=\"https:\/\/www.mujerhoy.com\/actualidad\/donatella-versace-deja-directora-creativa-dario-vitale-sucesor-20250313165747-nt.html\" data-voc-vtm-id=\"in-text-traffic\" title=\"direcci\u00f3n creativa de Dario Vitale\" data-mrf-link=\"www.mujerhoy.com\">direcci\u00f3n creativa de Dario Vitale<\/a>, abandonar\u00e1 en su debut las pasarelas para apostar por una presentaci\u00f3n \u00edntima. Inusual, \u00bfverdad?<\/p>\n<p class=\"voc-paragraph\">Y es que no podemos olvidar que septiembre es el mes de la moda por excelencia, uno de los m\u00e1s importantes del calendario. Lo hemos comprobado en nuestros eventos nacionales, desde el inicio de <a href=\"https:\/\/www.mujerhoy.com\/moda\/pasarelas\/madrid-es-moda-desfile-inaugural-jardines-plaza-oriente-decimo-aniversario-artesania-20250914113503-nt.html\" data-voc-vtm-id=\"in-text-traffic\" title=\"Madrid es Moda con su desfile inagurual\" data-mrf-link=\"www.mujerhoy.com\">Madrid es Moda con su desfile inagurual<\/a> en los jardines de la Plaza de Oriente, frente al Teatro Real, hasta las diferentes presentaciones dentro del marco de <a href=\"https:\/\/www.mujerhoy.com\/moda\/pasarelas\/mercedes-benz-fashion-week-madrid-mejores-desfiles-looks-simorra-adolfo-dominguez-20250919145405-nt.html\" data-voc-vtm-id=\"in-text-traffic\" title=\"Mercedes-Benz Fashion Week Madrid\" data-mrf-link=\"www.mujerhoy.com\">Mercedes-Benz Fashion Week Madrid<\/a>.<\/p>\n<div class=\"v-c-cmp v-c-cmp--t1 \">\n<div class=\"v-cmp-rld v-cmp-rld--2 \">\n<div class=\"v-cnt-m v-cnt-m--m\">\n<div class=\"v-cnt-m__c\">\n<div class=\"v-cnt-m__w v-cnt-m__w--1\">\n<p class=\"v-cnt-m__t\">\nTAMBI\u00c9N TE INTERESA\n<\/p>\n<\/div>\n<\/div>\n<\/div>\n<div class=\"v-g v-g--2-c v-g--bdr-min-xs\">\n<div class=\"v-g__c \">\n<article class=\"v-a v-a--cmp-rld v-a--cmp-rld-2 v-a--p-l\">\n<div class=\"v-a-img-c\">\n<figure class=\"v-a-fig\">\n<a href=\"https:\/\/www.mujerhoy.com\/lujo-slow\/homenajes-carolina-herrera-artesania-espanola-desfile-madrid-noticias-lujo-20250919135644-nt.html#vtm_modulosEngag=mod-rel:moda:noticia:1:cmp:2-not\" class=\"v-a-link\" title=\"Todos los homenajes de Carolina Herrera a la artesan\u00eda espa\u00f1ola en su desfile en Madrid y otras noticias que debes conocer\"><br \/>\n<img loading=\"lazy\" class=\"v-a-img\" src=\"http:\/\/hoycordobaweb.com\/wp-content\/uploads\/2025\/09\/los-mejores-desfiles-de-la-semana-de-la-moda-de-milan-de-la-tendencia-sport-chic-de-fendi-al-futurismo-interactivo-de-diesel-1.jpg\" alt=\"Todos los homenajes de Carolina Herrera a la artesan\u00eda espa\u00f1ola en su desfile en Madrid y otras noticias que debes conocer\"><br \/>\n<\/a><br \/>\n<\/figure>\n<\/div>\n<\/article>\n<\/div>\n<div class=\"v-g__c \">\n<article class=\"v-a v-a--cmp-rld v-a--cmp-rld-2 v-a--p-l\">\n<div class=\"v-a-img-c\">\n<figure class=\"v-a-fig\">\n<a href=\"https:\/\/www.mujerhoy.com\/moda\/pasarelas\/madrid-es-moda-cuarta-jornada-simof-traje-flamenca-dandismo-teresa-helbig-20250917011159-nt.html#vtm_modulosEngag=mod-rel:moda:noticia:2:cmp:2-not\" class=\"v-a-link\" title=\"Del romanticismo dandi de Teresa Helbig a la reinvenci\u00f3n del traje de flamenca de SIMOF: as\u00ed fue la cuarta jornada de Madrid es Moda\"><br \/>\n<img loading=\"lazy\" class=\"v-a-img\" src=\"http:\/\/hoycordobaweb.com\/wp-content\/uploads\/2025\/09\/los-mejores-desfiles-de-la-semana-de-la-moda-de-milan-de-la-tendencia-sport-chic-de-fendi-al-futurismo-interactivo-de-diesel-2.jpg\" alt=\"Del romanticismo dandi de Teresa Helbig a la reinvenci\u00f3n del traje de flamenca de SIMOF: as\u00ed fue la cuarta jornada de Madrid es Moda\"><br \/>\n<\/a><br \/>\n<\/figure>\n<\/div>\n<\/article>\n<\/div>\n<\/div>\n<\/div>\n<\/div>\n<p class=\"voc-paragraph\">Pero no solo las nuevas incorporaciones son motivo de entusiasmo para cualquier editor de moda; tambi\u00e9n estar\u00e1n presentes grandes habituales como <strong>Diesel, Max Mara, Boss, Prada, Dolce &amp; Gabbana o Roberto Cavalli<\/strong>, entre otros. Adem\u00e1s, se rendir\u00e1 homenaje al <a href=\"https:\/\/www.mujerhoy.com\/actualidad\/muere-giorgio-armani-91-anos-disenador-italiano-rey-elegancia-20250904153045-nt.html\" data-voc-vtm-id=\"in-text-traffic\" title=\"reci\u00e9n fallecido Giorgio Armani\" data-mrf-link=\"www.mujerhoy.com\">reci\u00e9n fallecido Giorgio Armani<\/a>, una p\u00e9rdida que la industria ha llorado durante todo este mes, sobre todo por el inmenso legado que dej\u00f3 el maestro italiano.<\/p>\n<p class=\"voc-paragraph\">Por este motivo, aqu\u00ed encontrar\u00e1s una <strong>selecci\u00f3n de los looks m\u00e1s destacados<\/strong> que han desfilado en la Semana de la Moda de Mil\u00e1n y que marcar\u00e1n las tendencias de la pr\u00f3xima temporada estival. \u00a1No te lo pierdas!<\/p>\n<div class=\"v-c-cmp \">\n<div class=\"v-cmp-m v-cmp-m--t1\">\n<article class=\"v-a v-a--cmp-m v-c-cmp--m-p\">\n<div class=\"v-a-img-c v-a-img-c--fw-xs\">\n<div class=\"v-a-fig\">\n<div class=\"v-a-link\">\n<img loading=\"lazy\" src=\"http:\/\/hoycordobaweb.com\/wp-content\/uploads\/2025\/09\/los-mejores-desfiles-de-la-semana-de-la-moda-de-milan-de-la-tendencia-sport-chic-de-fendi-al-futurismo-interactivo-de-diesel-3.jpg\" class=\"v-a-img\" width=\"650\" height=\"975\" alt=\"Fendi.\" data-voc-vtm-id=\"in-text-traffic\">\n<\/div><figcaption class=\"v-fc\">\n<span class=\"v-fc__t\"><br \/>\nFendi.<br \/>\n<\/span><br \/>\n<span class=\"v-fc__p\"><br \/>\nLaunchmetrics Spotlight<br \/>\n<\/span><br \/>\n<\/figcaption><\/div>\n<\/div>\n<\/article>\n<\/div>\n<\/div>\n<p><h3 class=\"v-cmp-suh\">\nLos mejores looks de la Semana de la Moda de Mil\u00e1n: Fendi<br \/>\n<\/h3>\n<\/p>\n<p class=\"voc-paragraph\">El tejido t\u00e9cnico ha sido el m\u00e1s utilizado para la nueva colecci\u00f3n de Silvia Venturini, sobre todo en blazers, vestidos y parkas. <\/p>\n<div class=\"v-c-cmp \">\n<div class=\"v-cmp-m v-cmp-m--t1\">\n<article class=\"v-a v-a--cmp-m v-c-cmp--m-p\">\n<div class=\"v-a-img-c v-a-img-c--fw-xs\">\n<div class=\"v-a-fig\">\n<div class=\"v-a-link\">\n<img loading=\"lazy\" src=\"http:\/\/hoycordobaweb.com\/wp-content\/uploads\/2025\/09\/los-mejores-desfiles-de-la-semana-de-la-moda-de-milan-de-la-tendencia-sport-chic-de-fendi-al-futurismo-interactivo-de-diesel-4.jpg\" class=\"v-a-img\" width=\"650\" height=\"975\" alt=\"Fendi.\" data-voc-vtm-id=\"in-text-traffic\">\n<\/div><figcaption class=\"v-fc\">\n<span class=\"v-fc__t\"><br \/>\nFendi.<br \/>\n<\/span><br \/>\n<span class=\"v-fc__p\"><br \/>\nLaunchmetrics Spotlight<br \/>\n<\/span><br \/>\n<\/figcaption><\/div>\n<\/div>\n<\/article>\n<\/div>\n<\/div>\n<p><h3 class=\"v-cmp-suh\">\nLos mejores looks de la Semana de la Moda de Mil\u00e1n: Fendi<br \/>\n<\/h3>\n<\/p>\n<p class=\"voc-paragraph\">El tejido t\u00e9cnico ha sido el m\u00e1s utilizado para la nueva colecci\u00f3n de Silvia Venturini, sobre todo en blazers, vestidos y parkas. <\/p>\n<div class=\"v-c-cmp \">\n<div class=\"v-cmp-m v-cmp-m--t1\">\n<article class=\"v-a v-a--cmp-m v-c-cmp--m-p\">\n<div class=\"v-a-img-c v-a-img-c--fw-xs\">\n<div class=\"v-a-fig\">\n<div class=\"v-a-link\">\n<img loading=\"lazy\" src=\"http:\/\/hoycordobaweb.com\/wp-content\/uploads\/2025\/09\/los-mejores-desfiles-de-la-semana-de-la-moda-de-milan-de-la-tendencia-sport-chic-de-fendi-al-futurismo-interactivo-de-diesel-5.jpg\" class=\"v-a-img\" width=\"650\" height=\"975\" alt=\"Fendi.\" data-voc-vtm-id=\"in-text-traffic\">\n<\/div><figcaption class=\"v-fc\">\n<span class=\"v-fc__t\"><br \/>\nFendi.<br \/>\n<\/span><br \/>\n<span class=\"v-fc__p\"><br \/>\nLaunchmetrics Spotlight<br \/>\n<\/span><br \/>\n<\/figcaption><\/div>\n<\/div>\n<\/article>\n<\/div>\n<\/div>\n<p><h3 class=\"v-cmp-suh\">\nLos mejores looks de la Semana de la Moda de Mil\u00e1n: Fendi<br \/>\n<\/h3>\n<\/p>\n<p class=\"voc-paragraph\">Los vestidos y los looks dos piezas compuestos por faldas y blusas han sido los m\u00e1s destacados, sobre todo, por su versatilidad y diferentes formatos. <\/p>\n<div class=\"v-c-cmp \">\n<div class=\"v-cmp-m v-cmp-m--t1\">\n<article class=\"v-a v-a--cmp-m v-c-cmp--m-p\">\n<div class=\"v-a-img-c v-a-img-c--fw-xs\">\n<div class=\"v-a-fig\">\n<div class=\"v-a-link\">\n<img loading=\"lazy\" src=\"http:\/\/hoycordobaweb.com\/wp-content\/uploads\/2025\/09\/los-mejores-desfiles-de-la-semana-de-la-moda-de-milan-de-la-tendencia-sport-chic-de-fendi-al-futurismo-interactivo-de-diesel-6.jpg\" class=\"v-a-img\" width=\"650\" height=\"975\" alt=\"Diesel.\" data-voc-vtm-id=\"in-text-traffic\">\n<\/div><figcaption class=\"v-fc\">\n<span class=\"v-fc__t\"><br \/>\nDiesel.<br \/>\n<\/span><br \/>\n<span class=\"v-fc__p\"><br \/>\nLaunchmetrics Spotlight<br \/>\n<\/span><br \/>\n<\/figcaption><\/div>\n<\/div>\n<\/article>\n<\/div>\n<\/div>\n<p><h3 class=\"v-cmp-suh\">\nLos mejores looks de la Semana de la Moda de Mil\u00e1n: Diesel<br \/>\n<\/h3>\n<\/p>\n<p class=\"voc-paragraph\">Glenn Martens, director creativo de Diesel se olvida de los desfiles de moda para crear una actividad interactiva por la ciudad italiana. <\/p>\n<div class=\"v-c-cmp \">\n<div class=\"v-cmp-m v-cmp-m--t1\">\n<article class=\"v-a v-a--cmp-m v-c-cmp--m-p\">\n<div class=\"v-a-img-c v-a-img-c--fw-xs\">\n<div class=\"v-a-fig\">\n<div class=\"v-a-link\">\n<img loading=\"lazy\" src=\"http:\/\/hoycordobaweb.com\/wp-content\/uploads\/2025\/09\/los-mejores-desfiles-de-la-semana-de-la-moda-de-milan-de-la-tendencia-sport-chic-de-fendi-al-futurismo-interactivo-de-diesel-7.jpg\" class=\"v-a-img\" width=\"650\" height=\"975\" alt=\"Diesel.\" data-voc-vtm-id=\"in-text-traffic\">\n<\/div><figcaption class=\"v-fc\">\n<span class=\"v-fc__t\"><br \/>\nDiesel.<br \/>\n<\/span><br \/>\n<span class=\"v-fc__p\"><br \/>\nLaunchmetrics Spotlight<br \/>\n<\/span><br \/>\n<\/figcaption><\/div>\n<\/div>\n<\/article>\n<\/div>\n<\/div>\n<p class=\"voc-paragraph\">Los diferentes dise\u00f1os han sido expuestos en \u00abhuevos transparentes\u00bb donde se puede apreciar la nueva temporada primavera-verano 2026. <\/p>\n<p><h3 class=\"v-cmp-suh\">\nLos mejores looks de la Semana de la Moda de Mil\u00e1n: Diesel<br \/>\n<\/h3>\n<\/p>\n<p class=\"voc-paragraph\">Los diferentes dise\u00f1os han sido expuestos en \u00abhuevos transparentes\u00bb donde se puede apreciar la nueva temporada primavera-verano 2026. <\/p>\n<div class=\"v-c-cmp \">\n<div class=\"v-cmp-m v-cmp-m--t1\">\n<article class=\"v-a v-a--cmp-m v-c-cmp--m-p\">\n<div class=\"v-a-img-c v-a-img-c--fw-xs\">\n<div class=\"v-a-fig\">\n<div class=\"v-a-link\">\n<img loading=\"lazy\" src=\"http:\/\/hoycordobaweb.com\/wp-content\/uploads\/2025\/09\/los-mejores-desfiles-de-la-semana-de-la-moda-de-milan-de-la-tendencia-sport-chic-de-fendi-al-futurismo-interactivo-de-diesel-8.jpg\" class=\"v-a-img\" width=\"650\" height=\"975\" alt=\"Diesel.\" data-voc-vtm-id=\"in-text-traffic\">\n<\/div><figcaption class=\"v-fc\">\n<span class=\"v-fc__t\"><br \/>\nDiesel.<br \/>\n<\/span><br \/>\n<span class=\"v-fc__p\"><br \/>\nLaunchmetrics Spotlight<br \/>\n<\/span><br \/>\n<\/figcaption><\/div>\n<\/div>\n<\/article>\n<\/div>\n<\/div>\n<p><h3 class=\"v-cmp-suh\">\nLos mejores looks de la Semana de la Moda de Mil\u00e1n: Diesel<br \/>\n<\/h3>\n<\/p>\n<p class=\"voc-paragraph\">Cada look realza el universo de Diesel, pero en esta ocasi\u00f3n en clave futurista y un tanto provocadora, una estrategia para acercar la firma a un p\u00fablico m\u00e1s juvenil. <\/p>\n<p class=\"voc-paragraph\">Pero esto no es el final. La <a href=\"https:\/\/www.mujerhoy.com\/temas\/eventos\/semana-de-la-moda-de-paris.html\" data-voc-vtm-id=\"in-text-traffic\" title=\"Semana de la Moda de Par\u00eds\" data-mrf-link=\"www.mujerhoy.com\">Semana de la Moda de Par\u00eds<\/a> est\u00e1 a la vuelta de la esquina y se celebrar\u00e1 del 29 de septiembre al 7 de octubre. Tambi\u00e9n traer\u00e1 grandes debuts, como el de Pierpaolo Piccioli en Balenciaga, <a href=\"https:\/\/www.mujerhoy.com\/lujo-slow\/chanel-nombra-matthiew-blazy-director-creativo-bottega-veneta-noticias-disenadores-lujo-20241215174453-nt.html\" data-voc-vtm-id=\"in-text-traffic\" title=\"Matthieu Blazy en Chanel\" data-mrf-link=\"www.mujerhoy.com\">Matthieu Blazy en Chanel<\/a> y Miguel Castro Freitas en Mugler. Sin duda, la industria de la moda atraviesa uno de sus momentos de cambio m\u00e1s importantes en los \u00faltimos a\u00f1os.<\/p>\n<div class=\"v-c-cmp v-c-cmp--t1 \">\n<div class=\"v-cmp-rld v-cmp-rld--2 \">\n<div class=\"v-cnt-m v-cnt-m--m\">\n<div class=\"v-cnt-m__c\">\n<div class=\"v-cnt-m__w v-cnt-m__w--1\">\n<p class=\"v-cnt-m__t\">\nTAMBI\u00c9N TE INTERESA\n<\/p>\n<\/div>\n<\/div>\n<\/div>\n<div class=\"v-g v-g--2-c v-g--bdr-min-xs\">\n<div class=\"v-g__c \">\n<article class=\"v-a v-a--cmp-rld v-a--cmp-rld-2 v-a--p-l\">\n<div class=\"v-a-img-c\">\n<figure class=\"v-a-fig\">\n<a href=\"https:\/\/www.mujerhoy.com\/moda\/pasarelas\/mejores-looks-desfile-desigual-presentado-linea-premium-20250911164732-nt.html#vtm_modulosEngag=mod-rel:moda:noticia:1:cmp:2-not\" class=\"v-a-link\" title=\"Los mejores looks del desfile con el que Desigual ha presentado su l\u00ednea premium en Barcelona\"><br \/>\n<img loading=\"lazy\" class=\"v-a-img\" src=\"http:\/\/hoycordobaweb.com\/wp-content\/uploads\/2025\/09\/los-mejores-desfiles-de-la-semana-de-la-moda-de-milan-de-la-tendencia-sport-chic-de-fendi-al-futurismo-interactivo-de-diesel-9.jpg\" alt=\"Los mejores looks del desfile con el que Desigual ha presentado su l\u00ednea premium en Barcelona\"><br \/>\n<\/a><br \/>\n<\/figure>\n<\/div>\n<\/article>\n<\/div>\n<div class=\"v-g__c \">\n<article class=\"v-a v-a--cmp-rld v-a--cmp-rld-2 v-a--p-l\">\n<div class=\"v-a-img-c\">\n<figure class=\"v-a-fig\">\n<a href=\"https:\/\/www.mujerhoy.com\/moda\/pasarelas\/carolina-herrera-desfile-plaza-mayor-madrid-edad-oro-movida-celebrities-vittoria-ceretti-20250918220658-nt.html#vtm_modulosEngag=mod-rel:moda:noticia:2:cmp:2-not\" class=\"v-a-link\" title=\"As\u00ed ha sido el espectacular desfile de Carolina Herrera en la Plaza Mayor entre el Siglo de Oro y la Movida madrile\u00f1a\"><br \/>\n<img loading=\"lazy\" class=\"v-a-img\" src=\"http:\/\/hoycordobaweb.com\/wp-content\/uploads\/2025\/09\/los-mejores-desfiles-de-la-semana-de-la-moda-de-milan-de-la-tendencia-sport-chic-de-fendi-al-futurismo-interactivo-de-diesel-10.jpg\" alt=\"As\u00ed ha sido el espectacular desfile de Carolina Herrera en la Plaza Mayor entre el Siglo de Oro y la Movida madrile\u00f1a\"><br \/>\n<\/a><br \/>\n<\/figure>\n<\/div>\n<\/article>\n<\/div>\n<\/div>\n<\/div>\n<\/div>\n<div class=\"media_block\"><\/div>\n","protected":false},"excerpt":{"rendered":"<p>Diego Rueda Publicado \u00b7 24 de septiembre de 2025, 16:16 h El juego de tronos de la moda ha llegado a la Semana de la Moda de Mil\u00e1n para presentar las colecciones primavera-verano 2026. Denma para Gucci, Simone Bellotti para Jil Sander y Louise Trotter para Bottega Veneta. Sin embargo, Versace, bajo la direcci\u00f3n creativa [&hellip;]<\/p>\n","protected":false},"author":1,"featured_media":117944,"comment_status":"closed","ping_status":"closed","sticky":false,"template":"","format":"standard","meta":[],"categories":[],"tags":[],"_links":{"self":[{"href":"http:\/\/hoycordobaweb.com\/index.php\/wp-json\/wp\/v2\/posts\/117943"}],"collection":[{"href":"http:\/\/hoycordobaweb.com\/index.php\/wp-json\/wp\/v2\/posts"}],"about":[{"href":"http:\/\/hoycordobaweb.com\/index.php\/wp-json\/wp\/v2\/types\/post"}],"author":[{"embeddable":true,"href":"http:\/\/hoycordobaweb.com\/index.php\/wp-json\/wp\/v2\/users\/1"}],"replies":[{"embeddable":true,"href":"http:\/\/hoycordobaweb.com\/index.php\/wp-json\/wp\/v2\/comments?post=117943"}],"version-history":[{"count":0,"href":"http:\/\/hoycordobaweb.com\/index.php\/wp-json\/wp\/v2\/posts\/117943\/revisions"}],"wp:featuredmedia":[{"embeddable":true,"href":"http:\/\/hoycordobaweb.com\/index.php\/wp-json\/wp\/v2\/media\/117944"}],"wp:attachment":[{"href":"http:\/\/hoycordobaweb.com\/index.php\/wp-json\/wp\/v2\/media?parent=117943"}],"wp:term":[{"taxonomy":"category","embeddable":true,"href":"http:\/\/hoycordobaweb.com\/index.php\/wp-json\/wp\/v2\/categories?post=117943"},{"taxonomy":"post_tag","embeddable":true,"href":"http:\/\/hoycordobaweb.com\/index.php\/wp-json\/wp\/v2\/tags?post=117943"}],"curies":[{"name":"wp","href":"https:\/\/api.w.org\/{rel}","templated":true}]}}